{"id":56155,"date":"2021-09-21T06:28:59","date_gmt":"2021-09-21T06:28:59","guid":{"rendered":"https:\/\/gazetaregionalna.com\/?p=56155"},"modified":"2021-09-21T06:29:01","modified_gmt":"2021-09-21T06:29:01","slug":"czestochowska-prokuratura-umorzyla-sledztwo-w-sprawie-17-latka-ktory-spadl-z-slupa-energetycznego","status":"publish","type":"post","link":"https:\/\/gazetaregionalna.com\/?p=56155","title":{"rendered":"Cz\u0119stochowska prokuratura umorzy\u0142a \u015bledztwo w sprawie 17-latka, kt\u00f3ry spad\u0142 z s\u0142upa energetycznego"},"content":{"rendered":"\n<h2 class=\"wp-block-heading\">Nie b\u0119dzie \u015bledztwa w sprawie 17-latka, kt\u00f3ry spad\u0142 z s\u0142upa energetycznego. Do tragedii dosz\u0142o w czerwcu tego roku.<\/h2>\n\n\n\n<p>Nastolatek wspi\u0105\u0142 si\u0119 w miejscowo\u015bci Rybna wspi\u0105\u0142 si\u0119 na s\u0142up \u015bredniego napi\u0119cia, a nast\u0119pnie chwyci\u0142 r\u0119k\u0105 za przew\u00f3d energetyczny i spad\u0142 na ziemi\u0119. Wezwane na miejsce pogotowie ratunkowe przetransportowa\u0142o pokrzywdzonego do Wojew\u00f3dzkiego Szpitala Specjalistycznego w Cz\u0119stochowie, gdzie zmar\u0142 nast\u0119pnego dnia.<\/p>\n\n\n\n<p>&#8211; W toku post\u0119powania ustalono, \u017ce 5 czerwca 2021 roku 17-latek uczestniczy\u0142 w imprezie, zorganizowanej z okazji 18-tych urodzin znajomego, kt\u00f3ra odbywa\u0142a si\u0119 w Rybnej ko\u0142o Cz\u0119stochowy \u2013 informuje prokurator Tomasz Ozimek, rzecznik prasowy cz\u0119stochowskiej prokuratury. &#8211; Oko\u0142o godziny 22 ch\u0142opiec opu\u015bci\u0142 sal\u0119 i w towarzystwie kolegi uda\u0142 si\u0119 na spacer. Z zezna\u0144 przes\u0142uchanych w \u015bledztwie \u015bwiadk\u00f3w wynika, \u017ce w pewnym momencie pokrzywdzony wspi\u0105\u0142 si\u0119 na s\u0142up energetyczny linii \u015bredniego napi\u0119cia. Po wspi\u0119ciu si\u0119 na wysoko\u015b\u0107 kilkunastu metr\u00f3w chwyci\u0142 r\u0119k\u0105 przew\u00f3d energetyczny i nast\u0119pnie spad\u0142 na pod\u0142o\u017ce.<\/p>\n\n\n\n<p>Sekcja zw\u0142ok nastolatka wskaza\u0142a, \u017ce przyczyn\u0105 zgonu ch\u0142opaka by\u0142 uraz wielonarz\u0105dowy, powsta\u0142y na skutek upadku z wysoko\u015bci. W wyniku bada\u0144 toksykologicznych stwierdzono natomiast, \u017ce w chwili zdarzenia ch\u0142opiec znajdowa\u0142 si\u0119 w stanie nietrze\u017awo\u015bci.<\/p>\n\n\n\n<p>&#8211; Z zebranych dowod\u00f3w wynika ponadto, \u017ce pomi\u0119dzy 17-latkiem a pozosta\u0142ymi uczestnikami przyj\u0119cia nie dosz\u0142o przed zdarzeniem do jakichkolwiek nieporozumie\u0144 \u2013 poda\u0142a w komunikacie cz\u0119stochowska prokuratura. &#8211; Nie stwierdzono tak\u017ce, aby ktokolwiek nak\u0142ania\u0142 pokrzywdzonego do wspinania si\u0119 na s\u0142up energetyczny.<\/p>\n\n\n\n<p>Wszystkie ustalone okoliczno\u015bci tragedii wskazywa\u0142y, \u017ce przyczyn\u0105 \u015bmierci 17-latka by\u0142 nieszcz\u0119\u015bliwy wypadek, zaistnia\u0142y na skutek jego zachowania, a nie dzia\u0142anie lub zaniechanie os\u00f3b trzecich. W zwi\u0105zku z tym prokurator umorzy\u0142 \u015bledztwo wobec braku znamion przest\u0119pstwa.<\/p>\n","protected":false},"excerpt":{"rendered":"<p>Nie b\u0119dzie \u015bledztwa w sprawie 17-latka, kt\u00f3ry spad\u0142 z s\u0142upa energetycznego. Do tragedii dosz\u0142o w czerwcu tego roku. Nastolatek wspi\u0105\u0142 si\u0119 w miejscowo\u015bci Rybna<\/p>\n","protected":false},"author":7,"featured_media":56159,"comment_status":"open","ping_status":"open","sticky":false,"template":"","format":"standard","meta":{"_monsterinsights_skip_tracking":false,"_monsterinsights_sitenote_active":false,"_monsterinsights_sitenote_note":"","_monsterinsights_sitenote_category":0,"_uf_show_specific_survey":0,"_uf_disable_surveys":false,"footnotes":""},"categories":[94,3,4,2],"tags":[],"class_list":["post-56155","post","type-post","status-publish","format-standard","has-post-thumbnail","hentry","category-polecane","category-czestochowa-informacje","category-region","category-wiadomosci"],"_links":{"self":[{"href":"https:\/\/gazetaregionalna.com\/index.php?rest_route=\/wp\/v2\/posts\/56155","targetHints":{"allow":["GET"]}}],"collection":[{"href":"https:\/\/gazetaregionalna.com\/index.php?rest_route=\/wp\/v2\/posts"}],"about":[{"href":"https:\/\/gazetaregionalna.com\/index.php?rest_route=\/wp\/v2\/types\/post"}],"author":[{"embeddable":true,"href":"https:\/\/gazetaregionalna.com\/index.php?rest_route=\/wp\/v2\/users\/7"}],"replies":[{"embeddable":true,"href":"https:\/\/gazetaregionalna.com\/index.php?rest_route=%2Fwp%2Fv2%2Fcomments&post=56155"}],"version-history":[{"count":2,"href":"https:\/\/gazetaregionalna.com\/index.php?rest_route=\/wp\/v2\/posts\/56155\/revisions"}],"predecessor-version":[{"id":56158,"href":"https:\/\/gazetaregionalna.com\/index.php?rest_route=\/wp\/v2\/posts\/56155\/revisions\/56158"}],"wp:featuredmedia":[{"embeddable":true,"href":"https:\/\/gazetaregionalna.com\/index.php?rest_route=\/wp\/v2\/media\/56159"}],"wp:attachment":[{"href":"https:\/\/gazetaregionalna.com\/index.php?rest_route=%2Fwp%2Fv2%2Fmedia&parent=56155"}],"wp:term":[{"taxonomy":"category","embeddable":true,"href":"https:\/\/gazetaregionalna.com\/index.php?rest_route=%2Fwp%2Fv2%2Fcategories&post=56155"},{"taxonomy":"post_tag","embeddable":true,"href":"https:\/\/gazetaregionalna.com\/index.php?rest_route=%2Fwp%2Fv2%2Ftags&post=56155"}],"curies":[{"name":"wp","href":"https:\/\/api.w.org\/{rel}","templated":true}]}}