{"id":56126,"date":"2021-09-20T20:13:07","date_gmt":"2021-09-20T20:13:07","guid":{"rendered":"https:\/\/gazetaregionalna.com\/?p=56126"},"modified":"2021-09-20T20:13:09","modified_gmt":"2021-09-20T20:13:09","slug":"skra-wygrala-w-gdyni-z-arka","status":"publish","type":"post","link":"https:\/\/gazetaregionalna.com\/?p=56126","title":{"rendered":"Skra wygra\u0142a w Gdyni z Ark\u0105!"},"content":{"rendered":"\n<p>Pi\u0142karze Skry Cz\u0119stochowa jako gospodarze grali w poniedzia\u0142ek w Gdyni z Ark\u0105. I wygrali 2:1!<\/p>\n\n\n\n<p>Pi\u0142karze Skry maj\u0105 ju\u017c za sob\u0105 8 rozegranych mecz\u00f3w w Fortuna 1 Lidze. Jak na beniaminka, cz\u0119stochowianie radz\u0105 sobie dobrze. W poniedzia\u0142ek odnie\u015bli swoje 3 zwyci\u0119stwo. Trzeba zaznaczy\u0107, \u017ce wszystkiej 8 spotka\u0144 Skra rozegra\u0142a na wyjazdach.<\/p>\n\n\n\n<p>W poniedzia\u0142kowym meczu w Gdyni gospodarzem oficjalnie by\u0142a Skra, ale to Arka zagra\u0142a na swoim stadionie i przed swoimi kibicami. Faworytem spotkania by\u0142 finalista Pucharu Polski, ale to cz\u0119stochowianie sprawili mi\u0142\u0105 niespodziank\u0119. Skra po golach Szymona Szyma\u0144skiego (20. minuta) i Kamil Wojtyra (77. minuta). W 83. minucie starty dla Arki zmniejszy\u0142 Karol Czubak, ale by\u0142a to ostatnia bramka w meczu.<\/p>\n\n\n\n<p>Skra wywioz\u0142a z Gdyni 3 zwyci\u0119stwo. Cz\u0119stochowianie w 8 meczach wywalczyli 11 punkt\u00f3w i zajmuj\u0105 11. pozycj\u0119.<\/p>\n\n\n\n<p>W kolejnym spotkaniu Skra zagra 24 wrze\u015bnia w \u0141odzi z Widzewem.<\/p>\n\n\n\n<p><strong>Arka Gdynia &#8211; Skra Cz\u0119stochowa 1:2 (0:1)<\/strong><\/p>\n\n\n\n<p>AK<\/p>\n\n\n\n<p>Foto: AK<\/p>\n\n\n\n<figure class=\"wp-block-image size-large\"><img decoding=\"async\" width=\"838\" height=\"530\" data-src=\"https:\/\/gazetaregionalna.com\/wp-content\/uploads\/2021\/07\/Skra-6.jpg\" alt=\"\" class=\"wp-image-49347 lazyload\" data-srcset=\"https:\/\/gazetaregionalna.com\/wp-content\/uploads\/2021\/07\/Skra-6.jpg 838w, https:\/\/gazetaregionalna.com\/wp-content\/uploads\/2021\/07\/Skra-6-300x190.jpg 300w, https:\/\/gazetaregionalna.com\/wp-content\/uploads\/2021\/07\/Skra-6-768x486.jpg 768w, https:\/\/gazetaregionalna.com\/wp-content\/uploads\/2021\/07\/Skra-6-696x440.jpg 696w, https:\/\/gazetaregionalna.com\/wp-content\/uploads\/2021\/07\/Skra-6-664x420.jpg 664w\" data-sizes=\"(max-width: 838px) 100vw, 838px\" src=\"data:image\/svg+xml;base64,PHN2ZyB3aWR0aD0iMSIgaGVpZ2h0PSIxIiB4bWxucz0iaHR0cDovL3d3dy53My5vcmcvMjAwMC9zdmciPjwvc3ZnPg==\" style=\"--smush-placeholder-width: 838px; --smush-placeholder-aspect-ratio: 838\/530;\" \/><\/figure>\n","protected":false},"excerpt":{"rendered":"<p>Pi\u0142karze Skry Cz\u0119stochowa jako gospodarze grali w poniedzia\u0142ek w Gdyni z Ark\u0105. I wygrali 2:1! Pi\u0142karze Skry maj\u0105 ju\u017c za sob\u0105 8 rozegranych mecz\u00f3w<\/p>\n","protected":false},"author":15,"featured_media":49347,"comment_status":"open","ping_status":"open","sticky":false,"template":"","format":"standard","meta":{"_monsterinsights_skip_tracking":false,"_monsterinsights_sitenote_active":false,"_monsterinsights_sitenote_note":"","_monsterinsights_sitenote_category":0,"_uf_show_specific_survey":0,"_uf_disable_surveys":false,"footnotes":""},"categories":[5,6],"tags":[],"class_list":["post-56126","post","type-post","status-publish","format-standard","has-post-thumbnail","hentry","category-sport","category-pilka-nozna"],"_links":{"self":[{"href":"https:\/\/gazetaregionalna.com\/index.php?rest_route=\/wp\/v2\/posts\/56126","targetHints":{"allow":["GET"]}}],"collection":[{"href":"https:\/\/gazetaregionalna.com\/index.php?rest_route=\/wp\/v2\/posts"}],"about":[{"href":"https:\/\/gazetaregionalna.com\/index.php?rest_route=\/wp\/v2\/types\/post"}],"author":[{"embeddable":true,"href":"https:\/\/gazetaregionalna.com\/index.php?rest_route=\/wp\/v2\/users\/15"}],"replies":[{"embeddable":true,"href":"https:\/\/gazetaregionalna.com\/index.php?rest_route=%2Fwp%2Fv2%2Fcomments&post=56126"}],"version-history":[{"count":1,"href":"https:\/\/gazetaregionalna.com\/index.php?rest_route=\/wp\/v2\/posts\/56126\/revisions"}],"predecessor-version":[{"id":56127,"href":"https:\/\/gazetaregionalna.com\/index.php?rest_route=\/wp\/v2\/posts\/56126\/revisions\/56127"}],"wp:featuredmedia":[{"embeddable":true,"href":"https:\/\/gazetaregionalna.com\/index.php?rest_route=\/wp\/v2\/media\/49347"}],"wp:attachment":[{"href":"https:\/\/gazetaregionalna.com\/index.php?rest_route=%2Fwp%2Fv2%2Fmedia&parent=56126"}],"wp:term":[{"taxonomy":"category","embeddable":true,"href":"https:\/\/gazetaregionalna.com\/index.php?rest_route=%2Fwp%2Fv2%2Fcategories&post=56126"},{"taxonomy":"post_tag","embeddable":true,"href":"https:\/\/gazetaregionalna.com\/index.php?rest_route=%2Fwp%2Fv2%2Ftags&post=56126"}],"curies":[{"name":"wp","href":"https:\/\/api.w.org\/{rel}","templated":true}]}}