{"id":56051,"date":"2021-09-20T18:14:15","date_gmt":"2021-09-20T18:14:15","guid":{"rendered":"https:\/\/gazetaregionalna.com\/?p=56051"},"modified":"2021-09-20T18:14:16","modified_gmt":"2021-09-20T18:14:16","slug":"pogrzeb-ireneusza-kozery","status":"publish","type":"post","link":"https:\/\/gazetaregionalna.com\/?p=56051","title":{"rendered":"Pogrzeb Ireneusza Kozery odb\u0119dzie si\u0119 23 wrze\u015bnia na Cmentarzu Kule w Cz\u0119stochowie"},"content":{"rendered":"\n<h2 class=\"wp-block-heading\">18 wrze\u015bnia \u015bmierci\u0105 nieoczekiwan\u0105 zmar\u0142 Ireneusz Kozera, by\u0142y dyrektor Filharmonii Cz\u0119stochowskiej i zas\u0142u\u017cony animator \u015brodowiska kulturalnego. Jego pogrzeb odb\u0119dzie si\u0119 23 wrze\u015bnia na Cmentarzu Kule.<\/h2>\n\n\n\n<p>Jak ju\u017c z przykro\u015bci\u0105 <a href=\"https:\/\/gazetaregionalna.com\/nie-zyje-ireneusz-kozera\/\">informowali\u015bmy<\/a>, w wieku 68 lat zmar\u0142 Ireneusz Kozera, ceniony promotor kultury i inicjator wielu dzia\u0142a\u0144 artystycznych w naszym mie\u015bcie. <\/p>\n\n\n\n<p>Kozera by\u0142 Naczelnikiem Wydzia\u0142u Kultury i Sztuki Urz\u0119du Miasta Cz\u0119stochowy, a po reorganizacji Urz\u0119du pe\u0142ni\u0142 obowi\u0105zki, kolejno, Naczelnika Wydzia\u0142u Kultury i Promocji oraz Naczelnika Wydzia\u0142u Kultury, Promocji i Sportu (2011). Potem, do roku 2020 sprawowa\u0142 funkcj\u0119 dyrektora Filharmonii, a we wrze\u015bniu 2020 r. powierzono mu stanowisko zast\u0119pcy dyrektora. Jego dzia\u0142alno\u015b\u0107 doceniono r\u00f3\u017cnymi wyr\u00f3\u017cenieniami i odznaczeniami by\u0142 laureatem m.in. nagrody Marsza\u0142ka Wojew\u00f3dztwa \u015al\u0105skiego w dziedzinie upowszechniania i ochrony d\u00f3br kultury, honorowej odznaki \u201cZas\u0142u\u017cony dla Kultury Polskiej\u201d, Z\u0142otej Honorowej Odznaki za zas\u0142ugi dla Wojew\u00f3dztwa \u015al\u0105skiego oraz wyr\u00f3\u017cnienia \u201cPromotor Cz\u0119stochowy\u201d.<\/p>\n\n\n\n<p>Jego nag\u0142a i niespodziewana \u015bmier\u0107 18 wrze\u015bnia poruszy\u0142a ca\u0142e cz\u0119stochowskie \u015brodowisko kulturalne. Pogrzeb Ireneusza Kozery odb\u0119dzie si\u0119 w czwartek, 23 wrze\u015bnia na Cmentarzu Kule. Msza \u015bw. \u017ca\u0142obna rozpocznie si\u0119 o godz. 14 w tamtejszym ko\u015bciele. Po niej urna zostanie z\u0142o\u017cona do grobu.<\/p>\n\n\n\n<h4 class=\"wp-block-heading\">Koncert pami\u0119ci Ireneusza Kozery<\/h4>\n\n\n\n<figure class=\"wp-block-image size-large\"><img decoding=\"async\" width=\"731\" height=\"1024\" data-src=\"https:\/\/gazetaregionalna.com\/wp-content\/uploads\/2021\/09\/koncertKozera-731x1024.jpg\" alt=\"\" class=\"wp-image-56060 lazyload\" data-srcset=\"https:\/\/gazetaregionalna.com\/wp-content\/uploads\/2021\/09\/koncertKozera-731x1024.jpg 731w, https:\/\/gazetaregionalna.com\/wp-content\/uploads\/2021\/09\/koncertKozera-214x300.jpg 214w, https:\/\/gazetaregionalna.com\/wp-content\/uploads\/2021\/09\/koncertKozera-768x1076.jpg 768w, https:\/\/gazetaregionalna.com\/wp-content\/uploads\/2021\/09\/koncertKozera-1097x1536.jpg 1097w, https:\/\/gazetaregionalna.com\/wp-content\/uploads\/2021\/09\/koncertKozera-696x975.jpg 696w, https:\/\/gazetaregionalna.com\/wp-content\/uploads\/2021\/09\/koncertKozera-1068x1496.jpg 1068w, https:\/\/gazetaregionalna.com\/wp-content\/uploads\/2021\/09\/koncertKozera-300x420.jpg 300w, https:\/\/gazetaregionalna.com\/wp-content\/uploads\/2021\/09\/koncertKozera.jpg 1142w\" data-sizes=\"(max-width: 731px) 100vw, 731px\" src=\"data:image\/svg+xml;base64,PHN2ZyB3aWR0aD0iMSIgaGVpZ2h0PSIxIiB4bWxucz0iaHR0cDovL3d3dy53My5vcmcvMjAwMC9zdmciPjwvc3ZnPg==\" style=\"--smush-placeholder-width: 731px; --smush-placeholder-aspect-ratio: 731\/1024;\" \/><figcaption>&#8222;Koncert pami\u0119ci dyrektora Ireneusza Kozery&#8221; (mat. Filharmonii Cz\u0119stochowskiej)<\/figcaption><\/figure>\n\n\n\n<p>&#8222;Ci\u0105gle nie dowierzaj\u0105c w Jego odej\u015bcie&#8221; Filharmonia Cz\u0119stochowska organizuje koncert pami\u0119ci dyrektora Ireneusza Kozery. Wydarzenie odb\u0119dzie si\u0119 w pi\u0105tek, 24 wrze\u015bnia o godz. 19 w sali koncertowej im. Wojciecha Kilara. Koncermistrzami b\u0119d\u0105 Adam Klocek oraz Emanuel Salvador. Program koncertu utworz\u0105 Quartettsatz c moll w opr. na orkiestr\u0119 smyczkow\u0105\u00a0oraz Kwintet smyczkowy C dur op. 163 w opr. na orkiestr\u0119 smyczkow\u0105 Franciszka Schuberta. Bilety normalne kosztuj\u0105 45 z\u0142, ulgowe &#8211; 38 z\u0142. Mo\u017cna je zakupi\u0107 w kasie przy ul. Wilsona 16 oraz on-line. Szczeg\u00f3\u0142y:<a href=\"https:\/\/www.filharmonia.com.pl\/\" target=\"_blank\" rel=\"noopener\"> www.filharmonia.com.pl<\/a>.<\/p>\n\n\n\n<p><strong>Zuzanna Suliga<\/strong><\/p>\n","protected":false},"excerpt":{"rendered":"<p>18 wrze\u015bnia \u015bmierci\u0105 nieoczekiwan\u0105 zmar\u0142 Ireneusz Kozera, by\u0142y dyrektor Filharmonii Cz\u0119stochowskiej i zas\u0142u\u017cony animator \u015brodowiska kulturalnego. Jego pogrzeb odb\u0119dzie si\u0119 23 wrze\u015bnia na Cmentarzu<\/p>\n","protected":false},"author":18,"featured_media":55906,"comment_status":"open","ping_status":"open","sticky":false,"template":"","format":"standard","meta":{"_monsterinsights_skip_tracking":false,"_monsterinsights_sitenote_active":false,"_monsterinsights_sitenote_note":"","_monsterinsights_sitenote_category":0,"_uf_show_specific_survey":0,"_uf_disable_surveys":false,"footnotes":""},"categories":[94,3,2],"tags":[352,2950,1700],"class_list":["post-56051","post","type-post","status-publish","format-standard","has-post-thumbnail","hentry","category-polecane","category-czestochowa-informacje","category-wiadomosci","tag-filharmonia-czestochowska","tag-ireneusz-kozera","tag-pozegnanie"],"_links":{"self":[{"href":"https:\/\/gazetaregionalna.com\/index.php?rest_route=\/wp\/v2\/posts\/56051","targetHints":{"allow":["GET"]}}],"collection":[{"href":"https:\/\/gazetaregionalna.com\/index.php?rest_route=\/wp\/v2\/posts"}],"about":[{"href":"https:\/\/gazetaregionalna.com\/index.php?rest_route=\/wp\/v2\/types\/post"}],"author":[{"embeddable":true,"href":"https:\/\/gazetaregionalna.com\/index.php?rest_route=\/wp\/v2\/users\/18"}],"replies":[{"embeddable":true,"href":"https:\/\/gazetaregionalna.com\/index.php?rest_route=%2Fwp%2Fv2%2Fcomments&post=56051"}],"version-history":[{"count":9,"href":"https:\/\/gazetaregionalna.com\/index.php?rest_route=\/wp\/v2\/posts\/56051\/revisions"}],"predecessor-version":[{"id":56062,"href":"https:\/\/gazetaregionalna.com\/index.php?rest_route=\/wp\/v2\/posts\/56051\/revisions\/56062"}],"wp:featuredmedia":[{"embeddable":true,"href":"https:\/\/gazetaregionalna.com\/index.php?rest_route=\/wp\/v2\/media\/55906"}],"wp:attachment":[{"href":"https:\/\/gazetaregionalna.com\/index.php?rest_route=%2Fwp%2Fv2%2Fmedia&parent=56051"}],"wp:term":[{"taxonomy":"category","embeddable":true,"href":"https:\/\/gazetaregionalna.com\/index.php?rest_route=%2Fwp%2Fv2%2Fcategories&post=56051"},{"taxonomy":"post_tag","embeddable":true,"href":"https:\/\/gazetaregionalna.com\/index.php?rest_route=%2Fwp%2Fv2%2Ftags&post=56051"}],"curies":[{"name":"wp","href":"https:\/\/api.w.org\/{rel}","templated":true}]}}