{"id":55785,"date":"2021-09-18T15:06:40","date_gmt":"2021-09-18T15:06:40","guid":{"rendered":"https:\/\/gazetaregionalna.com\/?p=55785"},"modified":"2021-09-18T15:06:41","modified_gmt":"2021-09-18T15:06:41","slug":"hemarpol-norwid-2-w-memoriale-im-janusza-sikorskiego","status":"publish","type":"post","link":"https:\/\/gazetaregionalna.com\/?p=55785","title":{"rendered":"Hemarpol Norwid 2. w Memoriale im. Janusza Sikorskiego"},"content":{"rendered":"\n<p>Siatkarze Hemarpol Norwid Cz\u0119stochowa zaj\u0119li 2. miejsce podczas III Memoria\u0142u im. Janusza Sikorskiego. Wygrali juniorzy Akademii Talent\u00f3w Jastrz\u0119bski W\u0119giel.<\/p>\n\n\n\n<p>W pi\u0105tek w Cz\u0119stochowie rozpocz\u0105\u0142 si\u0119 III Memoria\u0142 im. Janusza Sikorskiego, wybitnego trenera i pedagoga Norwida. W pi\u0105tkowych p\u00f3\u0142fina\u0142ach AT Jastrz\u0119bski W\u0119giel wygra\u0142 ze Skr\u0105 Be\u0142chat\u00f3w, a Hemarpol Norwid pokona\u0142 MKS B\u0119dzin.<\/p>\n\n\n\n<p>W sobot\u0119 w meczu o 3. miejsce Skra pokona\u0142a 3:2 MKS B\u0119dzin. A w wielkim finale AT Jastrz\u0119bski W\u0119giel okaza\u0142a si\u0119 lepsza od gospodarzy i pokona\u0142a Hemarpol Norwid 3:1. <\/p>\n\n\n\n<p>III Memoria\u0142 wygrali siatkarze Akademii Talent\u00f3w Jastrz\u0119bski W\u0119giel, a Hemarpol Norwid zaj\u0105\u0142 2. miejsce. <\/p>\n\n\n\n<p>AK<\/p>\n\n\n\n<p>Foto: AK<\/p>\n\n\n\n<figure class=\"wp-block-image size-large\"><img decoding=\"async\" width=\"1024\" height=\"514\" data-src=\"https:\/\/gazetaregionalna.com\/wp-content\/uploads\/2021\/09\/3Memorial-3-1024x514.jpg\" alt=\"\" class=\"wp-image-55786 lazyload\" data-srcset=\"https:\/\/gazetaregionalna.com\/wp-content\/uploads\/2021\/09\/3Memorial-3-1024x514.jpg 1024w, https:\/\/gazetaregionalna.com\/wp-content\/uploads\/2021\/09\/3Memorial-3-300x151.jpg 300w, https:\/\/gazetaregionalna.com\/wp-content\/uploads\/2021\/09\/3Memorial-3-768x386.jpg 768w, https:\/\/gazetaregionalna.com\/wp-content\/uploads\/2021\/09\/3Memorial-3-1536x771.jpg 1536w, https:\/\/gazetaregionalna.com\/wp-content\/uploads\/2021\/09\/3Memorial-3-2048x1028.jpg 2048w, https:\/\/gazetaregionalna.com\/wp-content\/uploads\/2021\/09\/3Memorial-3-696x349.jpg 696w, https:\/\/gazetaregionalna.com\/wp-content\/uploads\/2021\/09\/3Memorial-3-1068x536.jpg 1068w, https:\/\/gazetaregionalna.com\/wp-content\/uploads\/2021\/09\/3Memorial-3-1920x964.jpg 1920w, https:\/\/gazetaregionalna.com\/wp-content\/uploads\/2021\/09\/3Memorial-3-837x420.jpg 837w, https:\/\/gazetaregionalna.com\/wp-content\/uploads\/2021\/09\/3Memorial-3-scaled.jpg 1600w\" data-sizes=\"(max-width: 1024px) 100vw, 1024px\" src=\"data:image\/svg+xml;base64,PHN2ZyB3aWR0aD0iMSIgaGVpZ2h0PSIxIiB4bWxucz0iaHR0cDovL3d3dy53My5vcmcvMjAwMC9zdmciPjwvc3ZnPg==\" style=\"--smush-placeholder-width: 1024px; --smush-placeholder-aspect-ratio: 1024\/514;\" \/><\/figure>\n\n\n\n<figure class=\"wp-block-image size-large\"><img decoding=\"async\" width=\"960\" height=\"443\" data-src=\"https:\/\/gazetaregionalna.com\/wp-content\/uploads\/2021\/09\/Hemarpol.jpg\" alt=\"\" class=\"wp-image-55732 lazyload\" data-srcset=\"https:\/\/gazetaregionalna.com\/wp-content\/uploads\/2021\/09\/Hemarpol.jpg 960w, https:\/\/gazetaregionalna.com\/wp-content\/uploads\/2021\/09\/Hemarpol-300x138.jpg 300w, https:\/\/gazetaregionalna.com\/wp-content\/uploads\/2021\/09\/Hemarpol-768x354.jpg 768w, https:\/\/gazetaregionalna.com\/wp-content\/uploads\/2021\/09\/Hemarpol-696x321.jpg 696w, https:\/\/gazetaregionalna.com\/wp-content\/uploads\/2021\/09\/Hemarpol-910x420.jpg 910w\" data-sizes=\"(max-width: 960px) 100vw, 960px\" src=\"data:image\/svg+xml;base64,PHN2ZyB3aWR0aD0iMSIgaGVpZ2h0PSIxIiB4bWxucz0iaHR0cDovL3d3dy53My5vcmcvMjAwMC9zdmciPjwvc3ZnPg==\" style=\"--smush-placeholder-width: 960px; --smush-placeholder-aspect-ratio: 960\/443;\" \/><\/figure>\n\n\n\n<figure class=\"wp-block-image size-large\"><img decoding=\"async\" width=\"960\" height=\"720\" data-src=\"https:\/\/gazetaregionalna.com\/wp-content\/uploads\/2021\/09\/ATJW.jpg\" alt=\"\" class=\"wp-image-55731 lazyload\" data-srcset=\"https:\/\/gazetaregionalna.com\/wp-content\/uploads\/2021\/09\/ATJW.jpg 960w, https:\/\/gazetaregionalna.com\/wp-content\/uploads\/2021\/09\/ATJW-300x225.jpg 300w, https:\/\/gazetaregionalna.com\/wp-content\/uploads\/2021\/09\/ATJW-768x576.jpg 768w, https:\/\/gazetaregionalna.com\/wp-content\/uploads\/2021\/09\/ATJW-696x522.jpg 696w, https:\/\/gazetaregionalna.com\/wp-content\/uploads\/2021\/09\/ATJW-560x420.jpg 560w, https:\/\/gazetaregionalna.com\/wp-content\/uploads\/2021\/09\/ATJW-80x60.jpg 80w, https:\/\/gazetaregionalna.com\/wp-content\/uploads\/2021\/09\/ATJW-265x198.jpg 265w\" data-sizes=\"(max-width: 960px) 100vw, 960px\" src=\"data:image\/svg+xml;base64,PHN2ZyB3aWR0aD0iMSIgaGVpZ2h0PSIxIiB4bWxucz0iaHR0cDovL3d3dy53My5vcmcvMjAwMC9zdmciPjwvc3ZnPg==\" style=\"--smush-placeholder-width: 960px; --smush-placeholder-aspect-ratio: 960\/720;\" \/><\/figure>\n\n\n\n<figure class=\"wp-block-image size-large\"><img decoding=\"async\" width=\"960\" height=\"443\" data-src=\"https:\/\/gazetaregionalna.com\/wp-content\/uploads\/2021\/09\/MKS.jpg\" alt=\"\" class=\"wp-image-55733 lazyload\" data-srcset=\"https:\/\/gazetaregionalna.com\/wp-content\/uploads\/2021\/09\/MKS.jpg 960w, https:\/\/gazetaregionalna.com\/wp-content\/uploads\/2021\/09\/MKS-300x138.jpg 300w, https:\/\/gazetaregionalna.com\/wp-content\/uploads\/2021\/09\/MKS-768x354.jpg 768w, https:\/\/gazetaregionalna.com\/wp-content\/uploads\/2021\/09\/MKS-696x321.jpg 696w, https:\/\/gazetaregionalna.com\/wp-content\/uploads\/2021\/09\/MKS-910x420.jpg 910w\" data-sizes=\"(max-width: 960px) 100vw, 960px\" src=\"data:image\/svg+xml;base64,PHN2ZyB3aWR0aD0iMSIgaGVpZ2h0PSIxIiB4bWxucz0iaHR0cDovL3d3dy53My5vcmcvMjAwMC9zdmciPjwvc3ZnPg==\" style=\"--smush-placeholder-width: 960px; --smush-placeholder-aspect-ratio: 960\/443;\" \/><\/figure>\n\n\n\n<figure class=\"wp-block-image size-large\"><img decoding=\"async\" width=\"960\" height=\"443\" data-src=\"https:\/\/gazetaregionalna.com\/wp-content\/uploads\/2021\/09\/SkraMemorial.jpg\" alt=\"\" class=\"wp-image-55734 lazyload\" data-srcset=\"https:\/\/gazetaregionalna.com\/wp-content\/uploads\/2021\/09\/SkraMemorial.jpg 960w, https:\/\/gazetaregionalna.com\/wp-content\/uploads\/2021\/09\/SkraMemorial-300x138.jpg 300w, https:\/\/gazetaregionalna.com\/wp-content\/uploads\/2021\/09\/SkraMemorial-768x354.jpg 768w, https:\/\/gazetaregionalna.com\/wp-content\/uploads\/2021\/09\/SkraMemorial-696x321.jpg 696w, https:\/\/gazetaregionalna.com\/wp-content\/uploads\/2021\/09\/SkraMemorial-910x420.jpg 910w\" data-sizes=\"(max-width: 960px) 100vw, 960px\" src=\"data:image\/svg+xml;base64,PHN2ZyB3aWR0aD0iMSIgaGVpZ2h0PSIxIiB4bWxucz0iaHR0cDovL3d3dy53My5vcmcvMjAwMC9zdmciPjwvc3ZnPg==\" style=\"--smush-placeholder-width: 960px; --smush-placeholder-aspect-ratio: 960\/443;\" \/><\/figure>\n","protected":false},"excerpt":{"rendered":"<p>Siatkarze Hemarpol Norwid Cz\u0119stochowa zaj\u0119li 2. miejsce podczas III Memoria\u0142u im. Janusza Sikorskiego. Wygrali juniorzy Akademii Talent\u00f3w Jastrz\u0119bski W\u0119giel. W pi\u0105tek w Cz\u0119stochowie rozpocz\u0105\u0142<\/p>\n","protected":false},"author":15,"featured_media":55786,"comment_status":"open","ping_status":"open","sticky":false,"template":"","format":"standard","meta":{"_monsterinsights_skip_tracking":false,"_monsterinsights_sitenote_active":false,"_monsterinsights_sitenote_note":"","_monsterinsights_sitenote_category":0,"_uf_show_specific_survey":0,"_uf_disable_surveys":false,"footnotes":""},"categories":[5,8],"tags":[],"class_list":["post-55785","post","type-post","status-publish","format-standard","has-post-thumbnail","hentry","category-sport","category-siatkowka"],"_links":{"self":[{"href":"https:\/\/gazetaregionalna.com\/index.php?rest_route=\/wp\/v2\/posts\/55785","targetHints":{"allow":["GET"]}}],"collection":[{"href":"https:\/\/gazetaregionalna.com\/index.php?rest_route=\/wp\/v2\/posts"}],"about":[{"href":"https:\/\/gazetaregionalna.com\/index.php?rest_route=\/wp\/v2\/types\/post"}],"author":[{"embeddable":true,"href":"https:\/\/gazetaregionalna.com\/index.php?rest_route=\/wp\/v2\/users\/15"}],"replies":[{"embeddable":true,"href":"https:\/\/gazetaregionalna.com\/index.php?rest_route=%2Fwp%2Fv2%2Fcomments&post=55785"}],"version-history":[{"count":1,"href":"https:\/\/gazetaregionalna.com\/index.php?rest_route=\/wp\/v2\/posts\/55785\/revisions"}],"predecessor-version":[{"id":55787,"href":"https:\/\/gazetaregionalna.com\/index.php?rest_route=\/wp\/v2\/posts\/55785\/revisions\/55787"}],"wp:featuredmedia":[{"embeddable":true,"href":"https:\/\/gazetaregionalna.com\/index.php?rest_route=\/wp\/v2\/media\/55786"}],"wp:attachment":[{"href":"https:\/\/gazetaregionalna.com\/index.php?rest_route=%2Fwp%2Fv2%2Fmedia&parent=55785"}],"wp:term":[{"taxonomy":"category","embeddable":true,"href":"https:\/\/gazetaregionalna.com\/index.php?rest_route=%2Fwp%2Fv2%2Fcategories&post=55785"},{"taxonomy":"post_tag","embeddable":true,"href":"https:\/\/gazetaregionalna.com\/index.php?rest_route=%2Fwp%2Fv2%2Ftags&post=55785"}],"curies":[{"name":"wp","href":"https:\/\/api.w.org\/{rel}","templated":true}]}}