{"id":5576,"date":"2019-08-22T12:16:13","date_gmt":"2019-08-22T12:16:13","guid":{"rendered":"https:\/\/gazetaregionalna.com\/?p=5576"},"modified":"2019-08-22T12:16:16","modified_gmt":"2019-08-22T12:16:16","slug":"sprawdz-czy-zdasz-egzamin-do-policji","status":"publish","type":"post","link":"https:\/\/gazetaregionalna.com\/?p=5576","title":{"rendered":"Sprawd\u017a, czy zdasz egzamin do policji"},"content":{"rendered":"\n<p><strong>Kolejny ju\u017c raz Komenda Wojew\u00f3dzka\nPolicji w Katowicach organizuje otwarte zaj\u0119cia dla wszystkich os\u00f3b\nzainteresowanych procesem rekrutacji do s\u0142u\u017cby w Policji. W \u015brod\u0119, 28 sierpnia\nw hali sportowej katowickiego oddzia\u0142u prewencji, wszystkie ch\u0119tne osoby b\u0119d\u0105\nmog\u0142y osobi\u015bcie sprawdzi\u0107, jakie wymagania stawiane s\u0105 kandydatom. Uczestnicy\nmaj\u0105 okazj\u0119 zmierzy\u0107 si\u0119 z testem sprawno\u015bci fizycznej oraz pozna\u0107, jak w\npraktyce wygl\u0105da rozmowa kwalifikacyjna do s\u0142u\u017cby w naszej formacji.\nZapraszamy!<\/strong><\/p>\n\n\n\n<p>Komenda Wojew\u00f3dzka Policji w Katowicach\nprowadzi dzia\u0142ania informacyjne, daj\u0105ce mo\u017cliwo\u015b\u0107 poznania specyfiki i\ncharakteru s\u0142u\u017cby w Policji oraz przebiegu post\u0119powania rekrutacyjnego. Projekt\npowsta\u0142 z my\u015bl\u0105 o potrzebach m\u0142odych ludzi &#8211; absolwent\u00f3w szk\u00f3\u0142 \u015brednich\nplanuj\u0105cych zwi\u0105za\u0107 swoj\u0105 drog\u0119 zawodow\u0105 z Policj\u0105, a tak\u017ce wszystkich osobach,\nkt\u00f3re chc\u0105 zasili\u0107 szeregi naszej formacji oraz sprawdzi\u0107, jak w praktyce\nwygl\u0105da rekrutacja do s\u0142u\u017cby. Podczas organizowanych przez katowick\u0105 komend\u0119\nwojew\u00f3dzk\u0105 zaj\u0119\u0107, zainteresowani maj\u0105 mo\u017cliwo\u015b\u0107 praktycznego poznania dw\u00f3ch\nistotnych etap\u00f3w post\u0119powania kwalifikacyjnego: testu sprawno\u015bci fizycznej oraz\nrozmowy kwalifikacyjnej. Spotkania s\u0105 tak\u017ce okazj\u0105 do uzyskania informacji\ndotycz\u0105cych rekrutacji do s\u0142u\u017cby, kryteri\u00f3w doboru i wymaganych dokument\u00f3w.<\/p>\n\n\n\n<p>Przyst\u0105pienie do testu sprawno\u015bci\nfizycznej pozwoli zainteresowanym na sprawdzenie swoich umiej\u0119tno\u015bci i kondycji\nfizycznej, ale tak\u017ce na zdiagnozowanie ewentualnych element\u00f3w wymagaj\u0105cych\npoprawy, co umo\u017cliwi w przysz\u0142o\u015bci pozytywne zaliczenie testu sprawno\u015bci\nfizycznej podczas formalnej procedury kwalifikacyjnej do s\u0142u\u017cby w Policji.\nNatomiast praktyczne wskaz\u00f3wki dotycz\u0105ce rozmowy kwalifikacyjnej przyczyni\u0105 si\u0119\ndo kszta\u0142towania umiej\u0119tno\u015bci optymalnego prezentowania\nsi\u0119&nbsp;kandydat\u00f3w&nbsp;w procesie rekrutacji.<\/p>\n\n\n\n<figure class=\"wp-block-image\"><img decoding=\"async\" width=\"768\" height=\"1024\" data-src=\"https:\/\/gazetaregionalna.com\/wp-content\/uploads\/2019\/08\/pol1-768x1024.jpg\" alt=\"\" class=\"wp-image-5578 lazyload\" data-srcset=\"https:\/\/gazetaregionalna.com\/wp-content\/uploads\/2019\/08\/pol1.jpg 768w, https:\/\/gazetaregionalna.com\/wp-content\/uploads\/2019\/08\/pol1-225x300.jpg 225w, https:\/\/gazetaregionalna.com\/wp-content\/uploads\/2019\/08\/pol1-696x928.jpg 696w, https:\/\/gazetaregionalna.com\/wp-content\/uploads\/2019\/08\/pol1-315x420.jpg 315w\" data-sizes=\"(max-width: 768px) 100vw, 768px\" src=\"data:image\/svg+xml;base64,PHN2ZyB3aWR0aD0iMSIgaGVpZ2h0PSIxIiB4bWxucz0iaHR0cDovL3d3dy53My5vcmcvMjAwMC9zdmciPjwvc3ZnPg==\" style=\"--smush-placeholder-width: 768px; --smush-placeholder-aspect-ratio: 768\/1024;\" \/><\/figure>\n\n\n\n<p>Zaj\u0119cia prowadzone przez instruktor\u00f3w i\npracownik\u00f3w do spraw rekrutacji z Wydzia\u0142u Doboru i Szkolenia Komendy\nWojew\u00f3dzkiej Policji w Katowicach odb\u0119d\u0105 si\u0119 28 sierpnia 2019 r. o godz.\n12:00&nbsp;w hali sportowej Oddzia\u0142u Prewencji Policji w&nbsp;Katowicach przy\nul. Koszarowej 17.<\/p>\n\n\n\n<p>Ze wzgl\u0119d\u00f3w organizacyjnych osoby\nzainteresowane udzia\u0142em w zaj\u0119ciach proszone s\u0105 o wcze\u015bniejszy kontakt na adres\nmailowy&nbsp;bartlomiej.lasek@ka.policja.gov.pl. lub telefonicznie na nr 32\n2001761. W przypadku du\u017cego zainteresowania zostan\u0105 wyznaczone dodatkowe\nterminy zaj\u0119\u0107.<\/p>\n\n\n\n<p>(\u0179r\u00f3d\u0142o: KWP Katowice)<\/p>\n","protected":false},"excerpt":{"rendered":"<p>Kolejny ju\u017c raz Komenda Wojew\u00f3dzka Policji w Katowicach organizuje otwarte zaj\u0119cia dla wszystkich os\u00f3b zainteresowanych procesem rekrutacji do s\u0142u\u017cby w Policji. W \u015brod\u0119, 28<\/p>\n","protected":false},"author":3,"featured_media":5577,"comment_status":"open","ping_status":"open","sticky":false,"template":"","format":"standard","meta":{"_monsterinsights_skip_tracking":false,"_monsterinsights_sitenote_active":false,"_monsterinsights_sitenote_note":"","_monsterinsights_sitenote_category":0,"_uf_show_specific_survey":0,"_uf_disable_surveys":false,"footnotes":""},"categories":[44,3,2],"tags":[],"class_list":["post-5576","post","type-post","status-publish","format-standard","has-post-thumbnail","hentry","category-bezpieczenstwo","category-czestochowa-informacje","category-wiadomosci"],"_links":{"self":[{"href":"https:\/\/gazetaregionalna.com\/index.php?rest_route=\/wp\/v2\/posts\/5576","targetHints":{"allow":["GET"]}}],"collection":[{"href":"https:\/\/gazetaregionalna.com\/index.php?rest_route=\/wp\/v2\/posts"}],"about":[{"href":"https:\/\/gazetaregionalna.com\/index.php?rest_route=\/wp\/v2\/types\/post"}],"author":[{"embeddable":true,"href":"https:\/\/gazetaregionalna.com\/index.php?rest_route=\/wp\/v2\/users\/3"}],"replies":[{"embeddable":true,"href":"https:\/\/gazetaregionalna.com\/index.php?rest_route=%2Fwp%2Fv2%2Fcomments&post=5576"}],"version-history":[{"count":1,"href":"https:\/\/gazetaregionalna.com\/index.php?rest_route=\/wp\/v2\/posts\/5576\/revisions"}],"predecessor-version":[{"id":5579,"href":"https:\/\/gazetaregionalna.com\/index.php?rest_route=\/wp\/v2\/posts\/5576\/revisions\/5579"}],"wp:featuredmedia":[{"embeddable":true,"href":"https:\/\/gazetaregionalna.com\/index.php?rest_route=\/wp\/v2\/media\/5577"}],"wp:attachment":[{"href":"https:\/\/gazetaregionalna.com\/index.php?rest_route=%2Fwp%2Fv2%2Fmedia&parent=5576"}],"wp:term":[{"taxonomy":"category","embeddable":true,"href":"https:\/\/gazetaregionalna.com\/index.php?rest_route=%2Fwp%2Fv2%2Fcategories&post=5576"},{"taxonomy":"post_tag","embeddable":true,"href":"https:\/\/gazetaregionalna.com\/index.php?rest_route=%2Fwp%2Fv2%2Ftags&post=5576"}],"curies":[{"name":"wp","href":"https:\/\/api.w.org\/{rel}","templated":true}]}}