{"id":55759,"date":"2021-09-18T10:31:25","date_gmt":"2021-09-18T10:31:25","guid":{"rendered":"https:\/\/gazetaregionalna.com\/?p=55759"},"modified":"2021-09-18T10:31:25","modified_gmt":"2021-09-18T10:31:25","slug":"pol-miliona-zlotych-na-termomodernizacje","status":"publish","type":"post","link":"https:\/\/gazetaregionalna.com\/?p=55759","title":{"rendered":"Prawie p\u00f3\u0142 miliona z\u0142otych na termomodernizacj\u0119 ZSP w Zawadzie"},"content":{"rendered":"\n<h2 class=\"wp-block-heading\">Gmina Mst\u00f3w otrzyma\u0142a blisko p\u00f3\u0142 miliona z\u0142otych dofinansowania ze \u015brodk\u00f3w unijnych na kompleksow\u0105 termomodernizacj\u0119 budynku Zespo\u0142u Szkolno-Przedszkolnego w Zawadzie.<\/h2>\n\n\n\n<figure class=\"wp-block-image size-large\"><img decoding=\"async\" width=\"1024\" height=\"683\" data-src=\"https:\/\/gazetaregionalna.com\/wp-content\/uploads\/2021\/09\/zawada8-1024x683.jpg\" alt=\"zawada8\" class=\"wp-image-55762 lazyload\" data-srcset=\"https:\/\/gazetaregionalna.com\/wp-content\/uploads\/2021\/09\/zawada8-1024x683.jpg 1024w, https:\/\/gazetaregionalna.com\/wp-content\/uploads\/2021\/09\/zawada8-300x200.jpg 300w, https:\/\/gazetaregionalna.com\/wp-content\/uploads\/2021\/09\/zawada8-768x512.jpg 768w, https:\/\/gazetaregionalna.com\/wp-content\/uploads\/2021\/09\/zawada8-696x464.jpg 696w, https:\/\/gazetaregionalna.com\/wp-content\/uploads\/2021\/09\/zawada8-1068x712.jpg 1068w, https:\/\/gazetaregionalna.com\/wp-content\/uploads\/2021\/09\/zawada8-630x420.jpg 630w, https:\/\/gazetaregionalna.com\/wp-content\/uploads\/2021\/09\/zawada8.jpg 1500w\" data-sizes=\"(max-width: 1024px) 100vw, 1024px\" src=\"data:image\/svg+xml;base64,PHN2ZyB3aWR0aD0iMSIgaGVpZ2h0PSIxIiB4bWxucz0iaHR0cDovL3d3dy53My5vcmcvMjAwMC9zdmciPjwvc3ZnPg==\" style=\"--smush-placeholder-width: 1024px; --smush-placeholder-aspect-ratio: 1024\/683;\" \/><figcaption>fot. UG w Mstowie<\/figcaption><\/figure>\n\n\n\n<p>W konkursie og\u0142oszonym przez Urz\u0105d Marsza\u0142kowski w Katowicach \u2013 w ramach RIT Subregionu P\u00f3\u0142nocnego zadanie pt.<strong> \u201eTermomodernizacja budynku Zespo\u0142u Szkolno &#8211; Przedszkolnego w Zawadzie wraz z monta\u017cem odnawialnych \u017ar\u00f3de\u0142 energii\u201d<\/strong> zaj\u0119\u0142o bardzo wysokie miejsce na li\u015bcie.<\/p>\n\n\n\n<p>W ramach zadania odb\u0119d\u0105 si\u0119 takie prace jak:<\/p>\n\n\n\n<ul class=\"wp-block-list\"><li>ocieplenie \u015bcian zewn\u0119trznych, stropodach\u00f3w;<\/li><li>remont pokrycia cz\u0119\u015bci stropodachu, komin\u00f3w;<\/li><li>wymiana cz\u0119\u015bci stolarki okiennej;<\/li><li>remont schod\u00f3w zewn\u0119trznych, pochylni dla os\u00f3b niepe\u0142nosprawnych;<\/li><li>modernizacja instalacji centralnego ogrzewania oraz kot\u0142owni;<\/li><li>balustrady zewn\u0119trzne, kraty okienne;<\/li><li>monta\u017c instalacji fotowoltaicznej;<\/li><li>remont instalacji odgromowej;<\/li><li>monta\u017c rynien i rur spustowych, drena\u017cu opaskowego;<\/li><li>monta\u017c pompy ciep\u0142a do przygotowania c.w.u.<\/li><\/ul>\n\n\n\n<p>Zadanie jest ju\u017c w trakcie realizacji, a jego koniec planowany jest na II p\u00f3\u0142rocze 2021 roku. Ca\u0142kowity koszt prac obejmie kwot\u0119 <strong>895.508,35 z\u0142<\/strong>, z czego dofinansowanie to kwota 489.932,57 z\u0142. W trakcje realizacji jest tak\u017ce termomodernizacja Szko\u0142y Podstawowej w Krasicach.<\/p>\n\n\n\n<p>Tego typu inwestycja zwi\u0105zana zar\u00f3wno z dba\u0142o\u015bci\u0105 o ekologi\u0119, jak i o stan plac\u00f3wek o\u015bwiatowych jest ju\u017c kolejn\u0105 w ostatnich latach przeprowadzon\u0105 na terenie Gminy Mst\u00f3w.<\/p>\n\n\n\n<p>We wcze\u015bniejszych latach podobne prace przeprowadzone zosta\u0142y w szko\u0142ach w:<\/p>\n\n\n\n<ul class=\"wp-block-list\"><li>Mokrzeszy (2017 r.);<\/li><li>Ma\u0142usach Wielkich (2019 r.);<\/li><li>Mstowie (2019 r.).<\/li><\/ul>\n\n\n\n<figure class=\"wp-block-gallery columns-3 is-cropped wp-block-gallery-1 is-layout-flex wp-block-gallery-is-layout-flex\"><ul class=\"blocks-gallery-grid\"><li class=\"blocks-gallery-item\"><figure><a href=\"https:\/\/gazetaregionalna.com\/wp-content\/uploads\/2021\/09\/zawada3.jpg\"><img decoding=\"async\" width=\"1024\" height=\"683\" data-src=\"https:\/\/gazetaregionalna.com\/wp-content\/uploads\/2021\/09\/zawada3-1024x683.jpg\" alt=\"zawada3\" data-id=\"55770\" data-full-url=\"https:\/\/gazetaregionalna.com\/wp-content\/uploads\/2021\/09\/zawada3.jpg\" data-link=\"https:\/\/gazetaregionalna.com\/?attachment_id=55770\" class=\"wp-image-55770 lazyload\" data-srcset=\"https:\/\/gazetaregionalna.com\/wp-content\/uploads\/2021\/09\/zawada3-1024x683.jpg 1024w, https:\/\/gazetaregionalna.com\/wp-content\/uploads\/2021\/09\/zawada3-300x200.jpg 300w, https:\/\/gazetaregionalna.com\/wp-content\/uploads\/2021\/09\/zawada3-768x512.jpg 768w, https:\/\/gazetaregionalna.com\/wp-content\/uploads\/2021\/09\/zawada3-696x464.jpg 696w, https:\/\/gazetaregionalna.com\/wp-content\/uploads\/2021\/09\/zawada3-1068x712.jpg 1068w, https:\/\/gazetaregionalna.com\/wp-content\/uploads\/2021\/09\/zawada3-630x420.jpg 630w, https:\/\/gazetaregionalna.com\/wp-content\/uploads\/2021\/09\/zawada3.jpg 1500w\" data-sizes=\"(max-width: 1024px) 100vw, 1024px\" src=\"data:image\/svg+xml;base64,PHN2ZyB3aWR0aD0iMSIgaGVpZ2h0PSIxIiB4bWxucz0iaHR0cDovL3d3dy53My5vcmcvMjAwMC9zdmciPjwvc3ZnPg==\" style=\"--smush-placeholder-width: 1024px; --smush-placeholder-aspect-ratio: 1024\/683;\" \/><\/a><\/figure><\/li><li class=\"blocks-gallery-item\"><figure><a href=\"https:\/\/gazetaregionalna.com\/wp-content\/uploads\/2021\/09\/zawada1.jpg\"><img decoding=\"async\" width=\"900\" height=\"675\" data-src=\"https:\/\/gazetaregionalna.com\/wp-content\/uploads\/2021\/09\/zawada1.jpg\" alt=\"zawada1\" data-id=\"55766\" data-full-url=\"https:\/\/gazetaregionalna.com\/wp-content\/uploads\/2021\/09\/zawada1.jpg\" data-link=\"https:\/\/gazetaregionalna.com\/?attachment_id=55766\" class=\"wp-image-55766 lazyload\" data-srcset=\"https:\/\/gazetaregionalna.com\/wp-content\/uploads\/2021\/09\/zawada1.jpg 900w, https:\/\/gazetaregionalna.com\/wp-content\/uploads\/2021\/09\/zawada1-300x225.jpg 300w, https:\/\/gazetaregionalna.com\/wp-content\/uploads\/2021\/09\/zawada1-768x576.jpg 768w, https:\/\/gazetaregionalna.com\/wp-content\/uploads\/2021\/09\/zawada1-696x522.jpg 696w, https:\/\/gazetaregionalna.com\/wp-content\/uploads\/2021\/09\/zawada1-560x420.jpg 560w, https:\/\/gazetaregionalna.com\/wp-content\/uploads\/2021\/09\/zawada1-80x60.jpg 80w, https:\/\/gazetaregionalna.com\/wp-content\/uploads\/2021\/09\/zawada1-265x198.jpg 265w\" data-sizes=\"(max-width: 900px) 100vw, 900px\" src=\"data:image\/svg+xml;base64,PHN2ZyB3aWR0aD0iMSIgaGVpZ2h0PSIxIiB4bWxucz0iaHR0cDovL3d3dy53My5vcmcvMjAwMC9zdmciPjwvc3ZnPg==\" style=\"--smush-placeholder-width: 900px; --smush-placeholder-aspect-ratio: 900\/675;\" \/><\/a><\/figure><\/li><li class=\"blocks-gallery-item\"><figure><a href=\"https:\/\/gazetaregionalna.com\/wp-content\/uploads\/2021\/09\/zawada4.jpg\"><img decoding=\"async\" width=\"1024\" height=\"683\" data-src=\"https:\/\/gazetaregionalna.com\/wp-content\/uploads\/2021\/09\/zawada4-1024x683.jpg\" alt=\"zawada4\" data-id=\"55771\" data-full-url=\"https:\/\/gazetaregionalna.com\/wp-content\/uploads\/2021\/09\/zawada4.jpg\" data-link=\"https:\/\/gazetaregionalna.com\/?attachment_id=55771\" class=\"wp-image-55771 lazyload\" data-srcset=\"https:\/\/gazetaregionalna.com\/wp-content\/uploads\/2021\/09\/zawada4-1024x683.jpg 1024w, https:\/\/gazetaregionalna.com\/wp-content\/uploads\/2021\/09\/zawada4-300x200.jpg 300w, https:\/\/gazetaregionalna.com\/wp-content\/uploads\/2021\/09\/zawada4-768x512.jpg 768w, https:\/\/gazetaregionalna.com\/wp-content\/uploads\/2021\/09\/zawada4-696x464.jpg 696w, https:\/\/gazetaregionalna.com\/wp-content\/uploads\/2021\/09\/zawada4-1068x712.jpg 1068w, https:\/\/gazetaregionalna.com\/wp-content\/uploads\/2021\/09\/zawada4-630x420.jpg 630w, https:\/\/gazetaregionalna.com\/wp-content\/uploads\/2021\/09\/zawada4.jpg 1500w\" data-sizes=\"(max-width: 1024px) 100vw, 1024px\" src=\"data:image\/svg+xml;base64,PHN2ZyB3aWR0aD0iMSIgaGVpZ2h0PSIxIiB4bWxucz0iaHR0cDovL3d3dy53My5vcmcvMjAwMC9zdmciPjwvc3ZnPg==\" style=\"--smush-placeholder-width: 1024px; --smush-placeholder-aspect-ratio: 1024\/683;\" \/><\/a><\/figure><\/li><li class=\"blocks-gallery-item\"><figure><a href=\"https:\/\/gazetaregionalna.com\/wp-content\/uploads\/2021\/09\/zawada2.jpg\"><img decoding=\"async\" width=\"1024\" height=\"683\" data-src=\"https:\/\/gazetaregionalna.com\/wp-content\/uploads\/2021\/09\/zawada2-1024x683.jpg\" alt=\"zawada2\" data-id=\"55768\" data-full-url=\"https:\/\/gazetaregionalna.com\/wp-content\/uploads\/2021\/09\/zawada2.jpg\" data-link=\"https:\/\/gazetaregionalna.com\/?attachment_id=55768\" class=\"wp-image-55768 lazyload\" data-srcset=\"https:\/\/gazetaregionalna.com\/wp-content\/uploads\/2021\/09\/zawada2-1024x683.jpg 1024w, https:\/\/gazetaregionalna.com\/wp-content\/uploads\/2021\/09\/zawada2-300x200.jpg 300w, https:\/\/gazetaregionalna.com\/wp-content\/uploads\/2021\/09\/zawada2-768x512.jpg 768w, https:\/\/gazetaregionalna.com\/wp-content\/uploads\/2021\/09\/zawada2-696x464.jpg 696w, https:\/\/gazetaregionalna.com\/wp-content\/uploads\/2021\/09\/zawada2-1068x712.jpg 1068w, https:\/\/gazetaregionalna.com\/wp-content\/uploads\/2021\/09\/zawada2-630x420.jpg 630w, https:\/\/gazetaregionalna.com\/wp-content\/uploads\/2021\/09\/zawada2.jpg 1500w\" data-sizes=\"(max-width: 1024px) 100vw, 1024px\" src=\"data:image\/svg+xml;base64,PHN2ZyB3aWR0aD0iMSIgaGVpZ2h0PSIxIiB4bWxucz0iaHR0cDovL3d3dy53My5vcmcvMjAwMC9zdmciPjwvc3ZnPg==\" style=\"--smush-placeholder-width: 1024px; --smush-placeholder-aspect-ratio: 1024\/683;\" \/><\/a><\/figure><\/li><li class=\"blocks-gallery-item\"><figure><a href=\"https:\/\/gazetaregionalna.com\/wp-content\/uploads\/2021\/09\/zawada7.jpg\"><img decoding=\"async\" width=\"1024\" height=\"684\" data-src=\"https:\/\/gazetaregionalna.com\/wp-content\/uploads\/2021\/09\/zawada7-1024x684.jpg\" alt=\"zawada7\" data-id=\"55765\" data-full-url=\"https:\/\/gazetaregionalna.com\/wp-content\/uploads\/2021\/09\/zawada7.jpg\" data-link=\"https:\/\/gazetaregionalna.com\/?attachment_id=55765\" class=\"wp-image-55765 lazyload\" data-srcset=\"https:\/\/gazetaregionalna.com\/wp-content\/uploads\/2021\/09\/zawada7-1024x684.jpg 1024w, https:\/\/gazetaregionalna.com\/wp-content\/uploads\/2021\/09\/zawada7-300x200.jpg 300w, https:\/\/gazetaregionalna.com\/wp-content\/uploads\/2021\/09\/zawada7-768x513.jpg 768w, https:\/\/gazetaregionalna.com\/wp-content\/uploads\/2021\/09\/zawada7-1536x1025.jpg 1536w, https:\/\/gazetaregionalna.com\/wp-content\/uploads\/2021\/09\/zawada7-696x465.jpg 696w, https:\/\/gazetaregionalna.com\/wp-content\/uploads\/2021\/09\/zawada7-1068x713.jpg 1068w, https:\/\/gazetaregionalna.com\/wp-content\/uploads\/2021\/09\/zawada7-629x420.jpg 629w, https:\/\/gazetaregionalna.com\/wp-content\/uploads\/2021\/09\/zawada7.jpg 1600w\" data-sizes=\"(max-width: 1024px) 100vw, 1024px\" src=\"data:image\/svg+xml;base64,PHN2ZyB3aWR0aD0iMSIgaGVpZ2h0PSIxIiB4bWxucz0iaHR0cDovL3d3dy53My5vcmcvMjAwMC9zdmciPjwvc3ZnPg==\" style=\"--smush-placeholder-width: 1024px; --smush-placeholder-aspect-ratio: 1024\/684;\" \/><\/a><\/figure><\/li><li class=\"blocks-gallery-item\"><figure><a href=\"https:\/\/gazetaregionalna.com\/wp-content\/uploads\/2021\/09\/zawada10.jpg\"><img decoding=\"async\" width=\"1024\" height=\"768\" data-src=\"https:\/\/gazetaregionalna.com\/wp-content\/uploads\/2021\/09\/zawada10-1024x768.jpg\" alt=\"zawada10\" data-id=\"55769\" data-full-url=\"https:\/\/gazetaregionalna.com\/wp-content\/uploads\/2021\/09\/zawada10.jpg\" data-link=\"https:\/\/gazetaregionalna.com\/?attachment_id=55769\" class=\"wp-image-55769 lazyload\" data-srcset=\"https:\/\/gazetaregionalna.com\/wp-content\/uploads\/2021\/09\/zawada10-1024x768.jpg 1024w, https:\/\/gazetaregionalna.com\/wp-content\/uploads\/2021\/09\/zawada10-300x225.jpg 300w, https:\/\/gazetaregionalna.com\/wp-content\/uploads\/2021\/09\/zawada10-768x576.jpg 768w, https:\/\/gazetaregionalna.com\/wp-content\/uploads\/2021\/09\/zawada10-1536x1152.jpg 1536w, https:\/\/gazetaregionalna.com\/wp-content\/uploads\/2021\/09\/zawada10-696x522.jpg 696w, https:\/\/gazetaregionalna.com\/wp-content\/uploads\/2021\/09\/zawada10-1068x801.jpg 1068w, https:\/\/gazetaregionalna.com\/wp-content\/uploads\/2021\/09\/zawada10-560x420.jpg 560w, https:\/\/gazetaregionalna.com\/wp-content\/uploads\/2021\/09\/zawada10-80x60.jpg 80w, https:\/\/gazetaregionalna.com\/wp-content\/uploads\/2021\/09\/zawada10-265x198.jpg 265w, https:\/\/gazetaregionalna.com\/wp-content\/uploads\/2021\/09\/zawada10.jpg 1600w\" data-sizes=\"(max-width: 1024px) 100vw, 1024px\" src=\"data:image\/svg+xml;base64,PHN2ZyB3aWR0aD0iMSIgaGVpZ2h0PSIxIiB4bWxucz0iaHR0cDovL3d3dy53My5vcmcvMjAwMC9zdmciPjwvc3ZnPg==\" style=\"--smush-placeholder-width: 1024px; --smush-placeholder-aspect-ratio: 1024\/768;\" \/><\/a><\/figure><\/li><li class=\"blocks-gallery-item\"><figure><a href=\"https:\/\/gazetaregionalna.com\/wp-content\/uploads\/2021\/09\/zawada6.jpg\"><img decoding=\"async\" width=\"1024\" height=\"564\" data-src=\"https:\/\/gazetaregionalna.com\/wp-content\/uploads\/2021\/09\/zawada6-1024x564.jpg\" alt=\"zawada6\" data-id=\"55764\" data-full-url=\"https:\/\/gazetaregionalna.com\/wp-content\/uploads\/2021\/09\/zawada6.jpg\" data-link=\"https:\/\/gazetaregionalna.com\/?attachment_id=55764\" class=\"wp-image-55764 lazyload\" data-srcset=\"https:\/\/gazetaregionalna.com\/wp-content\/uploads\/2021\/09\/zawada6-1024x564.jpg 1024w, https:\/\/gazetaregionalna.com\/wp-content\/uploads\/2021\/09\/zawada6-300x165.jpg 300w, https:\/\/gazetaregionalna.com\/wp-content\/uploads\/2021\/09\/zawada6-768x423.jpg 768w, https:\/\/gazetaregionalna.com\/wp-content\/uploads\/2021\/09\/zawada6-696x383.jpg 696w, https:\/\/gazetaregionalna.com\/wp-content\/uploads\/2021\/09\/zawada6-1068x588.jpg 1068w, https:\/\/gazetaregionalna.com\/wp-content\/uploads\/2021\/09\/zawada6-763x420.jpg 763w, https:\/\/gazetaregionalna.com\/wp-content\/uploads\/2021\/09\/zawada6.jpg 1500w\" data-sizes=\"(max-width: 1024px) 100vw, 1024px\" src=\"data:image\/svg+xml;base64,PHN2ZyB3aWR0aD0iMSIgaGVpZ2h0PSIxIiB4bWxucz0iaHR0cDovL3d3dy53My5vcmcvMjAwMC9zdmciPjwvc3ZnPg==\" style=\"--smush-placeholder-width: 1024px; --smush-placeholder-aspect-ratio: 1024\/564;\" \/><\/a><\/figure><\/li><li class=\"blocks-gallery-item\"><figure><a href=\"https:\/\/gazetaregionalna.com\/wp-content\/uploads\/2021\/09\/zawada9.jpg\"><img decoding=\"async\" width=\"1024\" height=\"685\" data-src=\"https:\/\/gazetaregionalna.com\/wp-content\/uploads\/2021\/09\/zawada9-1024x685.jpg\" alt=\"zawada9\" data-id=\"55767\" data-full-url=\"https:\/\/gazetaregionalna.com\/wp-content\/uploads\/2021\/09\/zawada9.jpg\" data-link=\"https:\/\/gazetaregionalna.com\/?attachment_id=55767\" class=\"wp-image-55767 lazyload\" data-srcset=\"https:\/\/gazetaregionalna.com\/wp-content\/uploads\/2021\/09\/zawada9-1024x685.jpg 1024w, https:\/\/gazetaregionalna.com\/wp-content\/uploads\/2021\/09\/zawada9-300x201.jpg 300w, https:\/\/gazetaregionalna.com\/wp-content\/uploads\/2021\/09\/zawada9-768x514.jpg 768w, https:\/\/gazetaregionalna.com\/wp-content\/uploads\/2021\/09\/zawada9-1536x1028.jpg 1536w, https:\/\/gazetaregionalna.com\/wp-content\/uploads\/2021\/09\/zawada9-696x466.jpg 696w, https:\/\/gazetaregionalna.com\/wp-content\/uploads\/2021\/09\/zawada9-1068x715.jpg 1068w, https:\/\/gazetaregionalna.com\/wp-content\/uploads\/2021\/09\/zawada9-627x420.jpg 627w, https:\/\/gazetaregionalna.com\/wp-content\/uploads\/2021\/09\/zawada9.jpg 1600w\" data-sizes=\"(max-width: 1024px) 100vw, 1024px\" src=\"data:image\/svg+xml;base64,PHN2ZyB3aWR0aD0iMSIgaGVpZ2h0PSIxIiB4bWxucz0iaHR0cDovL3d3dy53My5vcmcvMjAwMC9zdmciPjwvc3ZnPg==\" style=\"--smush-placeholder-width: 1024px; --smush-placeholder-aspect-ratio: 1024\/685;\" \/><\/a><\/figure><\/li><\/ul><figcaption class=\"blocks-gallery-caption\">fot. UG w Mstowie<\/figcaption><\/figure>\n","protected":false},"excerpt":{"rendered":"<p>Gmina Mst\u00f3w otrzyma\u0142a blisko p\u00f3\u0142 miliona z\u0142otych dofinansowania ze \u015brodk\u00f3w unijnych na kompleksow\u0105 termomodernizacj\u0119 budynku Zespo\u0142u Szkolno-Przedszkolnego w Zawadzie. W konkursie og\u0142oszonym przez Urz\u0105d<\/p>\n","protected":false},"author":12,"featured_media":55763,"comment_status":"open","ping_status":"open","sticky":false,"template":"","format":"standard","meta":{"_monsterinsights_skip_tracking":false,"_monsterinsights_sitenote_active":false,"_monsterinsights_sitenote_note":"","_monsterinsights_sitenote_category":0,"_uf_show_specific_survey":0,"_uf_disable_surveys":false,"footnotes":""},"categories":[20,33,94,4,2],"tags":[2944],"class_list":["post-55759","post","type-post","status-publish","format-standard","has-post-thumbnail","hentry","category-budownictwo","category-inwestycje","category-polecane","category-region","category-wiadomosci","tag-termomodernizacja-zsp-w-zawadzie"],"_links":{"self":[{"href":"https:\/\/gazetaregionalna.com\/index.php?rest_route=\/wp\/v2\/posts\/55759","targetHints":{"allow":["GET"]}}],"collection":[{"href":"https:\/\/gazetaregionalna.com\/index.php?rest_route=\/wp\/v2\/posts"}],"about":[{"href":"https:\/\/gazetaregionalna.com\/index.php?rest_route=\/wp\/v2\/types\/post"}],"author":[{"embeddable":true,"href":"https:\/\/gazetaregionalna.com\/index.php?rest_route=\/wp\/v2\/users\/12"}],"replies":[{"embeddable":true,"href":"https:\/\/gazetaregionalna.com\/index.php?rest_route=%2Fwp%2Fv2%2Fcomments&post=55759"}],"version-history":[{"count":2,"href":"https:\/\/gazetaregionalna.com\/index.php?rest_route=\/wp\/v2\/posts\/55759\/revisions"}],"predecessor-version":[{"id":55772,"href":"https:\/\/gazetaregionalna.com\/index.php?rest_route=\/wp\/v2\/posts\/55759\/revisions\/55772"}],"wp:featuredmedia":[{"embeddable":true,"href":"https:\/\/gazetaregionalna.com\/index.php?rest_route=\/wp\/v2\/media\/55763"}],"wp:attachment":[{"href":"https:\/\/gazetaregionalna.com\/index.php?rest_route=%2Fwp%2Fv2%2Fmedia&parent=55759"}],"wp:term":[{"taxonomy":"category","embeddable":true,"href":"https:\/\/gazetaregionalna.com\/index.php?rest_route=%2Fwp%2Fv2%2Fcategories&post=55759"},{"taxonomy":"post_tag","embeddable":true,"href":"https:\/\/gazetaregionalna.com\/index.php?rest_route=%2Fwp%2Fv2%2Ftags&post=55759"}],"curies":[{"name":"wp","href":"https:\/\/api.w.org\/{rel}","templated":true}]}}