{"id":5568,"date":"2019-08-22T12:04:05","date_gmt":"2019-08-22T12:04:05","guid":{"rendered":"https:\/\/gazetaregionalna.com\/?p=5568"},"modified":"2019-08-22T12:04:08","modified_gmt":"2019-08-22T12:04:08","slug":"sroda-z-komiksami","status":"publish","type":"post","link":"https:\/\/gazetaregionalna.com\/?p=5568","title":{"rendered":"\u015aroda z komiksami"},"content":{"rendered":"\n<p>O\u015brodek Promocji Kultury \u201eGaude Mater\u201d zaprasza mi\u0142o\u015bnik\u00f3w komiks\u00f3w do wsp\u00f3lnych obchod\u00f3w \u015awiatowego Dnia Publicznego Czytania Komiks\u00f3w. W \u015brod\u0119, 28 sierpnia w Parku im. Stanis\u0142awa Staszica b\u0119dzie mo\u017cna usi\u0105\u015b\u0107 na \u0142awce czy le\u017caku i poczyta\u0107, np. o superbohaterach. O\u015brodek przygotowa\u0142 tak\u017ce \u00a0spotkanie z Maciejem Kurem \u2013 scenarzyst\u0105 kontynuacji kultowych komiks\u00f3w ,,Kajko i Kokosz\u201d, scenarzyst\u0105 komiksowym i filmowym, re\u017cyserem, recenzentem, wsp\u00f3\u0142tw\u00f3rc\u0105 m.in. serii komiks\u00f3w ,,Emilka Sza\u201d, ,,Lil i Put\u201d. Rozpocznie si\u0119 ono o godz. 17.00. Fanki i fani komiks\u00f3w b\u0119d\u0105 mieli te\u017c okazj\u0119, aby wymieni\u0107 si\u0119 wra\u017ceniami z komiksowych lektur i rekomendacjami.<\/p>\n\n\n\n<figure class=\"wp-block-image\"><img decoding=\"async\" width=\"600\" height=\"350\" data-src=\"https:\/\/gazetaregionalna.com\/wp-content\/uploads\/2019\/08\/komiksy1.jpg\" alt=\"\" class=\"wp-image-5569 lazyload\" data-srcset=\"https:\/\/gazetaregionalna.com\/wp-content\/uploads\/2019\/08\/komiksy1.jpg 600w, https:\/\/gazetaregionalna.com\/wp-content\/uploads\/2019\/08\/komiksy1-300x175.jpg 300w\" data-sizes=\"(max-width: 600px) 100vw, 600px\" src=\"data:image\/svg+xml;base64,PHN2ZyB3aWR0aD0iMSIgaGVpZ2h0PSIxIiB4bWxucz0iaHR0cDovL3d3dy53My5vcmcvMjAwMC9zdmciPjwvc3ZnPg==\" style=\"--smush-placeholder-width: 600px; --smush-placeholder-aspect-ratio: 600\/350;\" \/><\/figure>\n\n\n\n<p>Mi\u0119dzy godz. 14.00 a 20.00 odb\u0119d\u0105 si\u0119 warsztaty dla dzieci z\nTeatrem Nieoczywistym.<\/p>\n\n\n\n<p>Data obchod\u00f3w \u015awiatowego Dnia Publicznego Czytania Komiks\u00f3w\nwypada w rocznic\u0119 urodzin s\u0142ynnego ameryka\u0144skiego rysownika Jacka Kirby\u2019ego\n(1917-1994), tw\u00f3rcy znanych na ca\u0142ym \u015bwiecie postaci z uniwersum X-Men, Hulka\nczy Fantastycznej Czw\u00f3rki. Pomys\u0142 \u015bwi\u0119ta pojawi\u0142 si\u0119 2010 roku. Szczeg\u00f3\u0142owe\ninformacje o cz\u0119stochowskiej ods\u0142onie \u015bwi\u0119ta na stronie&nbsp;<a href=\"http:\/\/gaudemater.pl\/swiatowy-dzien-publicznego-czytania-komiksow\/\" target=\"_blank\" rel=\"noopener\">http:\/\/gaudemater.pl\/swiatowy-dzien-publicznego-czytania-komiksow\/<\/a><\/p>\n","protected":false},"excerpt":{"rendered":"<p>O\u015brodek Promocji Kultury \u201eGaude Mater\u201d zaprasza mi\u0142o\u015bnik\u00f3w komiks\u00f3w do wsp\u00f3lnych obchod\u00f3w \u015awiatowego Dnia Publicznego Czytania Komiks\u00f3w. W \u015brod\u0119, 28 sierpnia w Parku im. Stanis\u0142awa<\/p>\n","protected":false},"author":3,"featured_media":5570,"comment_status":"open","ping_status":"open","sticky":false,"template":"","format":"standard","meta":{"_monsterinsights_skip_tracking":false,"_monsterinsights_sitenote_active":false,"_monsterinsights_sitenote_note":"","_monsterinsights_sitenote_category":0,"_uf_show_specific_survey":0,"_uf_disable_surveys":false,"footnotes":""},"categories":[3,15,12,2,13],"tags":[],"class_list":["post-5568","post","type-post","status-publish","format-standard","has-post-thumbnail","hentry","category-czestochowa-informacje","category-dla-dzieci","category-kultura-i-rozrywka","category-wiadomosci","category-wydarzenia"],"_links":{"self":[{"href":"https:\/\/gazetaregionalna.com\/index.php?rest_route=\/wp\/v2\/posts\/5568","targetHints":{"allow":["GET"]}}],"collection":[{"href":"https:\/\/gazetaregionalna.com\/index.php?rest_route=\/wp\/v2\/posts"}],"about":[{"href":"https:\/\/gazetaregionalna.com\/index.php?rest_route=\/wp\/v2\/types\/post"}],"author":[{"embeddable":true,"href":"https:\/\/gazetaregionalna.com\/index.php?rest_route=\/wp\/v2\/users\/3"}],"replies":[{"embeddable":true,"href":"https:\/\/gazetaregionalna.com\/index.php?rest_route=%2Fwp%2Fv2%2Fcomments&post=5568"}],"version-history":[{"count":1,"href":"https:\/\/gazetaregionalna.com\/index.php?rest_route=\/wp\/v2\/posts\/5568\/revisions"}],"predecessor-version":[{"id":5571,"href":"https:\/\/gazetaregionalna.com\/index.php?rest_route=\/wp\/v2\/posts\/5568\/revisions\/5571"}],"wp:featuredmedia":[{"embeddable":true,"href":"https:\/\/gazetaregionalna.com\/index.php?rest_route=\/wp\/v2\/media\/5570"}],"wp:attachment":[{"href":"https:\/\/gazetaregionalna.com\/index.php?rest_route=%2Fwp%2Fv2%2Fmedia&parent=5568"}],"wp:term":[{"taxonomy":"category","embeddable":true,"href":"https:\/\/gazetaregionalna.com\/index.php?rest_route=%2Fwp%2Fv2%2Fcategories&post=5568"},{"taxonomy":"post_tag","embeddable":true,"href":"https:\/\/gazetaregionalna.com\/index.php?rest_route=%2Fwp%2Fv2%2Ftags&post=5568"}],"curies":[{"name":"wp","href":"https:\/\/api.w.org\/{rel}","templated":true}]}}