{"id":5563,"date":"2019-08-22T11:42:08","date_gmt":"2019-08-22T11:42:08","guid":{"rendered":"https:\/\/gazetaregionalna.com\/?p=5563"},"modified":"2019-08-22T11:42:10","modified_gmt":"2019-08-22T11:42:10","slug":"chca-radarow-zeby-bylo-bezpieczniej","status":"publish","type":"post","link":"https:\/\/gazetaregionalna.com\/?p=5563","title":{"rendered":"Chc\u0105 radar\u00f3w, \u017ceby by\u0142o bezpieczniej"},"content":{"rendered":"\n<p>Samorz\u0105d Radomska wst\u0105pi\u0142 do Inspekcji Transportu Drogowego o\nmonta\u017c radar\u00f3w na dw\u00f3ch ruchliwych ulicach miasta. Gina&nbsp; jest ju\u017c po\npierwszych uzgodnieniach w tej sprawie. W urz\u0119dzie miasta odby\u0142o si\u0119 spotkanie\nz przedstawicielami Inspekcji. Rozmawiano o kwestiach technicznych zwi\u0105zanych z\nustawieniem fotoradar\u00f3w. &nbsp;Nast\u0119pnym krokiem\nb\u0119dzie podpisanie stosownej umowy.<\/p>\n\n\n\n<p>Samorz\u0105d chce, aby aparatura mierz\u0105ca pr\u0119dko\u015b\u0107, z jak\u0105 je\u017cd\u017c\u0105 kierowcy stan\u0119\u0142a w rejonie Publicznej Szko\u0142y Podstawowej nr 5 przy ulicy Narutowicza oraz przy skrzy\u017cowaniu ulic Krakowskiej, Gidelskiej i Torowej.<\/p>\n\n\n\n<figure class=\"wp-block-image\"><img decoding=\"async\" width=\"788\" height=\"390\" data-src=\"https:\/\/gazetaregionalna.com\/wp-content\/uploads\/2019\/08\/dsc-0852.jpg-1566207601.jpg\" alt=\"\" class=\"wp-image-5564 lazyload\" data-srcset=\"https:\/\/gazetaregionalna.com\/wp-content\/uploads\/2019\/08\/dsc-0852.jpg-1566207601.jpg 788w, https:\/\/gazetaregionalna.com\/wp-content\/uploads\/2019\/08\/dsc-0852.jpg-1566207601-300x148.jpg 300w, https:\/\/gazetaregionalna.com\/wp-content\/uploads\/2019\/08\/dsc-0852.jpg-1566207601-768x380.jpg 768w, https:\/\/gazetaregionalna.com\/wp-content\/uploads\/2019\/08\/dsc-0852.jpg-1566207601-324x160.jpg 324w, https:\/\/gazetaregionalna.com\/wp-content\/uploads\/2019\/08\/dsc-0852.jpg-1566207601-696x344.jpg 696w\" data-sizes=\"(max-width: 788px) 100vw, 788px\" src=\"data:image\/svg+xml;base64,PHN2ZyB3aWR0aD0iMSIgaGVpZ2h0PSIxIiB4bWxucz0iaHR0cDovL3d3dy53My5vcmcvMjAwMC9zdmciPjwvc3ZnPg==\" style=\"--smush-placeholder-width: 788px; --smush-placeholder-aspect-ratio: 788\/390;\" \/><\/figure>\n\n\n\n<p><br> W\u0142adze miasta zwr\u00f3ci\u0142y si\u0119 o pomoc do Inspekcji Transportu Drogowego w zwi\u0105zku z du\u017cym zagro\u017ceniem, jakie dla pieszych, w tym tak\u017ce dzieci, stwarzaj\u0105 je\u017cd\u017c\u0105ce tam zbyt szybko samochody. Stoj\u0105ce w tym rejonie miasta znaki informuj\u0105ce\u00a0 o ograniczeniu pr\u0119dko\u015bci, a tak\u017ce o s\u0105siaduj\u0105cej z ulic\u0105 szkole niestety nie wszystkich kierowc\u00f3w sk\u0142aniaj\u0105 do zdj\u0119cia nogi z gazu. By\u0107 mo\u017ce dopiero widok fotoradar\u00f3w i gro\u017aba wysokiego mandatu zmusi kieruj\u0105cych do respektowania przepis\u00f3w.<\/p>\n","protected":false},"excerpt":{"rendered":"<p>Samorz\u0105d Radomska wst\u0105pi\u0142 do Inspekcji Transportu Drogowego o monta\u017c radar\u00f3w na dw\u00f3ch ruchliwych ulicach miasta. Gina&nbsp; jest ju\u017c po pierwszych uzgodnieniach w tej sprawie.<\/p>\n","protected":false},"author":3,"featured_media":5565,"comment_status":"open","ping_status":"open","sticky":false,"template":"","format":"standard","meta":{"_monsterinsights_skip_tracking":false,"_monsterinsights_sitenote_active":false,"_monsterinsights_sitenote_note":"","_monsterinsights_sitenote_category":0,"_uf_show_specific_survey":0,"_uf_disable_surveys":false,"footnotes":""},"categories":[44,28,2],"tags":[],"class_list":["post-5563","post","type-post","status-publish","format-standard","has-post-thumbnail","hentry","category-bezpieczenstwo","category-radomsko","category-wiadomosci"],"_links":{"self":[{"href":"https:\/\/gazetaregionalna.com\/index.php?rest_route=\/wp\/v2\/posts\/5563","targetHints":{"allow":["GET"]}}],"collection":[{"href":"https:\/\/gazetaregionalna.com\/index.php?rest_route=\/wp\/v2\/posts"}],"about":[{"href":"https:\/\/gazetaregionalna.com\/index.php?rest_route=\/wp\/v2\/types\/post"}],"author":[{"embeddable":true,"href":"https:\/\/gazetaregionalna.com\/index.php?rest_route=\/wp\/v2\/users\/3"}],"replies":[{"embeddable":true,"href":"https:\/\/gazetaregionalna.com\/index.php?rest_route=%2Fwp%2Fv2%2Fcomments&post=5563"}],"version-history":[{"count":1,"href":"https:\/\/gazetaregionalna.com\/index.php?rest_route=\/wp\/v2\/posts\/5563\/revisions"}],"predecessor-version":[{"id":5566,"href":"https:\/\/gazetaregionalna.com\/index.php?rest_route=\/wp\/v2\/posts\/5563\/revisions\/5566"}],"wp:featuredmedia":[{"embeddable":true,"href":"https:\/\/gazetaregionalna.com\/index.php?rest_route=\/wp\/v2\/media\/5565"}],"wp:attachment":[{"href":"https:\/\/gazetaregionalna.com\/index.php?rest_route=%2Fwp%2Fv2%2Fmedia&parent=5563"}],"wp:term":[{"taxonomy":"category","embeddable":true,"href":"https:\/\/gazetaregionalna.com\/index.php?rest_route=%2Fwp%2Fv2%2Fcategories&post=5563"},{"taxonomy":"post_tag","embeddable":true,"href":"https:\/\/gazetaregionalna.com\/index.php?rest_route=%2Fwp%2Fv2%2Ftags&post=5563"}],"curies":[{"name":"wp","href":"https:\/\/api.w.org\/{rel}","templated":true}]}}