{"id":55573,"date":"2021-09-16T18:38:13","date_gmt":"2021-09-16T18:38:13","guid":{"rendered":"https:\/\/gazetaregionalna.com\/?p=55573"},"modified":"2021-09-16T18:38:14","modified_gmt":"2021-09-16T18:38:14","slug":"w-poniedzialek-w-czestochowie-odbedzie-sie-final-dmpj-czestochowscy-juniorzy-sa-bardzo-blisko-zlota","status":"publish","type":"post","link":"https:\/\/gazetaregionalna.com\/?p=55573","title":{"rendered":"W poniedzia\u0142ek w Cz\u0119stochowie odb\u0119dzie si\u0119 fina\u0142 DMPJ. Cz\u0119stochowscy juniorzy s\u0105 bardzo blisko z\u0142ota&#8230;"},"content":{"rendered":"\n<p>W poniedzia\u0142ek na torze w Cz\u0119stochowie zaplanowana jest czwarta i ostatnia runda fina\u0142owa Dru\u017cynowych Mistrzostw Polski Junior\u00f3w. To jeden z ostatnich \u017cu\u017clowych akcent\u00f3w w Cz\u0119stochowie.<\/p>\n\n\n\n<p>Cz\u0119stochowscy juniorzy wygrali wszystkie trzy wcze\u015bniejsze rundy DMPJ. R\u00f3wnie\u017c na torze w Cz\u0119stochowie Bocar W\u0142\u00f3kniarz b\u0119dzie zdecydowanym faworytem. Cz\u0119stochowscy \u017cu\u017clowcy s\u0105 o krok od mistrzostwa Polski i z\u0142otych medali&#8230;<\/p>\n\n\n\n<p>Poniedzia\u0142kowe zawody zaplanowane s\u0105 na godz. 16:30. Bilet kosztuje 20 z\u0142. Bezp\u0142atny wst\u0119p maj\u0105 posiadacze karnet\u00f3w i dzieci do lat 12.<\/p>\n\n\n\n<p>Obecny sezon jest bardzo udany dla junior\u00f3w Eltrox W\u0142\u00f3kniarza. Jakub Mi\u015bkowiak zdoby\u0142 z\u0142oto w Indywidualnych Mistrzostwach Polski junior\u00f3w. Mateusz \u015awidnicki w IMPJ wywalczy\u0142 br\u0105zowy medal. Cz\u0119stochowianie s\u0105 r\u00f3wnie\u017c wicemistrzami Polski par junior\u00f3w. Teraz najpewniej do\u0142o\u017c\u0105 jeszcze z\u0142oto w DMPJ.<\/p>\n\n\n\n<p>Przed ostatnim turniejem fina\u0142owym Bocar W\u0142\u00f3kniarz ma 3 punkty przewagi nad 2. Motorem Lublin. Przypomnijmy, \u017ce za zwyci\u0119stwo w turnieju DMPJ s\u0105 4 punkty, za 2. miejsce 3 punkty, za 3. miejsce 2 punkty i za 4. miejsce 1 punkt.<\/p>\n\n\n\n<p>Awizowane sk\u0142ady:<\/p>\n\n\n\n<p>Bocar W\u0142\u00f3kniarz Cz\u0119stochowa<\/p>\n\n\n\n<p>1. Jakub Mi\u015bkowiak<\/p>\n\n\n\n<p>2. Mateusz \u015awidnicki<\/p>\n\n\n\n<p>3. Bart\u0142omiej Kowalski<\/p>\n\n\n\n<p>4. Franciszek Karczewski<\/p>\n\n\n\n<p>Motor Lublin<\/p>\n\n\n\n<p>5. Wiktor Lampart<\/p>\n\n\n\n<p>6. Mateusz Cierniak<\/p>\n\n\n\n<p>7. Jan M\u0142ynarski<\/p>\n\n\n\n<p>8. Wiktor Przyjemski<\/p>\n\n\n\n<p>Arged Malesa Ostrovia Ostr\u00f3w Wielkopolski<\/p>\n\n\n\n<p>9. Jakub Krawczyk<\/p>\n\n\n\n<p>10. Mateusz Dul<\/p>\n\n\n\n<p>11. Jakub Poczta<\/p>\n\n\n\n<p>12. Sebastian Szostak<\/p>\n\n\n\n<p>Lokomotiv Jauniba Daugavpils<\/p>\n\n\n\n<p>13. Daniils Kolodinskis<\/p>\n\n\n\n<p>14. Ernests Matjusonoks<\/p>\n\n\n\n<p>15. Ricards Ansviesulis<\/p>\n\n\n\n<p>16. Francis Gusts<\/p>\n\n\n\n<p>MR-K<\/p>\n\n\n\n<p>Foto: AK<\/p>\n\n\n\n<p>Plakat: Materia\u0142 prasowy Eltrox W\u0142\u00f3kniarz <\/p>\n\n\n\n<figure class=\"wp-block-image size-large\"><img decoding=\"async\" width=\"682\" height=\"1024\" data-src=\"https:\/\/gazetaregionalna.com\/wp-content\/uploads\/2021\/09\/DMPJ-682x1024.jpg\" alt=\"\" class=\"wp-image-55574 lazyload\" data-srcset=\"https:\/\/gazetaregionalna.com\/wp-content\/uploads\/2021\/09\/DMPJ-682x1024.jpg 682w, https:\/\/gazetaregionalna.com\/wp-content\/uploads\/2021\/09\/DMPJ-200x300.jpg 200w, https:\/\/gazetaregionalna.com\/wp-content\/uploads\/2021\/09\/DMPJ-768x1153.jpg 768w, https:\/\/gazetaregionalna.com\/wp-content\/uploads\/2021\/09\/DMPJ-1023x1536.jpg 1023w, https:\/\/gazetaregionalna.com\/wp-content\/uploads\/2021\/09\/DMPJ-696x1045.jpg 696w, https:\/\/gazetaregionalna.com\/wp-content\/uploads\/2021\/09\/DMPJ-280x420.jpg 280w, https:\/\/gazetaregionalna.com\/wp-content\/uploads\/2021\/09\/DMPJ.jpg 1066w\" data-sizes=\"(max-width: 682px) 100vw, 682px\" src=\"data:image\/svg+xml;base64,PHN2ZyB3aWR0aD0iMSIgaGVpZ2h0PSIxIiB4bWxucz0iaHR0cDovL3d3dy53My5vcmcvMjAwMC9zdmciPjwvc3ZnPg==\" style=\"--smush-placeholder-width: 682px; --smush-placeholder-aspect-ratio: 682\/1024;\" \/><\/figure>\n\n\n\n<figure class=\"wp-block-image size-large\"><img decoding=\"async\" width=\"1024\" height=\"683\" data-src=\"https:\/\/gazetaregionalna.com\/wp-content\/uploads\/2021\/09\/MIMP-02-1024x683.jpg\" alt=\"\" class=\"wp-image-54556 lazyload\" data-srcset=\"https:\/\/gazetaregionalna.com\/wp-content\/uploads\/2021\/09\/MIMP-02-1024x683.jpg 1024w, https:\/\/gazetaregionalna.com\/wp-content\/uploads\/2021\/09\/MIMP-02-300x200.jpg 300w, https:\/\/gazetaregionalna.com\/wp-content\/uploads\/2021\/09\/MIMP-02-768x512.jpg 768w, https:\/\/gazetaregionalna.com\/wp-content\/uploads\/2021\/09\/MIMP-02-1536x1024.jpg 1536w, https:\/\/gazetaregionalna.com\/wp-content\/uploads\/2021\/09\/MIMP-02-2048x1365.jpg 2048w, https:\/\/gazetaregionalna.com\/wp-content\/uploads\/2021\/09\/MIMP-02-696x464.jpg 696w, https:\/\/gazetaregionalna.com\/wp-content\/uploads\/2021\/09\/MIMP-02-1068x712.jpg 1068w, https:\/\/gazetaregionalna.com\/wp-content\/uploads\/2021\/09\/MIMP-02-1920x1280.jpg 1920w, https:\/\/gazetaregionalna.com\/wp-content\/uploads\/2021\/09\/MIMP-02-630x420.jpg 630w, https:\/\/gazetaregionalna.com\/wp-content\/uploads\/2021\/09\/MIMP-02-scaled.jpg 1600w\" data-sizes=\"(max-width: 1024px) 100vw, 1024px\" src=\"data:image\/svg+xml;base64,PHN2ZyB3aWR0aD0iMSIgaGVpZ2h0PSIxIiB4bWxucz0iaHR0cDovL3d3dy53My5vcmcvMjAwMC9zdmciPjwvc3ZnPg==\" style=\"--smush-placeholder-width: 1024px; --smush-placeholder-aspect-ratio: 1024\/683;\" \/><\/figure>\n\n\n\n<figure class=\"wp-block-image size-large\"><img decoding=\"async\" width=\"1024\" height=\"694\" data-src=\"https:\/\/gazetaregionalna.com\/wp-content\/uploads\/2021\/09\/MIMP-10-1024x694.jpg\" alt=\"\" class=\"wp-image-54550 lazyload\" data-srcset=\"https:\/\/gazetaregionalna.com\/wp-content\/uploads\/2021\/09\/MIMP-10-1024x694.jpg 1024w, https:\/\/gazetaregionalna.com\/wp-content\/uploads\/2021\/09\/MIMP-10-300x203.jpg 300w, https:\/\/gazetaregionalna.com\/wp-content\/uploads\/2021\/09\/MIMP-10-768x521.jpg 768w, https:\/\/gazetaregionalna.com\/wp-content\/uploads\/2021\/09\/MIMP-10-1536x1041.jpg 1536w, https:\/\/gazetaregionalna.com\/wp-content\/uploads\/2021\/09\/MIMP-10-2048x1388.jpg 2048w, https:\/\/gazetaregionalna.com\/wp-content\/uploads\/2021\/09\/MIMP-10-696x472.jpg 696w, https:\/\/gazetaregionalna.com\/wp-content\/uploads\/2021\/09\/MIMP-10-1068x724.jpg 1068w, https:\/\/gazetaregionalna.com\/wp-content\/uploads\/2021\/09\/MIMP-10-1920x1301.jpg 1920w, https:\/\/gazetaregionalna.com\/wp-content\/uploads\/2021\/09\/MIMP-10-620x420.jpg 620w, https:\/\/gazetaregionalna.com\/wp-content\/uploads\/2021\/09\/MIMP-10-scaled.jpg 1200w\" data-sizes=\"(max-width: 1024px) 100vw, 1024px\" src=\"data:image\/svg+xml;base64,PHN2ZyB3aWR0aD0iMSIgaGVpZ2h0PSIxIiB4bWxucz0iaHR0cDovL3d3dy53My5vcmcvMjAwMC9zdmciPjwvc3ZnPg==\" style=\"--smush-placeholder-width: 1024px; --smush-placeholder-aspect-ratio: 1024\/694;\" \/><\/figure>\n\n\n\n<figure class=\"wp-block-image size-large\"><img decoding=\"async\" width=\"1024\" height=\"648\" data-src=\"https:\/\/gazetaregionalna.com\/wp-content\/uploads\/2021\/09\/MIMP-2-1024x648.jpg\" alt=\"\" class=\"wp-image-54551 lazyload\" data-srcset=\"https:\/\/gazetaregionalna.com\/wp-content\/uploads\/2021\/09\/MIMP-2-1024x648.jpg 1024w, https:\/\/gazetaregionalna.com\/wp-content\/uploads\/2021\/09\/MIMP-2-300x190.jpg 300w, https:\/\/gazetaregionalna.com\/wp-content\/uploads\/2021\/09\/MIMP-2-768x486.jpg 768w, https:\/\/gazetaregionalna.com\/wp-content\/uploads\/2021\/09\/MIMP-2-1536x972.jpg 1536w, https:\/\/gazetaregionalna.com\/wp-content\/uploads\/2021\/09\/MIMP-2-2048x1296.jpg 2048w, https:\/\/gazetaregionalna.com\/wp-content\/uploads\/2021\/09\/MIMP-2-696x440.jpg 696w, https:\/\/gazetaregionalna.com\/wp-content\/uploads\/2021\/09\/MIMP-2-1068x676.jpg 1068w, https:\/\/gazetaregionalna.com\/wp-content\/uploads\/2021\/09\/MIMP-2-1920x1215.jpg 1920w, https:\/\/gazetaregionalna.com\/wp-content\/uploads\/2021\/09\/MIMP-2-664x420.jpg 664w, https:\/\/gazetaregionalna.com\/wp-content\/uploads\/2021\/09\/MIMP-2-scaled.jpg 1600w\" data-sizes=\"(max-width: 1024px) 100vw, 1024px\" src=\"data:image\/svg+xml;base64,PHN2ZyB3aWR0aD0iMSIgaGVpZ2h0PSIxIiB4bWxucz0iaHR0cDovL3d3dy53My5vcmcvMjAwMC9zdmciPjwvc3ZnPg==\" style=\"--smush-placeholder-width: 1024px; --smush-placeholder-aspect-ratio: 1024\/648;\" \/><\/figure>\n\n\n\n<figure class=\"wp-block-image size-large\"><img decoding=\"async\" width=\"1024\" height=\"683\" data-src=\"https:\/\/gazetaregionalna.com\/wp-content\/uploads\/2021\/08\/MMPPK-9-1024x683.jpg\" alt=\"\" class=\"wp-image-52785 lazyload\" data-srcset=\"https:\/\/gazetaregionalna.com\/wp-content\/uploads\/2021\/08\/MMPPK-9-1024x683.jpg 1024w, https:\/\/gazetaregionalna.com\/wp-content\/uploads\/2021\/08\/MMPPK-9-300x200.jpg 300w, https:\/\/gazetaregionalna.com\/wp-content\/uploads\/2021\/08\/MMPPK-9-768x512.jpg 768w, https:\/\/gazetaregionalna.com\/wp-content\/uploads\/2021\/08\/MMPPK-9-1536x1024.jpg 1536w, https:\/\/gazetaregionalna.com\/wp-content\/uploads\/2021\/08\/MMPPK-9-2048x1365.jpg 2048w, https:\/\/gazetaregionalna.com\/wp-content\/uploads\/2021\/08\/MMPPK-9-696x464.jpg 696w, https:\/\/gazetaregionalna.com\/wp-content\/uploads\/2021\/08\/MMPPK-9-1068x712.jpg 1068w, https:\/\/gazetaregionalna.com\/wp-content\/uploads\/2021\/08\/MMPPK-9-1920x1280.jpg 1920w, https:\/\/gazetaregionalna.com\/wp-content\/uploads\/2021\/08\/MMPPK-9-630x420.jpg 630w, https:\/\/gazetaregionalna.com\/wp-content\/uploads\/2021\/08\/MMPPK-9-scaled.jpg 1200w\" data-sizes=\"(max-width: 1024px) 100vw, 1024px\" src=\"data:image\/svg+xml;base64,PHN2ZyB3aWR0aD0iMSIgaGVpZ2h0PSIxIiB4bWxucz0iaHR0cDovL3d3dy53My5vcmcvMjAwMC9zdmciPjwvc3ZnPg==\" style=\"--smush-placeholder-width: 1024px; --smush-placeholder-aspect-ratio: 1024\/683;\" \/><\/figure>\n\n\n\n<figure class=\"wp-block-image size-large\"><img decoding=\"async\" width=\"1024\" height=\"683\" data-src=\"https:\/\/gazetaregionalna.com\/wp-content\/uploads\/2021\/08\/MMPPK-21-1024x683.jpg\" alt=\"\" class=\"wp-image-52800 lazyload\" data-srcset=\"https:\/\/gazetaregionalna.com\/wp-content\/uploads\/2021\/08\/MMPPK-21-1024x683.jpg 1024w, https:\/\/gazetaregionalna.com\/wp-content\/uploads\/2021\/08\/MMPPK-21-300x200.jpg 300w, https:\/\/gazetaregionalna.com\/wp-content\/uploads\/2021\/08\/MMPPK-21-768x512.jpg 768w, https:\/\/gazetaregionalna.com\/wp-content\/uploads\/2021\/08\/MMPPK-21-1536x1024.jpg 1536w, https:\/\/gazetaregionalna.com\/wp-content\/uploads\/2021\/08\/MMPPK-21-2048x1365.jpg 2048w, https:\/\/gazetaregionalna.com\/wp-content\/uploads\/2021\/08\/MMPPK-21-696x464.jpg 696w, https:\/\/gazetaregionalna.com\/wp-content\/uploads\/2021\/08\/MMPPK-21-1068x712.jpg 1068w, https:\/\/gazetaregionalna.com\/wp-content\/uploads\/2021\/08\/MMPPK-21-1920x1280.jpg 1920w, https:\/\/gazetaregionalna.com\/wp-content\/uploads\/2021\/08\/MMPPK-21-630x420.jpg 630w, https:\/\/gazetaregionalna.com\/wp-content\/uploads\/2021\/08\/MMPPK-21-scaled.jpg 1200w\" data-sizes=\"(max-width: 1024px) 100vw, 1024px\" src=\"data:image\/svg+xml;base64,PHN2ZyB3aWR0aD0iMSIgaGVpZ2h0PSIxIiB4bWxucz0iaHR0cDovL3d3dy53My5vcmcvMjAwMC9zdmciPjwvc3ZnPg==\" style=\"--smush-placeholder-width: 1024px; --smush-placeholder-aspect-ratio: 1024\/683;\" \/><\/figure>\n\n\n\n<figure class=\"wp-block-image size-large\"><img decoding=\"async\" width=\"1024\" height=\"602\" data-src=\"https:\/\/gazetaregionalna.com\/wp-content\/uploads\/2021\/08\/MMPPK-1-1024x602.jpg\" alt=\"\" class=\"wp-image-52776 lazyload\" data-srcset=\"https:\/\/gazetaregionalna.com\/wp-content\/uploads\/2021\/08\/MMPPK-1-1024x602.jpg 1024w, https:\/\/gazetaregionalna.com\/wp-content\/uploads\/2021\/08\/MMPPK-1-300x176.jpg 300w, https:\/\/gazetaregionalna.com\/wp-content\/uploads\/2021\/08\/MMPPK-1-768x452.jpg 768w, https:\/\/gazetaregionalna.com\/wp-content\/uploads\/2021\/08\/MMPPK-1-1536x903.jpg 1536w, https:\/\/gazetaregionalna.com\/wp-content\/uploads\/2021\/08\/MMPPK-1-2048x1205.jpg 2048w, https:\/\/gazetaregionalna.com\/wp-content\/uploads\/2021\/08\/MMPPK-1-696x409.jpg 696w, https:\/\/gazetaregionalna.com\/wp-content\/uploads\/2021\/08\/MMPPK-1-1068x628.jpg 1068w, https:\/\/gazetaregionalna.com\/wp-content\/uploads\/2021\/08\/MMPPK-1-1920x1129.jpg 1920w, https:\/\/gazetaregionalna.com\/wp-content\/uploads\/2021\/08\/MMPPK-1-714x420.jpg 714w, https:\/\/gazetaregionalna.com\/wp-content\/uploads\/2021\/08\/MMPPK-1-scaled.jpg 1200w\" data-sizes=\"(max-width: 1024px) 100vw, 1024px\" src=\"data:image\/svg+xml;base64,PHN2ZyB3aWR0aD0iMSIgaGVpZ2h0PSIxIiB4bWxucz0iaHR0cDovL3d3dy53My5vcmcvMjAwMC9zdmciPjwvc3ZnPg==\" style=\"--smush-placeholder-width: 1024px; --smush-placeholder-aspect-ratio: 1024\/602;\" \/><\/figure>\n","protected":false},"excerpt":{"rendered":"<p>W poniedzia\u0142ek na torze w Cz\u0119stochowie zaplanowana jest czwarta i ostatnia runda fina\u0142owa Dru\u017cynowych Mistrzostw Polski Junior\u00f3w. To jeden z ostatnich \u017cu\u017clowych akcent\u00f3w w<\/p>\n","protected":false},"author":15,"featured_media":55574,"comment_status":"open","ping_status":"open","sticky":false,"template":"","format":"standard","meta":{"_monsterinsights_skip_tracking":false,"_monsterinsights_sitenote_active":false,"_monsterinsights_sitenote_note":"","_monsterinsights_sitenote_category":0,"_uf_show_specific_survey":0,"_uf_disable_surveys":false,"footnotes":""},"categories":[5,7],"tags":[],"class_list":["post-55573","post","type-post","status-publish","format-standard","has-post-thumbnail","hentry","category-sport","category-zuzel"],"_links":{"self":[{"href":"https:\/\/gazetaregionalna.com\/index.php?rest_route=\/wp\/v2\/posts\/55573","targetHints":{"allow":["GET"]}}],"collection":[{"href":"https:\/\/gazetaregionalna.com\/index.php?rest_route=\/wp\/v2\/posts"}],"about":[{"href":"https:\/\/gazetaregionalna.com\/index.php?rest_route=\/wp\/v2\/types\/post"}],"author":[{"embeddable":true,"href":"https:\/\/gazetaregionalna.com\/index.php?rest_route=\/wp\/v2\/users\/15"}],"replies":[{"embeddable":true,"href":"https:\/\/gazetaregionalna.com\/index.php?rest_route=%2Fwp%2Fv2%2Fcomments&post=55573"}],"version-history":[{"count":1,"href":"https:\/\/gazetaregionalna.com\/index.php?rest_route=\/wp\/v2\/posts\/55573\/revisions"}],"predecessor-version":[{"id":55575,"href":"https:\/\/gazetaregionalna.com\/index.php?rest_route=\/wp\/v2\/posts\/55573\/revisions\/55575"}],"wp:featuredmedia":[{"embeddable":true,"href":"https:\/\/gazetaregionalna.com\/index.php?rest_route=\/wp\/v2\/media\/55574"}],"wp:attachment":[{"href":"https:\/\/gazetaregionalna.com\/index.php?rest_route=%2Fwp%2Fv2%2Fmedia&parent=55573"}],"wp:term":[{"taxonomy":"category","embeddable":true,"href":"https:\/\/gazetaregionalna.com\/index.php?rest_route=%2Fwp%2Fv2%2Fcategories&post=55573"},{"taxonomy":"post_tag","embeddable":true,"href":"https:\/\/gazetaregionalna.com\/index.php?rest_route=%2Fwp%2Fv2%2Ftags&post=55573"}],"curies":[{"name":"wp","href":"https:\/\/api.w.org\/{rel}","templated":true}]}}