{"id":55275,"date":"2021-09-14T13:32:14","date_gmt":"2021-09-14T13:32:14","guid":{"rendered":"https:\/\/gazetaregionalna.com\/?p=55275"},"modified":"2021-09-14T13:32:15","modified_gmt":"2021-09-14T13:32:15","slug":"czestochowskie-amazonki-zapraszaja-jutro-na-marsz-rozowej-wstazki","status":"publish","type":"post","link":"https:\/\/gazetaregionalna.com\/?p=55275","title":{"rendered":"Cz\u0119stochowskie Amazonki zapraszaj\u0105 jutro na Marsz R\u00f3\u017cowej Wst\u0105\u017cki"},"content":{"rendered":"\n<h2 class=\"wp-block-heading\">Marsz R\u00f3\u017cowej Wst\u0105\u017cki, organizowany przez&nbsp; Stowarzyszenie Cz\u0119stochowskie Amazonki odb\u0119dzie si\u0119 jutro. Start godzina 12.<\/h2>\n\n\n\n<p>Marsz wyruszy w samo po\u0142udnie z Placu Biega\u0144skiego w kierunku Starego Rynku.<br>\u00a0Tam na uczestniczki i uczestnik\u00f3w ju\u017c od godz. 12.00 czeka\u0107 b\u0119dzie Miasteczko Profilaktyczne, gdzie b\u0119dzie mo\u017cna zasi\u0119gn\u0105\u0107 opinii lekarzy r\u00f3\u017cnych specjalizacji, zmierzy\u0107 ci\u015bnienie i poziom cukru. Spotkanie na Starym Rynku u\u015bwietni\u0105 wyst\u0119py artystyczne. O godz. 12.30 rozpocznie si\u0119 debata o zdrowiu.<\/p>\n\n\n\n<figure class=\"wp-block-image size-large\"><img decoding=\"async\" width=\"722\" height=\"1024\" data-src=\"https:\/\/gazetaregionalna.com\/wp-content\/uploads\/2021\/09\/marsz-wstazka-722x1024.jpg\" alt=\"\" class=\"wp-image-55278 lazyload\" data-srcset=\"https:\/\/gazetaregionalna.com\/wp-content\/uploads\/2021\/09\/marsz-wstazka-722x1024.jpg 722w, https:\/\/gazetaregionalna.com\/wp-content\/uploads\/2021\/09\/marsz-wstazka-212x300.jpg 212w, https:\/\/gazetaregionalna.com\/wp-content\/uploads\/2021\/09\/marsz-wstazka-768x1089.jpg 768w, https:\/\/gazetaregionalna.com\/wp-content\/uploads\/2021\/09\/marsz-wstazka-1083x1536.jpg 1083w, https:\/\/gazetaregionalna.com\/wp-content\/uploads\/2021\/09\/marsz-wstazka-1444x2048.jpg 1444w, https:\/\/gazetaregionalna.com\/wp-content\/uploads\/2021\/09\/marsz-wstazka-696x987.jpg 696w, https:\/\/gazetaregionalna.com\/wp-content\/uploads\/2021\/09\/marsz-wstazka-1068x1514.jpg 1068w, https:\/\/gazetaregionalna.com\/wp-content\/uploads\/2021\/09\/marsz-wstazka-1920x2722.jpg 1920w, https:\/\/gazetaregionalna.com\/wp-content\/uploads\/2021\/09\/marsz-wstazka-296x420.jpg 296w, https:\/\/gazetaregionalna.com\/wp-content\/uploads\/2021\/09\/marsz-wstazka-scaled.jpg 1129w\" data-sizes=\"(max-width: 722px) 100vw, 722px\" src=\"data:image\/svg+xml;base64,PHN2ZyB3aWR0aD0iMSIgaGVpZ2h0PSIxIiB4bWxucz0iaHR0cDovL3d3dy53My5vcmcvMjAwMC9zdmciPjwvc3ZnPg==\" style=\"--smush-placeholder-width: 722px; --smush-placeholder-aspect-ratio: 722\/1024;\" \/><\/figure>\n","protected":false},"excerpt":{"rendered":"<p>Marsz R\u00f3\u017cowej Wst\u0105\u017cki, organizowany przez&nbsp; Stowarzyszenie Cz\u0119stochowskie Amazonki odb\u0119dzie si\u0119 jutro. Start godzina 12. Marsz wyruszy w samo po\u0142udnie z Placu Biega\u0144skiego w kierunku<\/p>\n","protected":false},"author":7,"featured_media":55280,"comment_status":"open","ping_status":"open","sticky":false,"template":"","format":"standard","meta":{"_monsterinsights_skip_tracking":false,"_monsterinsights_sitenote_active":false,"_monsterinsights_sitenote_note":"","_monsterinsights_sitenote_category":0,"_uf_show_specific_survey":0,"_uf_disable_surveys":false,"footnotes":""},"categories":[94,3,2],"tags":[],"class_list":["post-55275","post","type-post","status-publish","format-standard","has-post-thumbnail","hentry","category-polecane","category-czestochowa-informacje","category-wiadomosci"],"_links":{"self":[{"href":"https:\/\/gazetaregionalna.com\/index.php?rest_route=\/wp\/v2\/posts\/55275","targetHints":{"allow":["GET"]}}],"collection":[{"href":"https:\/\/gazetaregionalna.com\/index.php?rest_route=\/wp\/v2\/posts"}],"about":[{"href":"https:\/\/gazetaregionalna.com\/index.php?rest_route=\/wp\/v2\/types\/post"}],"author":[{"embeddable":true,"href":"https:\/\/gazetaregionalna.com\/index.php?rest_route=\/wp\/v2\/users\/7"}],"replies":[{"embeddable":true,"href":"https:\/\/gazetaregionalna.com\/index.php?rest_route=%2Fwp%2Fv2%2Fcomments&post=55275"}],"version-history":[{"count":3,"href":"https:\/\/gazetaregionalna.com\/index.php?rest_route=\/wp\/v2\/posts\/55275\/revisions"}],"predecessor-version":[{"id":55282,"href":"https:\/\/gazetaregionalna.com\/index.php?rest_route=\/wp\/v2\/posts\/55275\/revisions\/55282"}],"wp:featuredmedia":[{"embeddable":true,"href":"https:\/\/gazetaregionalna.com\/index.php?rest_route=\/wp\/v2\/media\/55280"}],"wp:attachment":[{"href":"https:\/\/gazetaregionalna.com\/index.php?rest_route=%2Fwp%2Fv2%2Fmedia&parent=55275"}],"wp:term":[{"taxonomy":"category","embeddable":true,"href":"https:\/\/gazetaregionalna.com\/index.php?rest_route=%2Fwp%2Fv2%2Fcategories&post=55275"},{"taxonomy":"post_tag","embeddable":true,"href":"https:\/\/gazetaregionalna.com\/index.php?rest_route=%2Fwp%2Fv2%2Ftags&post=55275"}],"curies":[{"name":"wp","href":"https:\/\/api.w.org\/{rel}","templated":true}]}}