{"id":552,"date":"2018-09-22T09:05:55","date_gmt":"2018-09-22T09:05:55","guid":{"rendered":"http:\/\/gazetaregionalna.com\/?p=552"},"modified":"2018-09-21T21:49:16","modified_gmt":"2018-09-21T21:49:16","slug":"dzien-bez-samochodu","status":"publish","type":"post","link":"https:\/\/gazetaregionalna.com\/?p=552","title":{"rendered":"Dzie\u0144 bez samochodu"},"content":{"rendered":"<p>&nbsp;<\/p>\n<p dir=\"ltr\">Na dzie\u0144 dzisiejszy przypada dzie\u0144 bez samochodu.<\/p>\n<p dir=\"ltr\">W Cz\u0119stochowie za darmo pojedziemy komunikacj\u0105 miejsk\u0105 za okazaniem dowodu rejestracyjnego. A je\u015bli kto\u015b mimo pogody ma ochot\u0119 skorzysta\u0107 z rower\u00f3w miejskich &#8211; dwie godziny poje\u017adzi bezp\u0142atnie.<br \/>\nWysi\u0105d\u017amy z samochod\u00f3w w ten jeden dzie\u0144 w roku. Miejmy realny wp\u0142yw na popraw\u0119 jako\u015bci powietrza.<\/p>\n","protected":false},"excerpt":{"rendered":"<p>&nbsp; Na dzie\u0144 dzisiejszy przypada dzie\u0144 bez samochodu. W Cz\u0119stochowie za darmo pojedziemy komunikacj\u0105 miejsk\u0105 za okazaniem dowodu rejestracyjnego. A je\u015bli kto\u015b mimo pogody<\/p>\n","protected":false},"author":3,"featured_media":0,"comment_status":"open","ping_status":"closed","sticky":false,"template":"","format":"standard","meta":{"_monsterinsights_skip_tracking":false,"_monsterinsights_sitenote_active":false,"_monsterinsights_sitenote_note":"","_monsterinsights_sitenote_category":0,"_uf_show_specific_survey":0,"_uf_disable_surveys":false,"footnotes":""},"categories":[3,2],"tags":[],"class_list":["post-552","post","type-post","status-publish","format-standard","hentry","category-czestochowa-informacje","category-wiadomosci"],"_links":{"self":[{"href":"https:\/\/gazetaregionalna.com\/index.php?rest_route=\/wp\/v2\/posts\/552","targetHints":{"allow":["GET"]}}],"collection":[{"href":"https:\/\/gazetaregionalna.com\/index.php?rest_route=\/wp\/v2\/posts"}],"about":[{"href":"https:\/\/gazetaregionalna.com\/index.php?rest_route=\/wp\/v2\/types\/post"}],"author":[{"embeddable":true,"href":"https:\/\/gazetaregionalna.com\/index.php?rest_route=\/wp\/v2\/users\/3"}],"replies":[{"embeddable":true,"href":"https:\/\/gazetaregionalna.com\/index.php?rest_route=%2Fwp%2Fv2%2Fcomments&post=552"}],"version-history":[{"count":1,"href":"https:\/\/gazetaregionalna.com\/index.php?rest_route=\/wp\/v2\/posts\/552\/revisions"}],"predecessor-version":[{"id":553,"href":"https:\/\/gazetaregionalna.com\/index.php?rest_route=\/wp\/v2\/posts\/552\/revisions\/553"}],"wp:attachment":[{"href":"https:\/\/gazetaregionalna.com\/index.php?rest_route=%2Fwp%2Fv2%2Fmedia&parent=552"}],"wp:term":[{"taxonomy":"category","embeddable":true,"href":"https:\/\/gazetaregionalna.com\/index.php?rest_route=%2Fwp%2Fv2%2Fcategories&post=552"},{"taxonomy":"post_tag","embeddable":true,"href":"https:\/\/gazetaregionalna.com\/index.php?rest_route=%2Fwp%2Fv2%2Ftags&post=552"}],"curies":[{"name":"wp","href":"https:\/\/api.w.org\/{rel}","templated":true}]}}