{"id":54991,"date":"2021-09-12T09:50:13","date_gmt":"2021-09-12T09:50:13","guid":{"rendered":"https:\/\/gazetaregionalna.com\/?p=54991"},"modified":"2021-09-12T09:50:14","modified_gmt":"2021-09-12T09:50:14","slug":"sterowiec-nad-czestochowa","status":"publish","type":"post","link":"https:\/\/gazetaregionalna.com\/?p=54991","title":{"rendered":"Sterowiec nad Cz\u0119stochow\u0105"},"content":{"rendered":"\n<h2 class=\"wp-block-heading\">Dzisiaj tu\u017c przed 11 na niebie nad Cz\u0119stochow\u0105 pojawi\u0142 si\u0119 sterowiec. Drugi raz dzi\u015b b\u0119dzie to mo\u017cna zobaczy\u0107 ok. godz. 13.<\/h2>\n\n\n\n<p>Zeppelin lata od wczoraj nad wojew\u00f3dztwem \u015bl\u0105skim w ramach akcji promocyjnej firmy ZF.<\/p>\n\n\n\n<figure class=\"wp-block-gallery columns-3 is-cropped wp-block-gallery-1 is-layout-flex wp-block-gallery-is-layout-flex\"><ul class=\"blocks-gallery-grid\"><li class=\"blocks-gallery-item\"><figure><a href=\"https:\/\/gazetaregionalna.com\/wp-content\/uploads\/2021\/09\/received_389436475870056.jpeg\"><img decoding=\"async\" width=\"1024\" height=\"684\" data-src=\"https:\/\/gazetaregionalna.com\/wp-content\/uploads\/2021\/09\/received_389436475870056-1024x684.jpeg\" alt=\"\" data-id=\"54992\" data-full-url=\"https:\/\/gazetaregionalna.com\/wp-content\/uploads\/2021\/09\/received_389436475870056.jpeg\" data-link=\"https:\/\/gazetaregionalna.com\/?attachment_id=54992\" class=\"wp-image-54992 lazyload\" data-srcset=\"https:\/\/gazetaregionalna.com\/wp-content\/uploads\/2021\/09\/received_389436475870056-1024x684.jpeg 1024w, https:\/\/gazetaregionalna.com\/wp-content\/uploads\/2021\/09\/received_389436475870056-300x200.jpeg 300w, https:\/\/gazetaregionalna.com\/wp-content\/uploads\/2021\/09\/received_389436475870056-768x513.jpeg 768w, https:\/\/gazetaregionalna.com\/wp-content\/uploads\/2021\/09\/received_389436475870056-1536x1025.jpeg 1536w, https:\/\/gazetaregionalna.com\/wp-content\/uploads\/2021\/09\/received_389436475870056-696x465.jpeg 696w, https:\/\/gazetaregionalna.com\/wp-content\/uploads\/2021\/09\/received_389436475870056-1068x713.jpeg 1068w, https:\/\/gazetaregionalna.com\/wp-content\/uploads\/2021\/09\/received_389436475870056-1920x1282.jpeg 1920w, https:\/\/gazetaregionalna.com\/wp-content\/uploads\/2021\/09\/received_389436475870056-629x420.jpeg 629w, https:\/\/gazetaregionalna.com\/wp-content\/uploads\/2021\/09\/received_389436475870056.jpeg 2048w\" data-sizes=\"(max-width: 1024px) 100vw, 1024px\" src=\"data:image\/svg+xml;base64,PHN2ZyB3aWR0aD0iMSIgaGVpZ2h0PSIxIiB4bWxucz0iaHR0cDovL3d3dy53My5vcmcvMjAwMC9zdmciPjwvc3ZnPg==\" style=\"--smush-placeholder-width: 1024px; --smush-placeholder-aspect-ratio: 1024\/684;\" \/><\/a><\/figure><\/li><li class=\"blocks-gallery-item\"><figure><a href=\"https:\/\/gazetaregionalna.com\/wp-content\/uploads\/2021\/09\/received_1150940255398372.jpeg\"><img decoding=\"async\" width=\"1024\" height=\"684\" data-src=\"https:\/\/gazetaregionalna.com\/wp-content\/uploads\/2021\/09\/received_1150940255398372-1024x684.jpeg\" alt=\"\" data-id=\"54993\" data-full-url=\"https:\/\/gazetaregionalna.com\/wp-content\/uploads\/2021\/09\/received_1150940255398372.jpeg\" data-link=\"https:\/\/gazetaregionalna.com\/?attachment_id=54993\" class=\"wp-image-54993 lazyload\" data-srcset=\"https:\/\/gazetaregionalna.com\/wp-content\/uploads\/2021\/09\/received_1150940255398372-1024x684.jpeg 1024w, https:\/\/gazetaregionalna.com\/wp-content\/uploads\/2021\/09\/received_1150940255398372-300x200.jpeg 300w, https:\/\/gazetaregionalna.com\/wp-content\/uploads\/2021\/09\/received_1150940255398372-768x513.jpeg 768w, https:\/\/gazetaregionalna.com\/wp-content\/uploads\/2021\/09\/received_1150940255398372-1536x1025.jpeg 1536w, https:\/\/gazetaregionalna.com\/wp-content\/uploads\/2021\/09\/received_1150940255398372-696x465.jpeg 696w, https:\/\/gazetaregionalna.com\/wp-content\/uploads\/2021\/09\/received_1150940255398372-1068x713.jpeg 1068w, https:\/\/gazetaregionalna.com\/wp-content\/uploads\/2021\/09\/received_1150940255398372-1920x1282.jpeg 1920w, https:\/\/gazetaregionalna.com\/wp-content\/uploads\/2021\/09\/received_1150940255398372-629x420.jpeg 629w, https:\/\/gazetaregionalna.com\/wp-content\/uploads\/2021\/09\/received_1150940255398372.jpeg 2048w\" data-sizes=\"(max-width: 1024px) 100vw, 1024px\" src=\"data:image\/svg+xml;base64,PHN2ZyB3aWR0aD0iMSIgaGVpZ2h0PSIxIiB4bWxucz0iaHR0cDovL3d3dy53My5vcmcvMjAwMC9zdmciPjwvc3ZnPg==\" style=\"--smush-placeholder-width: 1024px; --smush-placeholder-aspect-ratio: 1024\/684;\" \/><\/a><\/figure><\/li><li class=\"blocks-gallery-item\"><figure><a href=\"https:\/\/gazetaregionalna.com\/wp-content\/uploads\/2021\/09\/received_2818323488465171.jpeg\"><img decoding=\"async\" width=\"1024\" height=\"684\" data-src=\"https:\/\/gazetaregionalna.com\/wp-content\/uploads\/2021\/09\/received_2818323488465171-1024x684.jpeg\" alt=\"\" data-id=\"54994\" data-full-url=\"https:\/\/gazetaregionalna.com\/wp-content\/uploads\/2021\/09\/received_2818323488465171.jpeg\" data-link=\"https:\/\/gazetaregionalna.com\/?attachment_id=54994\" class=\"wp-image-54994 lazyload\" data-srcset=\"https:\/\/gazetaregionalna.com\/wp-content\/uploads\/2021\/09\/received_2818323488465171-1024x684.jpeg 1024w, https:\/\/gazetaregionalna.com\/wp-content\/uploads\/2021\/09\/received_2818323488465171-300x200.jpeg 300w, https:\/\/gazetaregionalna.com\/wp-content\/uploads\/2021\/09\/received_2818323488465171-768x513.jpeg 768w, https:\/\/gazetaregionalna.com\/wp-content\/uploads\/2021\/09\/received_2818323488465171-1536x1025.jpeg 1536w, https:\/\/gazetaregionalna.com\/wp-content\/uploads\/2021\/09\/received_2818323488465171-696x465.jpeg 696w, https:\/\/gazetaregionalna.com\/wp-content\/uploads\/2021\/09\/received_2818323488465171-1068x713.jpeg 1068w, https:\/\/gazetaregionalna.com\/wp-content\/uploads\/2021\/09\/received_2818323488465171-1920x1282.jpeg 1920w, https:\/\/gazetaregionalna.com\/wp-content\/uploads\/2021\/09\/received_2818323488465171-629x420.jpeg 629w, https:\/\/gazetaregionalna.com\/wp-content\/uploads\/2021\/09\/received_2818323488465171.jpeg 2048w\" data-sizes=\"(max-width: 1024px) 100vw, 1024px\" src=\"data:image\/svg+xml;base64,PHN2ZyB3aWR0aD0iMSIgaGVpZ2h0PSIxIiB4bWxucz0iaHR0cDovL3d3dy53My5vcmcvMjAwMC9zdmciPjwvc3ZnPg==\" style=\"--smush-placeholder-width: 1024px; --smush-placeholder-aspect-ratio: 1024\/684;\" \/><\/a><\/figure><\/li><li class=\"blocks-gallery-item\"><figure><a href=\"https:\/\/gazetaregionalna.com\/wp-content\/uploads\/2021\/09\/received_336016544981016.jpeg\"><img decoding=\"async\" width=\"1024\" height=\"684\" data-src=\"https:\/\/gazetaregionalna.com\/wp-content\/uploads\/2021\/09\/received_336016544981016-1024x684.jpeg\" alt=\"\" data-id=\"54995\" data-full-url=\"https:\/\/gazetaregionalna.com\/wp-content\/uploads\/2021\/09\/received_336016544981016.jpeg\" data-link=\"https:\/\/gazetaregionalna.com\/?attachment_id=54995\" class=\"wp-image-54995 lazyload\" data-srcset=\"https:\/\/gazetaregionalna.com\/wp-content\/uploads\/2021\/09\/received_336016544981016-1024x684.jpeg 1024w, https:\/\/gazetaregionalna.com\/wp-content\/uploads\/2021\/09\/received_336016544981016-300x200.jpeg 300w, https:\/\/gazetaregionalna.com\/wp-content\/uploads\/2021\/09\/received_336016544981016-768x513.jpeg 768w, https:\/\/gazetaregionalna.com\/wp-content\/uploads\/2021\/09\/received_336016544981016-1536x1025.jpeg 1536w, https:\/\/gazetaregionalna.com\/wp-content\/uploads\/2021\/09\/received_336016544981016-696x465.jpeg 696w, https:\/\/gazetaregionalna.com\/wp-content\/uploads\/2021\/09\/received_336016544981016-1068x713.jpeg 1068w, https:\/\/gazetaregionalna.com\/wp-content\/uploads\/2021\/09\/received_336016544981016-1920x1282.jpeg 1920w, https:\/\/gazetaregionalna.com\/wp-content\/uploads\/2021\/09\/received_336016544981016-629x420.jpeg 629w, https:\/\/gazetaregionalna.com\/wp-content\/uploads\/2021\/09\/received_336016544981016.jpeg 2048w\" data-sizes=\"(max-width: 1024px) 100vw, 1024px\" src=\"data:image\/svg+xml;base64,PHN2ZyB3aWR0aD0iMSIgaGVpZ2h0PSIxIiB4bWxucz0iaHR0cDovL3d3dy53My5vcmcvMjAwMC9zdmciPjwvc3ZnPg==\" style=\"--smush-placeholder-width: 1024px; --smush-placeholder-aspect-ratio: 1024\/684;\" \/><\/a><\/figure><\/li><li class=\"blocks-gallery-item\"><figure><a href=\"https:\/\/gazetaregionalna.com\/wp-content\/uploads\/2021\/09\/received_833487290665656.jpeg\"><img decoding=\"async\" width=\"1024\" height=\"684\" data-src=\"https:\/\/gazetaregionalna.com\/wp-content\/uploads\/2021\/09\/received_833487290665656-1024x684.jpeg\" alt=\"\" data-id=\"54996\" data-full-url=\"https:\/\/gazetaregionalna.com\/wp-content\/uploads\/2021\/09\/received_833487290665656.jpeg\" data-link=\"https:\/\/gazetaregionalna.com\/?attachment_id=54996\" class=\"wp-image-54996 lazyload\" data-srcset=\"https:\/\/gazetaregionalna.com\/wp-content\/uploads\/2021\/09\/received_833487290665656-1024x684.jpeg 1024w, https:\/\/gazetaregionalna.com\/wp-content\/uploads\/2021\/09\/received_833487290665656-300x200.jpeg 300w, https:\/\/gazetaregionalna.com\/wp-content\/uploads\/2021\/09\/received_833487290665656-768x513.jpeg 768w, https:\/\/gazetaregionalna.com\/wp-content\/uploads\/2021\/09\/received_833487290665656-1536x1025.jpeg 1536w, https:\/\/gazetaregionalna.com\/wp-content\/uploads\/2021\/09\/received_833487290665656-696x465.jpeg 696w, https:\/\/gazetaregionalna.com\/wp-content\/uploads\/2021\/09\/received_833487290665656-1068x713.jpeg 1068w, https:\/\/gazetaregionalna.com\/wp-content\/uploads\/2021\/09\/received_833487290665656-1920x1282.jpeg 1920w, https:\/\/gazetaregionalna.com\/wp-content\/uploads\/2021\/09\/received_833487290665656-629x420.jpeg 629w, https:\/\/gazetaregionalna.com\/wp-content\/uploads\/2021\/09\/received_833487290665656.jpeg 2048w\" data-sizes=\"(max-width: 1024px) 100vw, 1024px\" src=\"data:image\/svg+xml;base64,PHN2ZyB3aWR0aD0iMSIgaGVpZ2h0PSIxIiB4bWxucz0iaHR0cDovL3d3dy53My5vcmcvMjAwMC9zdmciPjwvc3ZnPg==\" style=\"--smush-placeholder-width: 1024px; --smush-placeholder-aspect-ratio: 1024\/684;\" \/><\/a><\/figure><\/li><li class=\"blocks-gallery-item\"><figure><a href=\"https:\/\/gazetaregionalna.com\/wp-content\/uploads\/2021\/09\/received_536201437456941.jpeg\"><img decoding=\"async\" width=\"1024\" height=\"684\" data-src=\"https:\/\/gazetaregionalna.com\/wp-content\/uploads\/2021\/09\/received_536201437456941-1024x684.jpeg\" alt=\"\" data-id=\"54997\" data-full-url=\"https:\/\/gazetaregionalna.com\/wp-content\/uploads\/2021\/09\/received_536201437456941.jpeg\" data-link=\"https:\/\/gazetaregionalna.com\/?attachment_id=54997\" class=\"wp-image-54997 lazyload\" data-srcset=\"https:\/\/gazetaregionalna.com\/wp-content\/uploads\/2021\/09\/received_536201437456941-1024x684.jpeg 1024w, https:\/\/gazetaregionalna.com\/wp-content\/uploads\/2021\/09\/received_536201437456941-300x200.jpeg 300w, https:\/\/gazetaregionalna.com\/wp-content\/uploads\/2021\/09\/received_536201437456941-768x513.jpeg 768w, https:\/\/gazetaregionalna.com\/wp-content\/uploads\/2021\/09\/received_536201437456941-1536x1025.jpeg 1536w, https:\/\/gazetaregionalna.com\/wp-content\/uploads\/2021\/09\/received_536201437456941-696x465.jpeg 696w, https:\/\/gazetaregionalna.com\/wp-content\/uploads\/2021\/09\/received_536201437456941-1068x713.jpeg 1068w, https:\/\/gazetaregionalna.com\/wp-content\/uploads\/2021\/09\/received_536201437456941-1920x1282.jpeg 1920w, https:\/\/gazetaregionalna.com\/wp-content\/uploads\/2021\/09\/received_536201437456941-629x420.jpeg 629w, https:\/\/gazetaregionalna.com\/wp-content\/uploads\/2021\/09\/received_536201437456941.jpeg 2048w\" data-sizes=\"(max-width: 1024px) 100vw, 1024px\" src=\"data:image\/svg+xml;base64,PHN2ZyB3aWR0aD0iMSIgaGVpZ2h0PSIxIiB4bWxucz0iaHR0cDovL3d3dy53My5vcmcvMjAwMC9zdmciPjwvc3ZnPg==\" style=\"--smush-placeholder-width: 1024px; --smush-placeholder-aspect-ratio: 1024\/684;\" \/><\/a><\/figure><\/li><li class=\"blocks-gallery-item\"><figure><a href=\"https:\/\/gazetaregionalna.com\/wp-content\/uploads\/2021\/09\/received_2689524134690796.jpeg\"><img decoding=\"async\" width=\"1024\" height=\"684\" data-src=\"https:\/\/gazetaregionalna.com\/wp-content\/uploads\/2021\/09\/received_2689524134690796-1024x684.jpeg\" alt=\"\" data-id=\"54998\" data-full-url=\"https:\/\/gazetaregionalna.com\/wp-content\/uploads\/2021\/09\/received_2689524134690796.jpeg\" data-link=\"https:\/\/gazetaregionalna.com\/?attachment_id=54998\" class=\"wp-image-54998 lazyload\" data-srcset=\"https:\/\/gazetaregionalna.com\/wp-content\/uploads\/2021\/09\/received_2689524134690796-1024x684.jpeg 1024w, https:\/\/gazetaregionalna.com\/wp-content\/uploads\/2021\/09\/received_2689524134690796-300x200.jpeg 300w, https:\/\/gazetaregionalna.com\/wp-content\/uploads\/2021\/09\/received_2689524134690796-768x513.jpeg 768w, https:\/\/gazetaregionalna.com\/wp-content\/uploads\/2021\/09\/received_2689524134690796-1536x1025.jpeg 1536w, https:\/\/gazetaregionalna.com\/wp-content\/uploads\/2021\/09\/received_2689524134690796-696x465.jpeg 696w, https:\/\/gazetaregionalna.com\/wp-content\/uploads\/2021\/09\/received_2689524134690796-1068x713.jpeg 1068w, https:\/\/gazetaregionalna.com\/wp-content\/uploads\/2021\/09\/received_2689524134690796-1920x1282.jpeg 1920w, https:\/\/gazetaregionalna.com\/wp-content\/uploads\/2021\/09\/received_2689524134690796-629x420.jpeg 629w, https:\/\/gazetaregionalna.com\/wp-content\/uploads\/2021\/09\/received_2689524134690796.jpeg 2048w\" data-sizes=\"(max-width: 1024px) 100vw, 1024px\" src=\"data:image\/svg+xml;base64,PHN2ZyB3aWR0aD0iMSIgaGVpZ2h0PSIxIiB4bWxucz0iaHR0cDovL3d3dy53My5vcmcvMjAwMC9zdmciPjwvc3ZnPg==\" style=\"--smush-placeholder-width: 1024px; --smush-placeholder-aspect-ratio: 1024\/684;\" \/><\/a><\/figure><\/li><li class=\"blocks-gallery-item\"><figure><a href=\"https:\/\/gazetaregionalna.com\/wp-content\/uploads\/2021\/09\/received_2883960505061067.jpeg\"><img decoding=\"async\" width=\"1024\" height=\"684\" data-src=\"https:\/\/gazetaregionalna.com\/wp-content\/uploads\/2021\/09\/received_2883960505061067-1024x684.jpeg\" alt=\"\" data-id=\"54999\" data-full-url=\"https:\/\/gazetaregionalna.com\/wp-content\/uploads\/2021\/09\/received_2883960505061067.jpeg\" data-link=\"https:\/\/gazetaregionalna.com\/?attachment_id=54999\" class=\"wp-image-54999 lazyload\" data-srcset=\"https:\/\/gazetaregionalna.com\/wp-content\/uploads\/2021\/09\/received_2883960505061067-1024x684.jpeg 1024w, https:\/\/gazetaregionalna.com\/wp-content\/uploads\/2021\/09\/received_2883960505061067-300x200.jpeg 300w, https:\/\/gazetaregionalna.com\/wp-content\/uploads\/2021\/09\/received_2883960505061067-768x513.jpeg 768w, https:\/\/gazetaregionalna.com\/wp-content\/uploads\/2021\/09\/received_2883960505061067-1536x1025.jpeg 1536w, https:\/\/gazetaregionalna.com\/wp-content\/uploads\/2021\/09\/received_2883960505061067-696x465.jpeg 696w, https:\/\/gazetaregionalna.com\/wp-content\/uploads\/2021\/09\/received_2883960505061067-1068x713.jpeg 1068w, https:\/\/gazetaregionalna.com\/wp-content\/uploads\/2021\/09\/received_2883960505061067-1920x1282.jpeg 1920w, https:\/\/gazetaregionalna.com\/wp-content\/uploads\/2021\/09\/received_2883960505061067-629x420.jpeg 629w, https:\/\/gazetaregionalna.com\/wp-content\/uploads\/2021\/09\/received_2883960505061067.jpeg 2048w\" data-sizes=\"(max-width: 1024px) 100vw, 1024px\" src=\"data:image\/svg+xml;base64,PHN2ZyB3aWR0aD0iMSIgaGVpZ2h0PSIxIiB4bWxucz0iaHR0cDovL3d3dy53My5vcmcvMjAwMC9zdmciPjwvc3ZnPg==\" style=\"--smush-placeholder-width: 1024px; --smush-placeholder-aspect-ratio: 1024\/684;\" \/><\/a><\/figure><\/li><\/ul><\/figure>\n","protected":false},"excerpt":{"rendered":"<p>Dzisiaj tu\u017c przed 11 na niebie nad Cz\u0119stochow\u0105 pojawi\u0142 si\u0119 sterowiec. Drugi raz dzi\u015b b\u0119dzie to mo\u017cna zobaczy\u0107 ok. godz. 13. Zeppelin lata od<\/p>\n","protected":false},"author":7,"featured_media":54999,"comment_status":"open","ping_status":"open","sticky":false,"template":"","format":"standard","meta":{"_monsterinsights_skip_tracking":false,"_monsterinsights_sitenote_active":false,"_monsterinsights_sitenote_note":"","_monsterinsights_sitenote_category":0,"_uf_show_specific_survey":0,"_uf_disable_surveys":false,"footnotes":""},"categories":[94,3,2],"tags":[],"class_list":["post-54991","post","type-post","status-publish","format-standard","has-post-thumbnail","hentry","category-polecane","category-czestochowa-informacje","category-wiadomosci"],"_links":{"self":[{"href":"https:\/\/gazetaregionalna.com\/index.php?rest_route=\/wp\/v2\/posts\/54991","targetHints":{"allow":["GET"]}}],"collection":[{"href":"https:\/\/gazetaregionalna.com\/index.php?rest_route=\/wp\/v2\/posts"}],"about":[{"href":"https:\/\/gazetaregionalna.com\/index.php?rest_route=\/wp\/v2\/types\/post"}],"author":[{"embeddable":true,"href":"https:\/\/gazetaregionalna.com\/index.php?rest_route=\/wp\/v2\/users\/7"}],"replies":[{"embeddable":true,"href":"https:\/\/gazetaregionalna.com\/index.php?rest_route=%2Fwp%2Fv2%2Fcomments&post=54991"}],"version-history":[{"count":1,"href":"https:\/\/gazetaregionalna.com\/index.php?rest_route=\/wp\/v2\/posts\/54991\/revisions"}],"predecessor-version":[{"id":55000,"href":"https:\/\/gazetaregionalna.com\/index.php?rest_route=\/wp\/v2\/posts\/54991\/revisions\/55000"}],"wp:featuredmedia":[{"embeddable":true,"href":"https:\/\/gazetaregionalna.com\/index.php?rest_route=\/wp\/v2\/media\/54999"}],"wp:attachment":[{"href":"https:\/\/gazetaregionalna.com\/index.php?rest_route=%2Fwp%2Fv2%2Fmedia&parent=54991"}],"wp:term":[{"taxonomy":"category","embeddable":true,"href":"https:\/\/gazetaregionalna.com\/index.php?rest_route=%2Fwp%2Fv2%2Fcategories&post=54991"},{"taxonomy":"post_tag","embeddable":true,"href":"https:\/\/gazetaregionalna.com\/index.php?rest_route=%2Fwp%2Fv2%2Ftags&post=54991"}],"curies":[{"name":"wp","href":"https:\/\/api.w.org\/{rel}","templated":true}]}}