{"id":5487,"date":"2019-08-20T12:08:00","date_gmt":"2019-08-20T12:08:00","guid":{"rendered":"https:\/\/gazetaregionalna.com\/?p=5487"},"modified":"2019-08-20T12:08:03","modified_gmt":"2019-08-20T12:08:03","slug":"mamy-mistrza-polski","status":"publish","type":"post","link":"https:\/\/gazetaregionalna.com\/?p=5487","title":{"rendered":"Mamy Mistrza Polski"},"content":{"rendered":"\n<p>Bart\u0142omiej Mirecki, cz\u0119stochowski kierowca wy\u015bcigowy zanotowa\u0142 na swoim koncie kolejny sukces. Ponownie zosta\u0142 Mistrzem Polski w wy\u015bcigach samochodowych. Jego osi\u0105gni\u0119cie jest tym wi\u0119ksze, \u017ce  dzi\u0119ki swoim wynikom wygran\u0105 w klasyfikacji \u0142\u0105cznej zapewni\u0142 sobie na dwa wy\u015bcigi przed ko\u0144cem sezonu.<br> Kluczowy dla cz\u0119stochowskiego zawodnika okaza\u0142 si\u0119 ostatni wy\u015bcig, kt\u00f3ry w ramach jednej z rund Wy\u015bcigowych Samochodowych Mistrzostw Polski odby\u0142 si\u0119 na \u0141otwie. Bart\u0142omiej Mirecki wystartowa\u0142 w nim za kierownic\u0105 Renault Clio CUP. Cz\u0119stochowianin w pierwszym wy\u015bcigu dojecha\u0142 na met\u0119 jako drugi, ust\u0119puj\u0105c pola jedynie swojemu koledze z zespo\u0142u BM Racing Team \u2013 Szymonowi Jab\u0142o\u0144skiemu. Druga lokata pozwoli\u0142a jednak Bart\u0142omiejowi Mireckiemu uzyska\u0107 niezb\u0119dn\u0105 przewag\u0119 punktow\u0105 i zdoby\u0107 mistrzowski tytu\u0142. Mimo pewnej pozycji zawodnik Automobilklubu Cz\u0119stochowskiego w drugim wy\u015bcigu \u0142otewskiej rywalizacji przypiecz\u0119towa\u0142 wygran\u0105 w klasyfikacji \u0142\u0105cznej, przyje\u017cd\u017caj\u0105c na met\u0119 jako pierwszy.<\/p>\n\n\n\n<figure class=\"wp-block-image\"><img decoding=\"async\" width=\"800\" height=\"600\" data-src=\"https:\/\/gazetaregionalna.com\/wp-content\/uploads\/2019\/08\/mir1.jpg\" alt=\"\" class=\"wp-image-5488 lazyload\" data-srcset=\"https:\/\/gazetaregionalna.com\/wp-content\/uploads\/2019\/08\/mir1.jpg 800w, https:\/\/gazetaregionalna.com\/wp-content\/uploads\/2019\/08\/mir1-300x225.jpg 300w, https:\/\/gazetaregionalna.com\/wp-content\/uploads\/2019\/08\/mir1-768x576.jpg 768w, https:\/\/gazetaregionalna.com\/wp-content\/uploads\/2019\/08\/mir1-80x60.jpg 80w, https:\/\/gazetaregionalna.com\/wp-content\/uploads\/2019\/08\/mir1-265x198.jpg 265w, https:\/\/gazetaregionalna.com\/wp-content\/uploads\/2019\/08\/mir1-696x522.jpg 696w, https:\/\/gazetaregionalna.com\/wp-content\/uploads\/2019\/08\/mir1-560x420.jpg 560w\" data-sizes=\"(max-width: 800px) 100vw, 800px\" src=\"data:image\/svg+xml;base64,PHN2ZyB3aWR0aD0iMSIgaGVpZ2h0PSIxIiB4bWxucz0iaHR0cDovL3d3dy53My5vcmcvMjAwMC9zdmciPjwvc3ZnPg==\" style=\"--smush-placeholder-width: 800px; --smush-placeholder-aspect-ratio: 800\/600;\" \/><\/figure>\n\n\n\n<p><br> W Rydze cz\u0119stochowianin startowa\u0142 nie tylko sprintach, ale te\u017c w dwugodzinnym wy\u015bcigu d\u0142ugodystansowym. Jego zmiennikami byli koledzy z BM Racing Team: Karol Urbaniak oraz Szymon Jab\u0142o\u0144ski.<br> Teraz Mistrz Polski walczy\u0107 b\u0119dzie na S\u0142owacji oraz w Czechach o tytu\u0142 Mistrza Europy.<br> Wyniki Bart\u0142omieja Mireckiego, a tak\u017ce zdj\u0119cia, filmy i transmisje na \u017cywo mo\u017cna \u015bledzi\u0107 za po\u015brednictwem stron internetowych:<br> www.facebook.com\/bmracingteam<br> www.facebook.com\/bartlomiejmireckiofficial<br> www.instagram.com\/bm_racing_team<br> www.bartekmirecki.pl<\/p>\n","protected":false},"excerpt":{"rendered":"<p>Bart\u0142omiej Mirecki, cz\u0119stochowski kierowca wy\u015bcigowy zanotowa\u0142 na swoim koncie kolejny sukces. Ponownie zosta\u0142 Mistrzem Polski w wy\u015bcigach samochodowych. Jego osi\u0105gni\u0119cie jest tym wi\u0119ksze, \u017ce<\/p>\n","protected":false},"author":3,"featured_media":5489,"comment_status":"open","ping_status":"open","sticky":false,"template":"","format":"standard","meta":{"_monsterinsights_skip_tracking":false,"_monsterinsights_sitenote_active":false,"_monsterinsights_sitenote_note":"","_monsterinsights_sitenote_category":0,"_uf_show_specific_survey":0,"_uf_disable_surveys":false,"footnotes":""},"categories":[3,18,11,5,2],"tags":[],"class_list":["post-5487","post","type-post","status-publish","format-standard","has-post-thumbnail","hentry","category-czestochowa-informacje","category-motoryzacja","category-pozostale","category-sport","category-wiadomosci"],"_links":{"self":[{"href":"https:\/\/gazetaregionalna.com\/index.php?rest_route=\/wp\/v2\/posts\/5487","targetHints":{"allow":["GET"]}}],"collection":[{"href":"https:\/\/gazetaregionalna.com\/index.php?rest_route=\/wp\/v2\/posts"}],"about":[{"href":"https:\/\/gazetaregionalna.com\/index.php?rest_route=\/wp\/v2\/types\/post"}],"author":[{"embeddable":true,"href":"https:\/\/gazetaregionalna.com\/index.php?rest_route=\/wp\/v2\/users\/3"}],"replies":[{"embeddable":true,"href":"https:\/\/gazetaregionalna.com\/index.php?rest_route=%2Fwp%2Fv2%2Fcomments&post=5487"}],"version-history":[{"count":1,"href":"https:\/\/gazetaregionalna.com\/index.php?rest_route=\/wp\/v2\/posts\/5487\/revisions"}],"predecessor-version":[{"id":5490,"href":"https:\/\/gazetaregionalna.com\/index.php?rest_route=\/wp\/v2\/posts\/5487\/revisions\/5490"}],"wp:featuredmedia":[{"embeddable":true,"href":"https:\/\/gazetaregionalna.com\/index.php?rest_route=\/wp\/v2\/media\/5489"}],"wp:attachment":[{"href":"https:\/\/gazetaregionalna.com\/index.php?rest_route=%2Fwp%2Fv2%2Fmedia&parent=5487"}],"wp:term":[{"taxonomy":"category","embeddable":true,"href":"https:\/\/gazetaregionalna.com\/index.php?rest_route=%2Fwp%2Fv2%2Fcategories&post=5487"},{"taxonomy":"post_tag","embeddable":true,"href":"https:\/\/gazetaregionalna.com\/index.php?rest_route=%2Fwp%2Fv2%2Ftags&post=5487"}],"curies":[{"name":"wp","href":"https:\/\/api.w.org\/{rel}","templated":true}]}}