{"id":5482,"date":"2019-08-19T11:36:52","date_gmt":"2019-08-19T11:36:52","guid":{"rendered":"https:\/\/gazetaregionalna.com\/?p=5482"},"modified":"2019-08-19T11:36:55","modified_gmt":"2019-08-19T11:36:55","slug":"w-starym-kinie","status":"publish","type":"post","link":"https:\/\/gazetaregionalna.com\/?p=5482","title":{"rendered":"W starym kinie"},"content":{"rendered":"\n<p>W najbli\u017cszy czwartek, 22 sierpnia w ramach cyklu \u201eAleje tu si\u0119 dzieje\u201d cz\u0119stochowski\u00a0OKF\u00a0zaprasza na spotkanie z przedwojennym kinem. W \u201eIluzji\u201d o godzinie 17 odb\u0119dzie si\u0119 pokaz pochodz\u0105cego z 1935 roku czarno-bia\u0142ego polskiego filmu fabularnego w re\u017cyserii Micha\u0142a\u00a0Waszy\u0144skiego\u00a0pt. \u201eAntek Policmajster\u201d. W filmie tym wyst\u0105pi\u0142 Adolf Dymsza oraz pochodz\u0105cy z Cz\u0119stochowy Antoni\u00a0Fertner.<\/p>\n\n\n\n<figure class=\"wp-block-image\"><img decoding=\"async\" width=\"620\" height=\"349\" data-src=\"https:\/\/gazetaregionalna.com\/wp-content\/uploads\/2019\/08\/antek-policmajster-620x349.png\" alt=\"\" class=\"wp-image-5483 lazyload\" data-srcset=\"https:\/\/gazetaregionalna.com\/wp-content\/uploads\/2019\/08\/antek-policmajster-620x349.png 620w, https:\/\/gazetaregionalna.com\/wp-content\/uploads\/2019\/08\/antek-policmajster-620x349-300x169.png 300w\" data-sizes=\"(max-width: 620px) 100vw, 620px\" src=\"data:image\/svg+xml;base64,PHN2ZyB3aWR0aD0iMSIgaGVpZ2h0PSIxIiB4bWxucz0iaHR0cDovL3d3dy53My5vcmcvMjAwMC9zdmciPjwvc3ZnPg==\" style=\"--smush-placeholder-width: 620px; --smush-placeholder-aspect-ratio: 620\/349;\" \/><\/figure>\n\n\n\n<p><br> Po projekcji odb\u0119dzie si\u0119 spotkanie\u00a0ze Stanis\u0142awem Janickim. Go\u015b\u0107\u00a0\u201eIluzji\u201d jest pisarzem, dziennikarzem i scenarzyst\u0105, krytykiem filmowy i historykiem kina, doktorem nauk humanistycznych na Uniwersytecie Adama Mickiewicza w Poznaniu. W latach 1959\u20131970 pracowa\u0142 jako redaktor miesi\u0119cznika \u201eFilm\u201d, w latach 1970\u20131974 miesi\u0119cznika \u201eKino\u201d. By\u0142 autorem cyklicznego programu TVP pt. \u201eW starym kinie\u201d. By\u0142 to najd\u0142u\u017cej nadawany program filmowy w historii polskiej telewizji (od 1967 do 1999). Jest autorem audycji pt. \u201eOdeon Stanis\u0142awa Janickiego\u201d nadawanego w radiu RMF Classic.<br> W trakcie spotkania b\u0119dzie mo\u017cna zakupi\u0107 ksi\u0105\u017ck\u0119 \u201eW starym kinie Stanis\u0142awa Janickiego\u201d Andrzeja Pacu\u0142y. Jest to biografia dziennikarza, kt\u00f3ry prowadzi\u0142 kultowy program \u201eW starym kinie\u201d. <\/p>\n","protected":false},"excerpt":{"rendered":"<p>W najbli\u017cszy czwartek, 22 sierpnia w ramach cyklu \u201eAleje tu si\u0119 dzieje\u201d cz\u0119stochowski\u00a0OKF\u00a0zaprasza na spotkanie z przedwojennym kinem. W \u201eIluzji\u201d o godzinie 17 odb\u0119dzie<\/p>\n","protected":false},"author":3,"featured_media":5484,"comment_status":"open","ping_status":"open","sticky":false,"template":"","format":"standard","meta":{"_monsterinsights_skip_tracking":false,"_monsterinsights_sitenote_active":false,"_monsterinsights_sitenote_note":"","_monsterinsights_sitenote_category":0,"_uf_show_specific_survey":0,"_uf_disable_surveys":false,"footnotes":""},"categories":[3,12,2,13],"tags":[],"class_list":["post-5482","post","type-post","status-publish","format-standard","has-post-thumbnail","hentry","category-czestochowa-informacje","category-kultura-i-rozrywka","category-wiadomosci","category-wydarzenia"],"_links":{"self":[{"href":"https:\/\/gazetaregionalna.com\/index.php?rest_route=\/wp\/v2\/posts\/5482","targetHints":{"allow":["GET"]}}],"collection":[{"href":"https:\/\/gazetaregionalna.com\/index.php?rest_route=\/wp\/v2\/posts"}],"about":[{"href":"https:\/\/gazetaregionalna.com\/index.php?rest_route=\/wp\/v2\/types\/post"}],"author":[{"embeddable":true,"href":"https:\/\/gazetaregionalna.com\/index.php?rest_route=\/wp\/v2\/users\/3"}],"replies":[{"embeddable":true,"href":"https:\/\/gazetaregionalna.com\/index.php?rest_route=%2Fwp%2Fv2%2Fcomments&post=5482"}],"version-history":[{"count":1,"href":"https:\/\/gazetaregionalna.com\/index.php?rest_route=\/wp\/v2\/posts\/5482\/revisions"}],"predecessor-version":[{"id":5485,"href":"https:\/\/gazetaregionalna.com\/index.php?rest_route=\/wp\/v2\/posts\/5482\/revisions\/5485"}],"wp:featuredmedia":[{"embeddable":true,"href":"https:\/\/gazetaregionalna.com\/index.php?rest_route=\/wp\/v2\/media\/5484"}],"wp:attachment":[{"href":"https:\/\/gazetaregionalna.com\/index.php?rest_route=%2Fwp%2Fv2%2Fmedia&parent=5482"}],"wp:term":[{"taxonomy":"category","embeddable":true,"href":"https:\/\/gazetaregionalna.com\/index.php?rest_route=%2Fwp%2Fv2%2Fcategories&post=5482"},{"taxonomy":"post_tag","embeddable":true,"href":"https:\/\/gazetaregionalna.com\/index.php?rest_route=%2Fwp%2Fv2%2Ftags&post=5482"}],"curies":[{"name":"wp","href":"https:\/\/api.w.org\/{rel}","templated":true}]}}