{"id":5438,"date":"2019-08-18T03:37:05","date_gmt":"2019-08-18T03:37:05","guid":{"rendered":"https:\/\/gazetaregionalna.com\/?p=5438"},"modified":"2019-08-17T15:40:27","modified_gmt":"2019-08-17T15:40:27","slug":"swietowali-jubilaci","status":"publish","type":"post","link":"https:\/\/gazetaregionalna.com\/?p=5438","title":{"rendered":"\u015awi\u0119towali jubilaci"},"content":{"rendered":"\n<p>Pi\u0119tna\u015bcie par, kt\u00f3re prze\u017cy\u0142y z sob\u0105 50 lat \u015bwi\u0119towa\u0142o wsp\u00f3lnie z w\u0142adzami Radomska swoje Z\u0142ote Gody. Wzruszaj\u0105ca uroczysto\u015b\u0107 mia\u0142a miejsce w Urz\u0119dzie Stanu Cywilnego w Radomsku.<br> Ma\u0142\u017conkowie uhonorowali zostali \u201eMedali za D\u0142ugoletnie Po\u017cycie Ma\u0142\u017ce\u0144skie\u201d przyznawanymi przez Prezydenta RP. Medale wr\u0119czy\u0142 im prezydent Radomska Jaros\u0142aw Ferenc. Razem z nim gratulacje jubilatom przekaza\u0142  przewodnicz\u0105cy Rady Miejskiej w Radomsku Rafa\u0142 D\u0119bski.<br> Jak na tak donios\u0142\u0105 chwil\u0119 przysta\u0142o, by\u0142y kwiaty, gratulacje, \u017cyczenia oraz wsp\u00f3lny toast.<\/p>\n\n\n\n<ul class=\"wp-block-gallery columns-3 is-cropped wp-block-gallery-1 is-layout-flex wp-block-gallery-is-layout-flex\"><li class=\"blocks-gallery-item\"><figure><img decoding=\"async\" width=\"1000\" height=\"667\" data-src=\"https:\/\/gazetaregionalna.com\/wp-content\/uploads\/2019\/08\/1-2-1566050440.jpg\" alt=\"\" data-id=\"5439\" data-link=\"https:\/\/gazetaregionalna.com\/?attachment_id=5439\" class=\"wp-image-5439 lazyload\" data-srcset=\"https:\/\/gazetaregionalna.com\/wp-content\/uploads\/2019\/08\/1-2-1566050440.jpg 1000w, https:\/\/gazetaregionalna.com\/wp-content\/uploads\/2019\/08\/1-2-1566050440-300x200.jpg 300w, https:\/\/gazetaregionalna.com\/wp-content\/uploads\/2019\/08\/1-2-1566050440-768x512.jpg 768w, https:\/\/gazetaregionalna.com\/wp-content\/uploads\/2019\/08\/1-2-1566050440-696x464.jpg 696w, https:\/\/gazetaregionalna.com\/wp-content\/uploads\/2019\/08\/1-2-1566050440-630x420.jpg 630w\" data-sizes=\"(max-width: 1000px) 100vw, 1000px\" src=\"data:image\/svg+xml;base64,PHN2ZyB3aWR0aD0iMSIgaGVpZ2h0PSIxIiB4bWxucz0iaHR0cDovL3d3dy53My5vcmcvMjAwMC9zdmciPjwvc3ZnPg==\" style=\"--smush-placeholder-width: 1000px; --smush-placeholder-aspect-ratio: 1000\/667;\" \/><\/figure><\/li><li class=\"blocks-gallery-item\"><figure><img decoding=\"async\" width=\"788\" height=\"390\" data-src=\"https:\/\/gazetaregionalna.com\/wp-content\/uploads\/2019\/08\/1-4-1566050440.jpg\" alt=\"\" data-id=\"5440\" data-link=\"https:\/\/gazetaregionalna.com\/?attachment_id=5440\" class=\"wp-image-5440 lazyload\" data-srcset=\"https:\/\/gazetaregionalna.com\/wp-content\/uploads\/2019\/08\/1-4-1566050440.jpg 788w, https:\/\/gazetaregionalna.com\/wp-content\/uploads\/2019\/08\/1-4-1566050440-300x148.jpg 300w, https:\/\/gazetaregionalna.com\/wp-content\/uploads\/2019\/08\/1-4-1566050440-768x380.jpg 768w, https:\/\/gazetaregionalna.com\/wp-content\/uploads\/2019\/08\/1-4-1566050440-324x160.jpg 324w, https:\/\/gazetaregionalna.com\/wp-content\/uploads\/2019\/08\/1-4-1566050440-696x344.jpg 696w\" data-sizes=\"(max-width: 788px) 100vw, 788px\" src=\"data:image\/svg+xml;base64,PHN2ZyB3aWR0aD0iMSIgaGVpZ2h0PSIxIiB4bWxucz0iaHR0cDovL3d3dy53My5vcmcvMjAwMC9zdmciPjwvc3ZnPg==\" style=\"--smush-placeholder-width: 788px; --smush-placeholder-aspect-ratio: 788\/390;\" \/><\/figure><\/li><li class=\"blocks-gallery-item\"><figure><img decoding=\"async\" width=\"1000\" height=\"563\" data-src=\"https:\/\/gazetaregionalna.com\/wp-content\/uploads\/2019\/08\/1-5-1566050440.jpg\" alt=\"\" data-id=\"5441\" data-link=\"https:\/\/gazetaregionalna.com\/?attachment_id=5441\" class=\"wp-image-5441 lazyload\" data-srcset=\"https:\/\/gazetaregionalna.com\/wp-content\/uploads\/2019\/08\/1-5-1566050440.jpg 1000w, https:\/\/gazetaregionalna.com\/wp-content\/uploads\/2019\/08\/1-5-1566050440-300x169.jpg 300w, https:\/\/gazetaregionalna.com\/wp-content\/uploads\/2019\/08\/1-5-1566050440-768x432.jpg 768w, https:\/\/gazetaregionalna.com\/wp-content\/uploads\/2019\/08\/1-5-1566050440-696x392.jpg 696w, https:\/\/gazetaregionalna.com\/wp-content\/uploads\/2019\/08\/1-5-1566050440-746x420.jpg 746w\" data-sizes=\"(max-width: 1000px) 100vw, 1000px\" src=\"data:image\/svg+xml;base64,PHN2ZyB3aWR0aD0iMSIgaGVpZ2h0PSIxIiB4bWxucz0iaHR0cDovL3d3dy53My5vcmcvMjAwMC9zdmciPjwvc3ZnPg==\" style=\"--smush-placeholder-width: 1000px; --smush-placeholder-aspect-ratio: 1000\/563;\" \/><\/figure><\/li><li class=\"blocks-gallery-item\"><figure><img decoding=\"async\" width=\"1000\" height=\"667\" data-src=\"https:\/\/gazetaregionalna.com\/wp-content\/uploads\/2019\/08\/1-6-1566050441.jpg\" alt=\"\" data-id=\"5442\" data-link=\"https:\/\/gazetaregionalna.com\/?attachment_id=5442\" class=\"wp-image-5442 lazyload\" data-srcset=\"https:\/\/gazetaregionalna.com\/wp-content\/uploads\/2019\/08\/1-6-1566050441.jpg 1000w, https:\/\/gazetaregionalna.com\/wp-content\/uploads\/2019\/08\/1-6-1566050441-300x200.jpg 300w, https:\/\/gazetaregionalna.com\/wp-content\/uploads\/2019\/08\/1-6-1566050441-768x512.jpg 768w, https:\/\/gazetaregionalna.com\/wp-content\/uploads\/2019\/08\/1-6-1566050441-696x464.jpg 696w, https:\/\/gazetaregionalna.com\/wp-content\/uploads\/2019\/08\/1-6-1566050441-630x420.jpg 630w\" data-sizes=\"(max-width: 1000px) 100vw, 1000px\" src=\"data:image\/svg+xml;base64,PHN2ZyB3aWR0aD0iMSIgaGVpZ2h0PSIxIiB4bWxucz0iaHR0cDovL3d3dy53My5vcmcvMjAwMC9zdmciPjwvc3ZnPg==\" style=\"--smush-placeholder-width: 1000px; --smush-placeholder-aspect-ratio: 1000\/667;\" \/><\/figure><\/li><li class=\"blocks-gallery-item\"><figure><img decoding=\"async\" width=\"1000\" height=\"667\" data-src=\"https:\/\/gazetaregionalna.com\/wp-content\/uploads\/2019\/08\/1-7-1566050441.jpg\" alt=\"\" data-id=\"5443\" data-link=\"https:\/\/gazetaregionalna.com\/?attachment_id=5443\" class=\"wp-image-5443 lazyload\" data-srcset=\"https:\/\/gazetaregionalna.com\/wp-content\/uploads\/2019\/08\/1-7-1566050441.jpg 1000w, https:\/\/gazetaregionalna.com\/wp-content\/uploads\/2019\/08\/1-7-1566050441-300x200.jpg 300w, https:\/\/gazetaregionalna.com\/wp-content\/uploads\/2019\/08\/1-7-1566050441-768x512.jpg 768w, https:\/\/gazetaregionalna.com\/wp-content\/uploads\/2019\/08\/1-7-1566050441-696x464.jpg 696w, https:\/\/gazetaregionalna.com\/wp-content\/uploads\/2019\/08\/1-7-1566050441-630x420.jpg 630w\" data-sizes=\"(max-width: 1000px) 100vw, 1000px\" src=\"data:image\/svg+xml;base64,PHN2ZyB3aWR0aD0iMSIgaGVpZ2h0PSIxIiB4bWxucz0iaHR0cDovL3d3dy53My5vcmcvMjAwMC9zdmciPjwvc3ZnPg==\" style=\"--smush-placeholder-width: 1000px; --smush-placeholder-aspect-ratio: 1000\/667;\" \/><\/figure><\/li><li class=\"blocks-gallery-item\"><figure><img decoding=\"async\" width=\"1000\" height=\"667\" data-src=\"https:\/\/gazetaregionalna.com\/wp-content\/uploads\/2019\/08\/1-8-1566050441.jpg\" alt=\"\" data-id=\"5444\" data-link=\"https:\/\/gazetaregionalna.com\/?attachment_id=5444\" class=\"wp-image-5444 lazyload\" data-srcset=\"https:\/\/gazetaregionalna.com\/wp-content\/uploads\/2019\/08\/1-8-1566050441.jpg 1000w, https:\/\/gazetaregionalna.com\/wp-content\/uploads\/2019\/08\/1-8-1566050441-300x200.jpg 300w, https:\/\/gazetaregionalna.com\/wp-content\/uploads\/2019\/08\/1-8-1566050441-768x512.jpg 768w, https:\/\/gazetaregionalna.com\/wp-content\/uploads\/2019\/08\/1-8-1566050441-696x464.jpg 696w, https:\/\/gazetaregionalna.com\/wp-content\/uploads\/2019\/08\/1-8-1566050441-630x420.jpg 630w\" data-sizes=\"(max-width: 1000px) 100vw, 1000px\" src=\"data:image\/svg+xml;base64,PHN2ZyB3aWR0aD0iMSIgaGVpZ2h0PSIxIiB4bWxucz0iaHR0cDovL3d3dy53My5vcmcvMjAwMC9zdmciPjwvc3ZnPg==\" style=\"--smush-placeholder-width: 1000px; --smush-placeholder-aspect-ratio: 1000\/667;\" \/><\/figure><\/li><li class=\"blocks-gallery-item\"><figure><img decoding=\"async\" width=\"1000\" height=\"667\" data-src=\"https:\/\/gazetaregionalna.com\/wp-content\/uploads\/2019\/08\/1-9-1566050442.jpg\" alt=\"\" data-id=\"5445\" data-link=\"https:\/\/gazetaregionalna.com\/?attachment_id=5445\" class=\"wp-image-5445 lazyload\" data-srcset=\"https:\/\/gazetaregionalna.com\/wp-content\/uploads\/2019\/08\/1-9-1566050442.jpg 1000w, https:\/\/gazetaregionalna.com\/wp-content\/uploads\/2019\/08\/1-9-1566050442-300x200.jpg 300w, https:\/\/gazetaregionalna.com\/wp-content\/uploads\/2019\/08\/1-9-1566050442-768x512.jpg 768w, https:\/\/gazetaregionalna.com\/wp-content\/uploads\/2019\/08\/1-9-1566050442-696x464.jpg 696w, https:\/\/gazetaregionalna.com\/wp-content\/uploads\/2019\/08\/1-9-1566050442-630x420.jpg 630w\" data-sizes=\"(max-width: 1000px) 100vw, 1000px\" src=\"data:image\/svg+xml;base64,PHN2ZyB3aWR0aD0iMSIgaGVpZ2h0PSIxIiB4bWxucz0iaHR0cDovL3d3dy53My5vcmcvMjAwMC9zdmciPjwvc3ZnPg==\" style=\"--smush-placeholder-width: 1000px; --smush-placeholder-aspect-ratio: 1000\/667;\" \/><\/figure><\/li><li class=\"blocks-gallery-item\"><figure><img decoding=\"async\" width=\"1000\" height=\"667\" data-src=\"https:\/\/gazetaregionalna.com\/wp-content\/uploads\/2019\/08\/1-13-1566050443.jpg\" alt=\"\" data-id=\"5446\" data-link=\"https:\/\/gazetaregionalna.com\/?attachment_id=5446\" class=\"wp-image-5446 lazyload\" data-srcset=\"https:\/\/gazetaregionalna.com\/wp-content\/uploads\/2019\/08\/1-13-1566050443.jpg 1000w, https:\/\/gazetaregionalna.com\/wp-content\/uploads\/2019\/08\/1-13-1566050443-300x200.jpg 300w, https:\/\/gazetaregionalna.com\/wp-content\/uploads\/2019\/08\/1-13-1566050443-768x512.jpg 768w, https:\/\/gazetaregionalna.com\/wp-content\/uploads\/2019\/08\/1-13-1566050443-696x464.jpg 696w, https:\/\/gazetaregionalna.com\/wp-content\/uploads\/2019\/08\/1-13-1566050443-630x420.jpg 630w\" data-sizes=\"(max-width: 1000px) 100vw, 1000px\" src=\"data:image\/svg+xml;base64,PHN2ZyB3aWR0aD0iMSIgaGVpZ2h0PSIxIiB4bWxucz0iaHR0cDovL3d3dy53My5vcmcvMjAwMC9zdmciPjwvc3ZnPg==\" style=\"--smush-placeholder-width: 1000px; --smush-placeholder-aspect-ratio: 1000\/667;\" \/><\/figure><\/li><li class=\"blocks-gallery-item\"><figure><img decoding=\"async\" width=\"1000\" height=\"667\" data-src=\"https:\/\/gazetaregionalna.com\/wp-content\/uploads\/2019\/08\/1-14-1566050443.jpg\" alt=\"\" data-id=\"5447\" data-link=\"https:\/\/gazetaregionalna.com\/?attachment_id=5447\" class=\"wp-image-5447 lazyload\" data-srcset=\"https:\/\/gazetaregionalna.com\/wp-content\/uploads\/2019\/08\/1-14-1566050443.jpg 1000w, https:\/\/gazetaregionalna.com\/wp-content\/uploads\/2019\/08\/1-14-1566050443-300x200.jpg 300w, https:\/\/gazetaregionalna.com\/wp-content\/uploads\/2019\/08\/1-14-1566050443-768x512.jpg 768w, https:\/\/gazetaregionalna.com\/wp-content\/uploads\/2019\/08\/1-14-1566050443-696x464.jpg 696w, https:\/\/gazetaregionalna.com\/wp-content\/uploads\/2019\/08\/1-14-1566050443-630x420.jpg 630w\" data-sizes=\"(max-width: 1000px) 100vw, 1000px\" src=\"data:image\/svg+xml;base64,PHN2ZyB3aWR0aD0iMSIgaGVpZ2h0PSIxIiB4bWxucz0iaHR0cDovL3d3dy53My5vcmcvMjAwMC9zdmciPjwvc3ZnPg==\" style=\"--smush-placeholder-width: 1000px; --smush-placeholder-aspect-ratio: 1000\/667;\" \/><\/figure><\/li><\/ul>\n\n\n\n<p><br> \u201eMedalem za D\u0142ugoletnie Po\u017cycie Ma\u0142\u017ce\u0144skie\u201d odznaczono Pa\u0144stwa:<\/p>\n\n\n\n<ol class=\"wp-block-list\"><li>Janin\u0119 i Jana Dryj\u00f3w<\/li><li>El\u017cbiet\u0119 i Stanis\u0142awa Gajd\u00f3w<\/li><li>Zofi\u0119 i Mariana Grabowskich<\/li><li>Bo\u017cen\u0119 i Czes\u0142awa K\u0119p\u00f3w<\/li><li>Jadwig\u0119 i Edwarda Klekowskich<\/li><li>Iren\u0119 i Janusza Kolbus\u00f3w<\/li><li>Izabel\u0119 i Witolda Kowalskich<\/li><li>El\u017cbiet\u0119 i Kazimierza Niewiadomych<\/li><li>Teres\u0119 i Zdzis\u0142awa Nowak\u00f3w<\/li><li>Alicj\u0119 i Stanis\u0142aw Olczyk\u00f3w<\/li><li>Wac\u0142aw\u0119 i Tadeusza Olczyk\u00f3w<\/li><li>Alicj\u0119 i Mariana Opic\u00f3w<\/li><li>Teres\u0119 i Kamila Rousseau<\/li><li>Bronis\u0142aw\u0119 i Jerzy Siemi\u0144skich<\/li><li>Iren\u0119 i Ryszarda Staroszczyk\u00f3w<br>\n(\u0179r\u00f3d\u0142o: UM Radomsko)<\/li><\/ol>\n","protected":false},"excerpt":{"rendered":"<p>Pi\u0119tna\u015bcie par, kt\u00f3re prze\u017cy\u0142y z sob\u0105 50 lat \u015bwi\u0119towa\u0142o wsp\u00f3lnie z w\u0142adzami Radomska swoje Z\u0142ote Gody. Wzruszaj\u0105ca uroczysto\u015b\u0107 mia\u0142a miejsce w Urz\u0119dzie Stanu Cywilnego<\/p>\n","protected":false},"author":3,"featured_media":5440,"comment_status":"open","ping_status":"open","sticky":false,"template":"","format":"standard","meta":{"_monsterinsights_skip_tracking":false,"_monsterinsights_sitenote_active":false,"_monsterinsights_sitenote_note":"","_monsterinsights_sitenote_category":0,"_uf_show_specific_survey":0,"_uf_disable_surveys":false,"footnotes":""},"categories":[28,2],"tags":[],"class_list":["post-5438","post","type-post","status-publish","format-standard","has-post-thumbnail","hentry","category-radomsko","category-wiadomosci"],"_links":{"self":[{"href":"https:\/\/gazetaregionalna.com\/index.php?rest_route=\/wp\/v2\/posts\/5438","targetHints":{"allow":["GET"]}}],"collection":[{"href":"https:\/\/gazetaregionalna.com\/index.php?rest_route=\/wp\/v2\/posts"}],"about":[{"href":"https:\/\/gazetaregionalna.com\/index.php?rest_route=\/wp\/v2\/types\/post"}],"author":[{"embeddable":true,"href":"https:\/\/gazetaregionalna.com\/index.php?rest_route=\/wp\/v2\/users\/3"}],"replies":[{"embeddable":true,"href":"https:\/\/gazetaregionalna.com\/index.php?rest_route=%2Fwp%2Fv2%2Fcomments&post=5438"}],"version-history":[{"count":1,"href":"https:\/\/gazetaregionalna.com\/index.php?rest_route=\/wp\/v2\/posts\/5438\/revisions"}],"predecessor-version":[{"id":5448,"href":"https:\/\/gazetaregionalna.com\/index.php?rest_route=\/wp\/v2\/posts\/5438\/revisions\/5448"}],"wp:featuredmedia":[{"embeddable":true,"href":"https:\/\/gazetaregionalna.com\/index.php?rest_route=\/wp\/v2\/media\/5440"}],"wp:attachment":[{"href":"https:\/\/gazetaregionalna.com\/index.php?rest_route=%2Fwp%2Fv2%2Fmedia&parent=5438"}],"wp:term":[{"taxonomy":"category","embeddable":true,"href":"https:\/\/gazetaregionalna.com\/index.php?rest_route=%2Fwp%2Fv2%2Fcategories&post=5438"},{"taxonomy":"post_tag","embeddable":true,"href":"https:\/\/gazetaregionalna.com\/index.php?rest_route=%2Fwp%2Fv2%2Ftags&post=5438"}],"curies":[{"name":"wp","href":"https:\/\/api.w.org\/{rel}","templated":true}]}}