{"id":5420,"date":"2019-08-17T08:06:38","date_gmt":"2019-08-17T08:06:38","guid":{"rendered":"https:\/\/gazetaregionalna.com\/?p=5420"},"modified":"2019-08-17T08:06:42","modified_gmt":"2019-08-17T08:06:42","slug":"lubliniec-zatrzymali-pijanego-motorowerzyste-byl-poszukiwany-listem-gonczym","status":"publish","type":"post","link":"https:\/\/gazetaregionalna.com\/?p=5420","title":{"rendered":"Lubliniec. Zatrzymali pijanego motorowerzyst\u0119. By\u0142 poszukiwany listem go\u0144czym"},"content":{"rendered":"\n<h4 class=\"wp-block-heading\"><strong>Policjanci z Komendy Powiatowej Policji w Lubli\u0144cu po po\u015bcigu zatrzymali m\u0119\u017cczyzn\u0119, kt\u00f3ry w Sadowie nie zatrzyma\u0142 si\u0119 do kontroli drogowej. <\/strong><\/h4>\n\n\n\n<p> Okaza\u0142o si\u0119, \u017ce 35-latek prowadzi\u0142 motorower znajduj\u0105c si\u0119 w stanie nietrze\u017awo\u015bci, a dodatkowo by\u0142 poszukiwany dwoma listami go\u0144czymi.  W niedzielny wiecz\u00f3r policjanci z KPP Lubliniec otrzymali zg\u0142oszenie o kieruj\u0105cym motorowerem, kt\u00f3ry w Sadowie mia\u0142 si\u0119 porusza\u0107 ca\u0142\u0105 szeroko\u015bci\u0105 jezdni. Skierowani na miejsce mundurowi w rejonie ul.\u00a0Powsta\u0144c\u00f3w \u015al\u0105skich w Sadowiezauwa\u017cyli wskazany pojazd i podj\u0119li pr\u00f3b\u0119 jego zatrzymania. Pomimo u\u017cytych sygna\u0142\u00f3w d\u017awi\u0119kowych i \u015bwietlnych, m\u0119\u017cczyzna prowadz\u0105cy skuter nie mia\u0142 zamiaru si\u0119 zatrzyma\u0107 i kontynuowa\u0142 jazd\u0119. Jad\u0105c zygzakiem zaje\u017cd\u017ca\u0142 drog\u0119 policjantom nie pozwalaj\u0105c si\u0119 wyprzedzi\u0107, a nast\u0119pnie zjecha\u0142 na okoliczne pole, gdzie utraci\u0142 panowanie nad pojazdem i wywr\u00f3ci\u0142 si\u0119. Desperat podj\u0105\u0142 ucieczk\u0119 pieszo, lecz szybko zosta\u0142 dogoniony i obezw\u0142adniony przez str\u00f3\u017c\u00f3w prawa. Zosta\u0142 r\u00f3wnie\u017c poddany badaniu na zawarto\u015b\u0107 alkoholu. Urz\u0105dzenie wskaza\u0142o ponad 2 promile alkoholu w jego organizmie. <\/p>\n\n\n\n<p> W trakcie kontroli okaza\u0142o si\u0119 r\u00f3wnie\u017c, \u017ce 35-letni mieszkaniec powiatu lublinieckiego jest poszukiwany dwoma list listami go\u0144czymi, gdy\u017c nie stawi\u0142 si\u0119 w zak\u0142adzie karnym celem odbycia zas\u0105dzonych mu kar pozbawienia wolno\u015bci. M\u0119\u017cczyzna noc sp\u0119dzi\u0142 w policyjnym areszcie, a nast\u0119pnie zosta\u0142 przewieziony do zak\u0142adu karnego. Dodatkowo odpowie za kierowanie pojazdem znajduj\u0105c si\u0119 w stanie nietrze\u017awo\u015bci oraz nie zatrzymanie si\u0119 do policyjnej kontroli za co grozi kara do 5 lat pozbawienia wolno\u015bci. <\/p>\n\n\n\n<p>(KPP Lubliniec)<\/p>\n","protected":false},"excerpt":{"rendered":"<p>Policjanci z Komendy Powiatowej Policji w Lubli\u0144cu po po\u015bcigu zatrzymali m\u0119\u017cczyzn\u0119, kt\u00f3ry w Sadowie nie zatrzyma\u0142 si\u0119 do kontroli drogowej. Okaza\u0142o si\u0119, \u017ce 35-latek<\/p>\n","protected":false},"author":3,"featured_media":0,"comment_status":"open","ping_status":"open","sticky":false,"template":"","format":"standard","meta":{"_monsterinsights_skip_tracking":false,"_monsterinsights_sitenote_active":false,"_monsterinsights_sitenote_note":"","_monsterinsights_sitenote_category":0,"_uf_show_specific_survey":0,"_uf_disable_surveys":false,"footnotes":""},"categories":[44,25,2,13],"tags":[],"class_list":["post-5420","post","type-post","status-publish","format-standard","hentry","category-bezpieczenstwo","category-lubliniec","category-wiadomosci","category-wydarzenia"],"_links":{"self":[{"href":"https:\/\/gazetaregionalna.com\/index.php?rest_route=\/wp\/v2\/posts\/5420","targetHints":{"allow":["GET"]}}],"collection":[{"href":"https:\/\/gazetaregionalna.com\/index.php?rest_route=\/wp\/v2\/posts"}],"about":[{"href":"https:\/\/gazetaregionalna.com\/index.php?rest_route=\/wp\/v2\/types\/post"}],"author":[{"embeddable":true,"href":"https:\/\/gazetaregionalna.com\/index.php?rest_route=\/wp\/v2\/users\/3"}],"replies":[{"embeddable":true,"href":"https:\/\/gazetaregionalna.com\/index.php?rest_route=%2Fwp%2Fv2%2Fcomments&post=5420"}],"version-history":[{"count":1,"href":"https:\/\/gazetaregionalna.com\/index.php?rest_route=\/wp\/v2\/posts\/5420\/revisions"}],"predecessor-version":[{"id":5422,"href":"https:\/\/gazetaregionalna.com\/index.php?rest_route=\/wp\/v2\/posts\/5420\/revisions\/5422"}],"wp:attachment":[{"href":"https:\/\/gazetaregionalna.com\/index.php?rest_route=%2Fwp%2Fv2%2Fmedia&parent=5420"}],"wp:term":[{"taxonomy":"category","embeddable":true,"href":"https:\/\/gazetaregionalna.com\/index.php?rest_route=%2Fwp%2Fv2%2Fcategories&post=5420"},{"taxonomy":"post_tag","embeddable":true,"href":"https:\/\/gazetaregionalna.com\/index.php?rest_route=%2Fwp%2Fv2%2Ftags&post=5420"}],"curies":[{"name":"wp","href":"https:\/\/api.w.org\/{rel}","templated":true}]}}