{"id":5379,"date":"2019-08-16T10:41:50","date_gmt":"2019-08-16T10:41:50","guid":{"rendered":"https:\/\/gazetaregionalna.com\/?p=5379"},"modified":"2019-08-16T10:41:54","modified_gmt":"2019-08-16T10:41:54","slug":"region-sierpniowy-weekend-dzialania-policji","status":"publish","type":"post","link":"https:\/\/gazetaregionalna.com\/?p=5379","title":{"rendered":"Region. \u201eSIERPNIOWY WEEKEND\u201d &#8211; dzia\u0142ania policji"},"content":{"rendered":"\n<h4 class=\"wp-block-heading\"><strong>W dniach 14-18 sierpnia br. na drogach ca\u0142ego kraju policjanci prowadz\u0105 wzmo\u017cone dzia\u0142ania pod nazw\u0105 &#8222;Sierpniowy weekend&#8221;. <\/strong><\/h4>\n\n\n\n<p>Mundurowi sprawdz\u0105 czy kierowcy poruszaj\u0105 si\u0119 zgodnie z przepisami, za\u015b<strong> <\/strong>szczeg\u00f3ln\u0105 uwag\u0119 zwraca\u0107 b\u0119d\u0105 na ich stan trze\u017awo\u015bci oraz przestrzeganie ogranicze\u0144 pr\u0119dko\u015bci. Apelujemy o rozwag\u0119 i rozs\u0105dek!<\/p>\n\n\n\n<p>W dniach 14 &#8211; 18 sierpnia br. na wszystkich g\u0142\u00f3wnych ci\u0105gach komunikacyjnych powiatu lublinieckiego spodziewany jest wzrost nat\u0119\u017cenia ruchu pojazd\u00f3w. Szczeg\u00f3lnie dotyczy to dr\u00f3g krajowych nr 11 i 46. Dbamy o to, aby ka\u017cdy m\u00f3g\u0142 bezpiecznie dotrze\u0107 do celu, a p\u00f3\u017aniej spokojnie powr\u00f3ci\u0107 do miejsca zamieszkania. Wa\u017cne, aby ka\u017cdy zmotoryzowany do podr\u00f3\u017cy podszed\u0142 powa\u017cnie i odpowiednio si\u0119 do niej przygotowa\u0142, wobec czego przed wyruszeniem w tras\u0119 sprawd\u017amy wyposa\u017cenie naszego pojazdu i jego stan techniczny. Nie zapominajmy o podstawowych zasadach bezpiecze\u0144stwa w ruchu drogowym i zawsze stosujmy si\u0119 do przepis\u00f3w prawa o ruchu drogowym. Warto czasem \u015bci\u0105gn\u0105\u0107 nog\u0119 z gazu czy zrezygnowa\u0107 z ryzykownych manewr\u00f3w, trze\u017awo\u015b\u0107, zapinanie pas\u00f3w i wyposa\u017cenie najm\u0142odszych podr\u00f3\u017cnych w foteliki oraz koncentracja i ostro\u017cno\u015b\u0107 to zachowania, kt\u00f3re pomog\u0105 w bezpiecznym dotarciu do celu.<br>Policjanci w ramach prowadzonych dzia\u0142a\u0144 b\u0119d\u0105 czuwa\u0107 nad bezpiecze\u0144stwem i p\u0142ynno\u015bci\u0105 ruchu, ale r\u00f3wnie\u017c egzekwowa\u0107 od kieruj\u0105cych przestrzegania ogranicze\u0144 pr\u0119dko\u015bci, a tak\u017ce reagowa\u0107 na wszystkie nieprawid\u0142owe zachowania kieruj\u0105cych wobec niechronionych uczestnik\u00f3w ruchu drogowego. Jak zawsze priorytetem b\u0119dzie eliminowanie nietrze\u017awych uczestnik\u00f3w ruchu oraz pojazd\u00f3w, kt\u00f3rych stan zagra\u017ca bezpiecze\u0144stwu na drodze lub \u015brodowisku naturalnemu.<\/p>\n\n\n\n<p>Dzia\u0142ania trwaj\u0105 od 14 sierpnia godzina 06.00 do 18 sierpnia godzina 22.00.<\/p>\n","protected":false},"excerpt":{"rendered":"<p>W dniach 14-18 sierpnia br. na drogach ca\u0142ego kraju policjanci prowadz\u0105 wzmo\u017cone dzia\u0142ania pod nazw\u0105 &#8222;Sierpniowy weekend&#8221;. Mundurowi sprawdz\u0105 czy kierowcy poruszaj\u0105 si\u0119 zgodnie<\/p>\n","protected":false},"author":3,"featured_media":5207,"comment_status":"open","ping_status":"open","sticky":false,"template":"","format":"standard","meta":{"_monsterinsights_skip_tracking":false,"_monsterinsights_sitenote_active":false,"_monsterinsights_sitenote_note":"","_monsterinsights_sitenote_category":0,"_uf_show_specific_survey":0,"_uf_disable_surveys":false,"footnotes":""},"categories":[44,18,4,2],"tags":[],"class_list":["post-5379","post","type-post","status-publish","format-standard","has-post-thumbnail","hentry","category-bezpieczenstwo","category-motoryzacja","category-region","category-wiadomosci"],"_links":{"self":[{"href":"https:\/\/gazetaregionalna.com\/index.php?rest_route=\/wp\/v2\/posts\/5379","targetHints":{"allow":["GET"]}}],"collection":[{"href":"https:\/\/gazetaregionalna.com\/index.php?rest_route=\/wp\/v2\/posts"}],"about":[{"href":"https:\/\/gazetaregionalna.com\/index.php?rest_route=\/wp\/v2\/types\/post"}],"author":[{"embeddable":true,"href":"https:\/\/gazetaregionalna.com\/index.php?rest_route=\/wp\/v2\/users\/3"}],"replies":[{"embeddable":true,"href":"https:\/\/gazetaregionalna.com\/index.php?rest_route=%2Fwp%2Fv2%2Fcomments&post=5379"}],"version-history":[{"count":1,"href":"https:\/\/gazetaregionalna.com\/index.php?rest_route=\/wp\/v2\/posts\/5379\/revisions"}],"predecessor-version":[{"id":5380,"href":"https:\/\/gazetaregionalna.com\/index.php?rest_route=\/wp\/v2\/posts\/5379\/revisions\/5380"}],"wp:featuredmedia":[{"embeddable":true,"href":"https:\/\/gazetaregionalna.com\/index.php?rest_route=\/wp\/v2\/media\/5207"}],"wp:attachment":[{"href":"https:\/\/gazetaregionalna.com\/index.php?rest_route=%2Fwp%2Fv2%2Fmedia&parent=5379"}],"wp:term":[{"taxonomy":"category","embeddable":true,"href":"https:\/\/gazetaregionalna.com\/index.php?rest_route=%2Fwp%2Fv2%2Fcategories&post=5379"},{"taxonomy":"post_tag","embeddable":true,"href":"https:\/\/gazetaregionalna.com\/index.php?rest_route=%2Fwp%2Fv2%2Ftags&post=5379"}],"curies":[{"name":"wp","href":"https:\/\/api.w.org\/{rel}","templated":true}]}}