{"id":5324,"date":"2019-08-15T06:59:03","date_gmt":"2019-08-15T06:59:03","guid":{"rendered":"https:\/\/gazetaregionalna.com\/?p=5324"},"modified":"2019-08-15T07:19:17","modified_gmt":"2019-08-15T07:19:17","slug":"pozar-na-skladowisku-odpadow","status":"publish","type":"post","link":"https:\/\/gazetaregionalna.com\/?p=5324","title":{"rendered":"Po\u017car na sk\u0142adowisku odpad\u00f3w"},"content":{"rendered":"\n<p>P\u0142onie zak\u0142ad recyklingu  znajduj\u0105cy si\u0119 na Polach B\u0119duskich w Myszkowie. Wielki s\u0142up dymu wida\u0107 na kilka kilometr\u00f3w. Z ogniem walczy kilkana\u015bcie zast\u0119p\u00f3w pa\u0144stwowej i ochotniczej stra\u017cy po\u017carnej. Walka z ogniem trwa od blisko trzech godzin.<\/p>\n\n\n\n<ul class=\"wp-block-gallery columns-3 is-cropped wp-block-gallery-1 is-layout-flex wp-block-gallery-is-layout-flex\"><li class=\"blocks-gallery-item\"><figure><img decoding=\"async\" width=\"1024\" height=\"683\" data-src=\"https:\/\/gazetaregionalna.com\/wp-content\/uploads\/2019\/08\/67961769_498912890683836_775757581414039552_n-1024x683.jpg\" alt=\"\" data-id=\"5325\" data-link=\"https:\/\/gazetaregionalna.com\/?attachment_id=5325\" class=\"wp-image-5325 lazyload\" data-srcset=\"https:\/\/gazetaregionalna.com\/wp-content\/uploads\/2019\/08\/67961769_498912890683836_775757581414039552_n-1024x683.jpg 1024w, https:\/\/gazetaregionalna.com\/wp-content\/uploads\/2019\/08\/67961769_498912890683836_775757581414039552_n-300x200.jpg 300w, https:\/\/gazetaregionalna.com\/wp-content\/uploads\/2019\/08\/67961769_498912890683836_775757581414039552_n-768x512.jpg 768w, https:\/\/gazetaregionalna.com\/wp-content\/uploads\/2019\/08\/67961769_498912890683836_775757581414039552_n-696x464.jpg 696w, https:\/\/gazetaregionalna.com\/wp-content\/uploads\/2019\/08\/67961769_498912890683836_775757581414039552_n-1068x712.jpg 1068w, https:\/\/gazetaregionalna.com\/wp-content\/uploads\/2019\/08\/67961769_498912890683836_775757581414039552_n-630x420.jpg 630w, https:\/\/gazetaregionalna.com\/wp-content\/uploads\/2019\/08\/67961769_498912890683836_775757581414039552_n.jpg 1200w\" data-sizes=\"(max-width: 1024px) 100vw, 1024px\" src=\"data:image\/svg+xml;base64,PHN2ZyB3aWR0aD0iMSIgaGVpZ2h0PSIxIiB4bWxucz0iaHR0cDovL3d3dy53My5vcmcvMjAwMC9zdmciPjwvc3ZnPg==\" style=\"--smush-placeholder-width: 1024px; --smush-placeholder-aspect-ratio: 1024\/683;\" \/><\/figure><\/li><li class=\"blocks-gallery-item\"><figure><img decoding=\"async\" width=\"1024\" height=\"683\" data-src=\"https:\/\/gazetaregionalna.com\/wp-content\/uploads\/2019\/08\/68453906_2426175711040760_3369444058945552384_n-1024x683.jpg\" alt=\"\" data-id=\"5326\" data-link=\"https:\/\/gazetaregionalna.com\/?attachment_id=5326\" class=\"wp-image-5326 lazyload\" data-srcset=\"https:\/\/gazetaregionalna.com\/wp-content\/uploads\/2019\/08\/68453906_2426175711040760_3369444058945552384_n-1024x683.jpg 1024w, https:\/\/gazetaregionalna.com\/wp-content\/uploads\/2019\/08\/68453906_2426175711040760_3369444058945552384_n-300x200.jpg 300w, https:\/\/gazetaregionalna.com\/wp-content\/uploads\/2019\/08\/68453906_2426175711040760_3369444058945552384_n-768x512.jpg 768w, https:\/\/gazetaregionalna.com\/wp-content\/uploads\/2019\/08\/68453906_2426175711040760_3369444058945552384_n-696x464.jpg 696w, https:\/\/gazetaregionalna.com\/wp-content\/uploads\/2019\/08\/68453906_2426175711040760_3369444058945552384_n-1068x712.jpg 1068w, https:\/\/gazetaregionalna.com\/wp-content\/uploads\/2019\/08\/68453906_2426175711040760_3369444058945552384_n-630x420.jpg 630w, https:\/\/gazetaregionalna.com\/wp-content\/uploads\/2019\/08\/68453906_2426175711040760_3369444058945552384_n.jpg 1200w\" data-sizes=\"(max-width: 1024px) 100vw, 1024px\" src=\"data:image\/svg+xml;base64,PHN2ZyB3aWR0aD0iMSIgaGVpZ2h0PSIxIiB4bWxucz0iaHR0cDovL3d3dy53My5vcmcvMjAwMC9zdmciPjwvc3ZnPg==\" style=\"--smush-placeholder-width: 1024px; --smush-placeholder-aspect-ratio: 1024\/683;\" \/><\/figure><\/li><li class=\"blocks-gallery-item\"><figure><img decoding=\"async\" width=\"1024\" height=\"683\" data-src=\"https:\/\/gazetaregionalna.com\/wp-content\/uploads\/2019\/08\/68492118_1071282183262747_6946455194292977664_n-1024x683.jpg\" alt=\"\" data-id=\"5327\" data-link=\"https:\/\/gazetaregionalna.com\/?attachment_id=5327\" class=\"wp-image-5327 lazyload\" data-srcset=\"https:\/\/gazetaregionalna.com\/wp-content\/uploads\/2019\/08\/68492118_1071282183262747_6946455194292977664_n-1024x683.jpg 1024w, https:\/\/gazetaregionalna.com\/wp-content\/uploads\/2019\/08\/68492118_1071282183262747_6946455194292977664_n-300x200.jpg 300w, https:\/\/gazetaregionalna.com\/wp-content\/uploads\/2019\/08\/68492118_1071282183262747_6946455194292977664_n-768x512.jpg 768w, https:\/\/gazetaregionalna.com\/wp-content\/uploads\/2019\/08\/68492118_1071282183262747_6946455194292977664_n-696x464.jpg 696w, https:\/\/gazetaregionalna.com\/wp-content\/uploads\/2019\/08\/68492118_1071282183262747_6946455194292977664_n-1068x712.jpg 1068w, https:\/\/gazetaregionalna.com\/wp-content\/uploads\/2019\/08\/68492118_1071282183262747_6946455194292977664_n-630x420.jpg 630w, https:\/\/gazetaregionalna.com\/wp-content\/uploads\/2019\/08\/68492118_1071282183262747_6946455194292977664_n.jpg 1200w\" data-sizes=\"(max-width: 1024px) 100vw, 1024px\" src=\"data:image\/svg+xml;base64,PHN2ZyB3aWR0aD0iMSIgaGVpZ2h0PSIxIiB4bWxucz0iaHR0cDovL3d3dy53My5vcmcvMjAwMC9zdmciPjwvc3ZnPg==\" style=\"--smush-placeholder-width: 1024px; --smush-placeholder-aspect-ratio: 1024\/683;\" \/><\/figure><\/li><li class=\"blocks-gallery-item\"><figure><img decoding=\"async\" width=\"1024\" height=\"683\" data-src=\"https:\/\/gazetaregionalna.com\/wp-content\/uploads\/2019\/08\/68528211_945828372416187_5356686286767783936_n-1024x683.jpg\" alt=\"\" data-id=\"5328\" data-link=\"https:\/\/gazetaregionalna.com\/?attachment_id=5328\" class=\"wp-image-5328 lazyload\" data-srcset=\"https:\/\/gazetaregionalna.com\/wp-content\/uploads\/2019\/08\/68528211_945828372416187_5356686286767783936_n-1024x683.jpg 1024w, https:\/\/gazetaregionalna.com\/wp-content\/uploads\/2019\/08\/68528211_945828372416187_5356686286767783936_n-300x200.jpg 300w, https:\/\/gazetaregionalna.com\/wp-content\/uploads\/2019\/08\/68528211_945828372416187_5356686286767783936_n-768x512.jpg 768w, https:\/\/gazetaregionalna.com\/wp-content\/uploads\/2019\/08\/68528211_945828372416187_5356686286767783936_n-696x464.jpg 696w, https:\/\/gazetaregionalna.com\/wp-content\/uploads\/2019\/08\/68528211_945828372416187_5356686286767783936_n-1068x712.jpg 1068w, https:\/\/gazetaregionalna.com\/wp-content\/uploads\/2019\/08\/68528211_945828372416187_5356686286767783936_n-630x420.jpg 630w, https:\/\/gazetaregionalna.com\/wp-content\/uploads\/2019\/08\/68528211_945828372416187_5356686286767783936_n.jpg 1200w\" data-sizes=\"(max-width: 1024px) 100vw, 1024px\" src=\"data:image\/svg+xml;base64,PHN2ZyB3aWR0aD0iMSIgaGVpZ2h0PSIxIiB4bWxucz0iaHR0cDovL3d3dy53My5vcmcvMjAwMC9zdmciPjwvc3ZnPg==\" style=\"--smush-placeholder-width: 1024px; --smush-placeholder-aspect-ratio: 1024\/683;\" \/><\/figure><\/li><li class=\"blocks-gallery-item\"><figure><img decoding=\"async\" width=\"1024\" height=\"683\" data-src=\"https:\/\/gazetaregionalna.com\/wp-content\/uploads\/2019\/08\/68543067_353698675552554_5330776037561204736_n-1024x683.jpg\" alt=\"\" data-id=\"5329\" data-link=\"https:\/\/gazetaregionalna.com\/?attachment_id=5329\" class=\"wp-image-5329 lazyload\" data-srcset=\"https:\/\/gazetaregionalna.com\/wp-content\/uploads\/2019\/08\/68543067_353698675552554_5330776037561204736_n-1024x683.jpg 1024w, https:\/\/gazetaregionalna.com\/wp-content\/uploads\/2019\/08\/68543067_353698675552554_5330776037561204736_n-300x200.jpg 300w, https:\/\/gazetaregionalna.com\/wp-content\/uploads\/2019\/08\/68543067_353698675552554_5330776037561204736_n-768x512.jpg 768w, https:\/\/gazetaregionalna.com\/wp-content\/uploads\/2019\/08\/68543067_353698675552554_5330776037561204736_n-696x464.jpg 696w, https:\/\/gazetaregionalna.com\/wp-content\/uploads\/2019\/08\/68543067_353698675552554_5330776037561204736_n-1068x712.jpg 1068w, https:\/\/gazetaregionalna.com\/wp-content\/uploads\/2019\/08\/68543067_353698675552554_5330776037561204736_n-630x420.jpg 630w, https:\/\/gazetaregionalna.com\/wp-content\/uploads\/2019\/08\/68543067_353698675552554_5330776037561204736_n.jpg 1200w\" data-sizes=\"(max-width: 1024px) 100vw, 1024px\" src=\"data:image\/svg+xml;base64,PHN2ZyB3aWR0aD0iMSIgaGVpZ2h0PSIxIiB4bWxucz0iaHR0cDovL3d3dy53My5vcmcvMjAwMC9zdmciPjwvc3ZnPg==\" style=\"--smush-placeholder-width: 1024px; --smush-placeholder-aspect-ratio: 1024\/683;\" \/><\/figure><\/li><li class=\"blocks-gallery-item\"><figure><img decoding=\"async\" width=\"600\" height=\"900\" data-src=\"https:\/\/gazetaregionalna.com\/wp-content\/uploads\/2019\/08\/69210053_1758911577588658_5987678619625848832_n-1.jpg\" alt=\"\" data-id=\"5330\" data-link=\"https:\/\/gazetaregionalna.com\/?attachment_id=5330\" class=\"wp-image-5330 lazyload\" data-srcset=\"https:\/\/gazetaregionalna.com\/wp-content\/uploads\/2019\/08\/69210053_1758911577588658_5987678619625848832_n-1.jpg 600w, https:\/\/gazetaregionalna.com\/wp-content\/uploads\/2019\/08\/69210053_1758911577588658_5987678619625848832_n-1-200x300.jpg 200w, https:\/\/gazetaregionalna.com\/wp-content\/uploads\/2019\/08\/69210053_1758911577588658_5987678619625848832_n-1-280x420.jpg 280w\" data-sizes=\"(max-width: 600px) 100vw, 600px\" src=\"data:image\/svg+xml;base64,PHN2ZyB3aWR0aD0iMSIgaGVpZ2h0PSIxIiB4bWxucz0iaHR0cDovL3d3dy53My5vcmcvMjAwMC9zdmciPjwvc3ZnPg==\" style=\"--smush-placeholder-width: 600px; --smush-placeholder-aspect-ratio: 600\/900;\" \/><\/figure><\/li><li class=\"blocks-gallery-item\"><figure><img decoding=\"async\" width=\"1024\" height=\"683\" data-src=\"https:\/\/gazetaregionalna.com\/wp-content\/uploads\/2019\/08\/69297286_372693810079914_1521714854367330304_n-1-1024x683.jpg\" alt=\"\" data-id=\"5332\" data-link=\"https:\/\/gazetaregionalna.com\/?attachment_id=5332\" class=\"wp-image-5332 lazyload\" data-srcset=\"https:\/\/gazetaregionalna.com\/wp-content\/uploads\/2019\/08\/69297286_372693810079914_1521714854367330304_n-1-1024x683.jpg 1024w, https:\/\/gazetaregionalna.com\/wp-content\/uploads\/2019\/08\/69297286_372693810079914_1521714854367330304_n-1-300x200.jpg 300w, https:\/\/gazetaregionalna.com\/wp-content\/uploads\/2019\/08\/69297286_372693810079914_1521714854367330304_n-1-768x512.jpg 768w, https:\/\/gazetaregionalna.com\/wp-content\/uploads\/2019\/08\/69297286_372693810079914_1521714854367330304_n-1-696x464.jpg 696w, https:\/\/gazetaregionalna.com\/wp-content\/uploads\/2019\/08\/69297286_372693810079914_1521714854367330304_n-1-1068x712.jpg 1068w, https:\/\/gazetaregionalna.com\/wp-content\/uploads\/2019\/08\/69297286_372693810079914_1521714854367330304_n-1-630x420.jpg 630w, https:\/\/gazetaregionalna.com\/wp-content\/uploads\/2019\/08\/69297286_372693810079914_1521714854367330304_n-1.jpg 1200w\" data-sizes=\"(max-width: 1024px) 100vw, 1024px\" src=\"data:image\/svg+xml;base64,PHN2ZyB3aWR0aD0iMSIgaGVpZ2h0PSIxIiB4bWxucz0iaHR0cDovL3d3dy53My5vcmcvMjAwMC9zdmciPjwvc3ZnPg==\" style=\"--smush-placeholder-width: 1024px; --smush-placeholder-aspect-ratio: 1024\/683;\" \/><\/figure><\/li><\/ul>\n\n\n\n<p><br> G\u0119sty, czarny i gryz\u0105cy dym wida\u0107 nie tylko w ca\u0142ym mie\u015bcie, ale tak\u017ce w okolicy, np. w Kozieg\u0142owach, gdzie nie tylko wida\u0107, ale i mocno czu\u0107 dym. Ludzie pozamykali okna, aby smr\u00f3d nie dosta\u0142 si\u0119 do dom\u00f3w.<\/p>\n\n\n\n<p>Walka z \u017cywio\u0142em nie jest prosta. Na szcz\u0119\u015bcie w okolicy  nie ma dom\u00f3w mieszkalnych.  W pobli\u017cu znajduje si\u0119 sk\u0142ad budowlany Mr\u00f3wka oraz Urz\u0105d Skarbowy.<\/p>\n\n\n\n<p>To nie pierwszy przypadek po\u017caru zak\u0142adu. Pierwszy raz sk\u0142adowisko recyklingowe p\u0142on\u0119\u0142o w mie\u015bcie osiem lat temu.<\/p>\n\n\n\n<p>Fot: Krzysztof Suliga<\/p>\n","protected":false},"excerpt":{"rendered":"<p>P\u0142onie zak\u0142ad recyklingu znajduj\u0105cy si\u0119 na Polach B\u0119duskich w Myszkowie. Wielki s\u0142up dymu wida\u0107 na kilka kilometr\u00f3w. Z ogniem walczy kilkana\u015bcie zast\u0119p\u00f3w pa\u0144stwowej i<\/p>\n","protected":false},"author":3,"featured_media":5325,"comment_status":"open","ping_status":"open","sticky":false,"template":"","format":"standard","meta":{"_monsterinsights_skip_tracking":false,"_monsterinsights_sitenote_active":false,"_monsterinsights_sitenote_note":"","_monsterinsights_sitenote_category":0,"_uf_show_specific_survey":0,"_uf_disable_surveys":false,"footnotes":""},"categories":[26,2,13],"tags":[],"class_list":["post-5324","post","type-post","status-publish","format-standard","has-post-thumbnail","hentry","category-myszkow","category-wiadomosci","category-wydarzenia"],"_links":{"self":[{"href":"https:\/\/gazetaregionalna.com\/index.php?rest_route=\/wp\/v2\/posts\/5324","targetHints":{"allow":["GET"]}}],"collection":[{"href":"https:\/\/gazetaregionalna.com\/index.php?rest_route=\/wp\/v2\/posts"}],"about":[{"href":"https:\/\/gazetaregionalna.com\/index.php?rest_route=\/wp\/v2\/types\/post"}],"author":[{"embeddable":true,"href":"https:\/\/gazetaregionalna.com\/index.php?rest_route=\/wp\/v2\/users\/3"}],"replies":[{"embeddable":true,"href":"https:\/\/gazetaregionalna.com\/index.php?rest_route=%2Fwp%2Fv2%2Fcomments&post=5324"}],"version-history":[{"count":3,"href":"https:\/\/gazetaregionalna.com\/index.php?rest_route=\/wp\/v2\/posts\/5324\/revisions"}],"predecessor-version":[{"id":5336,"href":"https:\/\/gazetaregionalna.com\/index.php?rest_route=\/wp\/v2\/posts\/5324\/revisions\/5336"}],"wp:featuredmedia":[{"embeddable":true,"href":"https:\/\/gazetaregionalna.com\/index.php?rest_route=\/wp\/v2\/media\/5325"}],"wp:attachment":[{"href":"https:\/\/gazetaregionalna.com\/index.php?rest_route=%2Fwp%2Fv2%2Fmedia&parent=5324"}],"wp:term":[{"taxonomy":"category","embeddable":true,"href":"https:\/\/gazetaregionalna.com\/index.php?rest_route=%2Fwp%2Fv2%2Fcategories&post=5324"},{"taxonomy":"post_tag","embeddable":true,"href":"https:\/\/gazetaregionalna.com\/index.php?rest_route=%2Fwp%2Fv2%2Ftags&post=5324"}],"curies":[{"name":"wp","href":"https:\/\/api.w.org\/{rel}","templated":true}]}}