{"id":5296,"date":"2019-08-13T10:23:23","date_gmt":"2019-08-13T10:23:23","guid":{"rendered":"https:\/\/gazetaregionalna.com\/?p=5296"},"modified":"2019-08-13T10:26:42","modified_gmt":"2019-08-13T10:26:42","slug":"ulica-zawodzianska-czesciowo-nieprzejezdna","status":"publish","type":"post","link":"https:\/\/gazetaregionalna.com\/?p=5296","title":{"rendered":"Ulica Zawodzia\u0144ska cz\u0119\u015bciowo nieprzejezdna"},"content":{"rendered":"\n<p>Od poniedzia\u0142ku, 19 sierpnia ruszaj\u0105 prace przy budowie ul. Zawodzia\u0144skiej. W zwi\u0105zku z tym ulica ta na odcinku od ul. Mstowskiej do skrzy\u017cowania z ul. M\u0105czn\u0105 zostanie zamkni\u0119ty dla ruchu. <br> Dojazd do ul. M\u0105cznej odbywa\u0107 si\u0119 b\u0119dzie objazdem od ul. Batalion\u00f3w Ch\u0142opskich.<br> Rozpocz\u0119cie prac przy renowacji mostu i przebudowie ulicy Zawodzia\u0144skiej spowoduje zmian\u0119 trasy i rozk\u0142adu jazdy autobus\u00f3w linii nr 18. <\/p>\n\n\n\n<figure class=\"wp-block-image\"><img decoding=\"async\" width=\"512\" height=\"512\" data-src=\"https:\/\/gazetaregionalna.com\/wp-content\/uploads\/2019\/06\/znak.jpg\" alt=\"\" class=\"wp-image-3449 lazyload\" data-srcset=\"https:\/\/gazetaregionalna.com\/wp-content\/uploads\/2019\/06\/znak.jpg 512w, https:\/\/gazetaregionalna.com\/wp-content\/uploads\/2019\/06\/znak-150x150.jpg 150w, https:\/\/gazetaregionalna.com\/wp-content\/uploads\/2019\/06\/znak-300x300.jpg 300w, https:\/\/gazetaregionalna.com\/wp-content\/uploads\/2019\/06\/znak-215x215.jpg 215w\" data-sizes=\"(max-width: 512px) 100vw, 512px\" src=\"data:image\/svg+xml;base64,PHN2ZyB3aWR0aD0iMSIgaGVpZ2h0PSIxIiB4bWxucz0iaHR0cDovL3d3dy53My5vcmcvMjAwMC9zdmciPjwvc3ZnPg==\" style=\"--smush-placeholder-width: 512px; --smush-placeholder-aspect-ratio: 512\/512;\" \/><\/figure>\n\n\n\n<p>B\u0119d\u0105 one kursowa\u0107 wy\u0142\u0105cznie do p\u0119tli  &#8222;Hektarowa&#8221; z pomini\u0119ciem przejazdu ulicami Zawodzia\u0144sk\u0105 i Batalion\u00f3w Ch\u0142opskich.<br> Dla linii nr 18 zostaj\u0105 zawieszone w obu kierunkach przystanki &#8222;M\u0105czna&#8221;, &#8222;Jaskr\u00f3w-Mirowska&#8221; i &#8222;Batalion\u00f3w Ch\u0142opskich&#8221;  oraz przystanek &#8222;Mir\u00f3w&#8221; przy ul. Mstowskiej w kierunku ul. Batalion\u00f3w Ch\u0142opskich.<br> Jak informuje MZDiT, obs\u0142uga pasa\u017cerek i pasa\u017cer\u00f3w w kierunku centrum ma si\u0119 odbywa\u0107  na p\u0119tli &#8222;Mir\u00f3w&#8221;, a w kierunku p\u0119tli &#8222;Hektarowa&#8221; jak dot\u0105d na przystanku na pocz\u0105tku ul. Turystycznej.<\/p>\n","protected":false},"excerpt":{"rendered":"<p>Od poniedzia\u0142ku, 19 sierpnia ruszaj\u0105 prace przy budowie ul. Zawodzia\u0144skiej. W zwi\u0105zku z tym ulica ta na odcinku od ul. Mstowskiej do skrzy\u017cowania z<\/p>\n","protected":false},"author":3,"featured_media":4428,"comment_status":"open","ping_status":"open","sticky":false,"template":"","format":"standard","meta":{"_monsterinsights_skip_tracking":false,"_monsterinsights_sitenote_active":false,"_monsterinsights_sitenote_note":"","_monsterinsights_sitenote_category":0,"_uf_show_specific_survey":0,"_uf_disable_surveys":false,"footnotes":""},"categories":[3,33,2],"tags":[],"class_list":["post-5296","post","type-post","status-publish","format-standard","has-post-thumbnail","hentry","category-czestochowa-informacje","category-inwestycje","category-wiadomosci"],"_links":{"self":[{"href":"https:\/\/gazetaregionalna.com\/index.php?rest_route=\/wp\/v2\/posts\/5296","targetHints":{"allow":["GET"]}}],"collection":[{"href":"https:\/\/gazetaregionalna.com\/index.php?rest_route=\/wp\/v2\/posts"}],"about":[{"href":"https:\/\/gazetaregionalna.com\/index.php?rest_route=\/wp\/v2\/types\/post"}],"author":[{"embeddable":true,"href":"https:\/\/gazetaregionalna.com\/index.php?rest_route=\/wp\/v2\/users\/3"}],"replies":[{"embeddable":true,"href":"https:\/\/gazetaregionalna.com\/index.php?rest_route=%2Fwp%2Fv2%2Fcomments&post=5296"}],"version-history":[{"count":2,"href":"https:\/\/gazetaregionalna.com\/index.php?rest_route=\/wp\/v2\/posts\/5296\/revisions"}],"predecessor-version":[{"id":5298,"href":"https:\/\/gazetaregionalna.com\/index.php?rest_route=\/wp\/v2\/posts\/5296\/revisions\/5298"}],"wp:featuredmedia":[{"embeddable":true,"href":"https:\/\/gazetaregionalna.com\/index.php?rest_route=\/wp\/v2\/media\/4428"}],"wp:attachment":[{"href":"https:\/\/gazetaregionalna.com\/index.php?rest_route=%2Fwp%2Fv2%2Fmedia&parent=5296"}],"wp:term":[{"taxonomy":"category","embeddable":true,"href":"https:\/\/gazetaregionalna.com\/index.php?rest_route=%2Fwp%2Fv2%2Fcategories&post=5296"},{"taxonomy":"post_tag","embeddable":true,"href":"https:\/\/gazetaregionalna.com\/index.php?rest_route=%2Fwp%2Fv2%2Ftags&post=5296"}],"curies":[{"name":"wp","href":"https:\/\/api.w.org\/{rel}","templated":true}]}}