{"id":52910,"date":"2021-08-26T13:17:32","date_gmt":"2021-08-26T13:17:32","guid":{"rendered":"https:\/\/gazetaregionalna.com\/?p=52910"},"modified":"2021-08-26T13:17:33","modified_gmt":"2021-08-26T13:17:33","slug":"laserowa-korekcja-wzroku","status":"publish","type":"post","link":"https:\/\/gazetaregionalna.com\/?p=52910","title":{"rendered":"Laserowa korekcja wzroku. Najskuteczniejsza alternatywa dla okular\u00f3w i soczewek kontaktowych"},"content":{"rendered":"\n<h2 class=\"wp-block-heading\">Na najcz\u0119\u015bciej zadawane pytania na temat laserowej chirurgii refrakcyjnej* odpowiada Profesor Micha\u0142 Szymon Nowak &#8211; do\u015bwiadczony specjalista chor\u00f3b oczu, kt\u00f3ry specjalizuje si\u0119 w laserowej korekcji wzroku.<\/h2>\n\n\n\n<h4 class=\"wp-block-heading\"><strong>Panie Profesorze, na czym polega laserowa korekcja wzroku?<\/strong><\/h4>\n\n\n\n<p><strong>Prof. Micha\u0142 Szymon Nowak:<\/strong> Laserowa korekcja wzroku polega na modelowaniu krzywizny przedniej powierzchni rog\u00f3wki oka za pomoc\u0105 wi\u0105zki \u015bwiat\u0142a lasera excimerowego, co pozwala na trwa\u0142e usuni\u0119cie wady wzroku. Nale\u017cy podkre\u015bli\u0107, \u017ce jest to obecnie jeden z najbezpieczniejszych i najbardziej precyzyjnych zabieg\u00f3w okulistycznych. Wad\u0119 wzroku usuwamy z obu oczu w ten sam dzie\u0144, aby okres rekonwalescencji trwa\u0142 jak najkr\u00f3cej.<\/p>\n\n\n\n<figure class=\"wp-block-image size-large\"><img decoding=\"async\" width=\"1024\" height=\"683\" data-src=\"https:\/\/gazetaregionalna.com\/wp-content\/uploads\/2021\/08\/DSC_0255-1024x683.jpg\" alt=\"\" class=\"wp-image-52914 lazyload\" data-srcset=\"https:\/\/gazetaregionalna.com\/wp-content\/uploads\/2021\/08\/DSC_0255-1024x683.jpg 1024w, https:\/\/gazetaregionalna.com\/wp-content\/uploads\/2021\/08\/DSC_0255-300x200.jpg 300w, https:\/\/gazetaregionalna.com\/wp-content\/uploads\/2021\/08\/DSC_0255-768x512.jpg 768w, https:\/\/gazetaregionalna.com\/wp-content\/uploads\/2021\/08\/DSC_0255-1536x1024.jpg 1536w, https:\/\/gazetaregionalna.com\/wp-content\/uploads\/2021\/08\/DSC_0255-2048x1365.jpg 2048w, https:\/\/gazetaregionalna.com\/wp-content\/uploads\/2021\/08\/DSC_0255-696x464.jpg 696w, https:\/\/gazetaregionalna.com\/wp-content\/uploads\/2021\/08\/DSC_0255-1068x712.jpg 1068w, https:\/\/gazetaregionalna.com\/wp-content\/uploads\/2021\/08\/DSC_0255-1920x1280.jpg 1920w, https:\/\/gazetaregionalna.com\/wp-content\/uploads\/2021\/08\/DSC_0255-630x420.jpg 630w, https:\/\/gazetaregionalna.com\/wp-content\/uploads\/2021\/08\/DSC_0255-scaled.jpg 1200w\" data-sizes=\"(max-width: 1024px) 100vw, 1024px\" src=\"data:image\/svg+xml;base64,PHN2ZyB3aWR0aD0iMSIgaGVpZ2h0PSIxIiB4bWxucz0iaHR0cDovL3d3dy53My5vcmcvMjAwMC9zdmciPjwvc3ZnPg==\" style=\"--smush-placeholder-width: 1024px; --smush-placeholder-aspect-ratio: 1024\/683;\" \/><figcaption>VISUMQ \u2013 PROVISUS Centrum \nOkulistyczne  w  Cz\u0119stochowie<\/figcaption><\/figure>\n\n\n\n<h4 class=\"wp-block-heading\"><strong>Jak d\u0142ugo trwa taki zabieg i czy laserowa korekcja wady wzroku boli?<\/strong><\/h4>\n\n\n\n<p>&#8211; Prosz\u0119 si\u0119 nie ba\u0107. Stosujemy znieczulenie miejscowe w postaci kropli do oczu. Co prawda podczas zabiegu pacjent czuje dotyk, ale to naprawd\u0119 nie boli. Samo dzia\u0142anie lasera to oko\u0142o 1,5 sekundy na jedn\u0105 dioptri\u0119 wady wzroku. Laserow\u0105 korekcj\u0119 wzroku wykonuje si\u0119 w warunkach ambulatoryjnych &#8211; pacjent po zabiegu idzie do domu i przychodzi potem tylko na kontrole.<\/p>\n\n\n\n<h4 class=\"wp-block-heading\"><strong>Kto mo\u017ce podda\u0107 si\u0119 zabiegowi laserowej korekcji wzroku?<\/strong><\/h4>\n\n\n\n<p>&#8211; Zabiegowi laserowej korekcji wzroku mo\u017ce podda\u0107 si\u0119 prawie ka\u017cda osoba pomi\u0119dzy 18 a 60 rokiem \u017cycia, kt\u00f3ra ma wad\u0119 wzroku pogarszaj\u0105c\u0105 widzenie z daleka. Istnieje r\u00f3wnie\u017c mo\u017cliwo\u015b\u0107 korekcji wady do czytania, ale wykonuje si\u0119 j\u0105 tylko przy okazji korekcji wady do dali. Je\u015bli chodzi o rodzaj wady wzroku, to mog\u0105 to by\u0107 wszystkie mo\u017cliwe pod warunkiem, \u017ce struktura rog\u00f3wki pozwala na wykonanie takiego zabiegu u konkretnej osoby. Kandydaci do laserowej korekcji powinni cechowa\u0107 si\u0119 tak\u017ce dobrym og\u00f3lnym stanem zdrowia i nie mie\u0107 wsp\u00f3\u0142istniej\u0105cych chor\u00f3b oczu jak np. sto\u017cek rog\u00f3wki. Powy\u017cej wieku 60 lat nak\u0142adaj\u0105 si\u0119 zmiany fizjologiczne w narz\u0105dzie wzroku takie jak cho\u0107by za\u0107ma, kt\u00f3re mog\u0105 sprawi\u0107, \u017ce efekt zabiegu nie b\u0119dzie tak dobry, jak u m\u0142odszych os\u00f3b.<\/p>\n\n\n\n<figure class=\"wp-block-image size-large\"><img decoding=\"async\" width=\"1024\" height=\"683\" data-src=\"https:\/\/gazetaregionalna.com\/wp-content\/uploads\/2021\/08\/DSC_0259-1024x683.jpg\" alt=\"\" class=\"wp-image-52915 lazyload\" data-srcset=\"https:\/\/gazetaregionalna.com\/wp-content\/uploads\/2021\/08\/DSC_0259-1024x683.jpg 1024w, https:\/\/gazetaregionalna.com\/wp-content\/uploads\/2021\/08\/DSC_0259-300x200.jpg 300w, https:\/\/gazetaregionalna.com\/wp-content\/uploads\/2021\/08\/DSC_0259-768x512.jpg 768w, https:\/\/gazetaregionalna.com\/wp-content\/uploads\/2021\/08\/DSC_0259-1536x1024.jpg 1536w, https:\/\/gazetaregionalna.com\/wp-content\/uploads\/2021\/08\/DSC_0259-2048x1365.jpg 2048w, https:\/\/gazetaregionalna.com\/wp-content\/uploads\/2021\/08\/DSC_0259-696x464.jpg 696w, https:\/\/gazetaregionalna.com\/wp-content\/uploads\/2021\/08\/DSC_0259-1068x712.jpg 1068w, https:\/\/gazetaregionalna.com\/wp-content\/uploads\/2021\/08\/DSC_0259-1920x1280.jpg 1920w, https:\/\/gazetaregionalna.com\/wp-content\/uploads\/2021\/08\/DSC_0259-630x420.jpg 630w, https:\/\/gazetaregionalna.com\/wp-content\/uploads\/2021\/08\/DSC_0259-scaled.jpg 1200w\" data-sizes=\"(max-width: 1024px) 100vw, 1024px\" src=\"data:image\/svg+xml;base64,PHN2ZyB3aWR0aD0iMSIgaGVpZ2h0PSIxIiB4bWxucz0iaHR0cDovL3d3dy53My5vcmcvMjAwMC9zdmciPjwvc3ZnPg==\" style=\"--smush-placeholder-width: 1024px; --smush-placeholder-aspect-ratio: 1024\/683;\" \/><figcaption>VISUMQ \u2013 PROVISUS Centrum \nOkulistyczne  w  Cz\u0119stochowie<\/figcaption><\/figure>\n\n\n\n<h4 class=\"wp-block-heading\"><strong>Jak szybko mo\u017cemy si\u0119 spodziewa\u0107 efektu dobrego widzenia?<\/strong><\/h4>\n\n\n\n<p>&#8211; Zdecydowana wi\u0119kszo\u015b\u0107 os\u00f3b ju\u017c kolejnego dnia po zabiegu odczuwa zadowalaj\u0105ce efekty, co przek\u0142ada si\u0119 na popraw\u0119 komfortu ich \u017cycia, pozwalaj\u0105c na d\u0142ugie lata zapomnie\u0107 o trudno\u015bciach z ostro\u015bci\u0105 widzenia. Bezpo\u015brednio po zabiegu nale\u017cy zakrapla\u0107 oczy kroplami zgodnie z zaleceniami lekarza, wskazane jest stosowanie okular\u00f3w przeciws\u0142onecznych z filtrem promieniowania UV, a kobiety nie powinny wykonywa\u0107 makija\u017c.Ju\u017c kilka dni p\u00f3\u017aniej mo\u017cna prowadzi\u0107 samoch\u00f3d, pracowa\u0107&nbsp; czy uprawia\u0107 sport.<\/p>\n\n\n\n<h4 class=\"wp-block-heading\"><strong>Czy po zabiegu laserowej korekcji wzroku kobieta mo\u017ce zaj\u015b\u0107 w ci\u0105\u017c\u0119?<\/strong><\/h4>\n\n\n\n<p>&#8211; Oczywi\u015bcie sama ci\u0105\u017ca i okres karmienia piersi\u0105 to przeciwwskazania do zabiegu laserowej korekcji wzroku. Jednak je\u015bli nie planujemy ci\u0105\u017cy w ci\u0105gu najbli\u017cszego roku, to mo\u017cna bez problemu wykona\u0107 taki zabieg. Tak samo mo\u017cna\u00a0 podda\u0107 si\u0119 korekcji wzroku ju\u017c p\u00f3\u0142 roku po zako\u0144czeniu karmienia piersi\u0105.<\/p>\n\n\n\n<figure class=\"wp-block-image size-large\"><img decoding=\"async\" width=\"683\" height=\"1024\" data-src=\"https:\/\/gazetaregionalna.com\/wp-content\/uploads\/2021\/08\/DSC_0257-683x1024.jpg\" alt=\"\" class=\"wp-image-52917 lazyload\" data-srcset=\"https:\/\/gazetaregionalna.com\/wp-content\/uploads\/2021\/08\/DSC_0257-683x1024.jpg 683w, https:\/\/gazetaregionalna.com\/wp-content\/uploads\/2021\/08\/DSC_0257-200x300.jpg 200w, https:\/\/gazetaregionalna.com\/wp-content\/uploads\/2021\/08\/DSC_0257-768x1152.jpg 768w, https:\/\/gazetaregionalna.com\/wp-content\/uploads\/2021\/08\/DSC_0257-1024x1536.jpg 1024w, https:\/\/gazetaregionalna.com\/wp-content\/uploads\/2021\/08\/DSC_0257-1365x2048.jpg 1365w, https:\/\/gazetaregionalna.com\/wp-content\/uploads\/2021\/08\/DSC_0257-696x1044.jpg 696w, https:\/\/gazetaregionalna.com\/wp-content\/uploads\/2021\/08\/DSC_0257-1068x1602.jpg 1068w, https:\/\/gazetaregionalna.com\/wp-content\/uploads\/2021\/08\/DSC_0257-1920x2880.jpg 1920w, https:\/\/gazetaregionalna.com\/wp-content\/uploads\/2021\/08\/DSC_0257-280x420.jpg 280w, https:\/\/gazetaregionalna.com\/wp-content\/uploads\/2021\/08\/DSC_0257-scaled.jpg 1067w\" data-sizes=\"(max-width: 683px) 100vw, 683px\" src=\"data:image\/svg+xml;base64,PHN2ZyB3aWR0aD0iMSIgaGVpZ2h0PSIxIiB4bWxucz0iaHR0cDovL3d3dy53My5vcmcvMjAwMC9zdmciPjwvc3ZnPg==\" style=\"--smush-placeholder-width: 683px; --smush-placeholder-aspect-ratio: 683\/1024;\" \/><figcaption>VISUMQ \u2013 PROVISUS Centrum \nOkulistyczne  w  Cz\u0119stochowie<\/figcaption><\/figure>\n\n\n\n<h4 class=\"wp-block-heading\"><strong>Na koniec zadam Panu przewrotne pytanie: czy Pan podda\u0142by si\u0119 samemu takiej operacji i gdzie mo\u017cna zrobi\u0107 taki zabieg?<\/strong><\/h4>\n\n\n\n<p>&#8211; Szanowni Pa\u0144stwo, ja sam nie mam wady wzroku, ale wykona\u0142em taki zabieg mojej \u017conie i wielu znajomym. Wszyscy s\u0105 zadowoleni i do tej pory nie potrzebuj\u0105 ani okular\u00f3w, ani soczewek kontaktowych, \u017ceby m\u00f3c cieszy\u0107 si\u0119 \u017cyciem. Zabieg powinno si\u0119 wykona\u0107 w o\u015brodku, kt\u00f3ry ma du\u017ce do\u015bwiadczenie i dobry sprz\u0119t. Z pe\u0142n\u0105 odpowiedzialno\u015bci\u0105 mog\u0119 poleci\u0107 o\u015brodek korekcji wzroku VISUMQ \u2013 PROVISUS Centrum Okulistyczne w Cz\u0119stochowie, gdzie wykonuj\u0119 te zabiegi osobi\u015bcie. Od 2015 r. wykona\u0142em tutaj ponad tysi\u0105c udanych laserowych korekcji wad wzroku. Je\u015bli kto\u015b rozwa\u017ca taki zabieg, to naprawd\u0119 warto go zrobi\u0107, bo \u015bwiat jest potem o wiele \u0142adniejszy. Korekcja wzroku to tak\u017ce brama do wolno\u015bci, to wyraz dbania o swoje zdrowie i bezpiecze\u0144stwo. To m\u0105dra inwestycja.<\/p>\n\n\n\n<figure class=\"wp-block-image size-large\"><img decoding=\"async\" width=\"1024\" height=\"683\" data-src=\"https:\/\/gazetaregionalna.com\/wp-content\/uploads\/2021\/08\/DSC_0252-1024x683.jpg\" alt=\"\" class=\"wp-image-52916 lazyload\" data-srcset=\"https:\/\/gazetaregionalna.com\/wp-content\/uploads\/2021\/08\/DSC_0252-1024x683.jpg 1024w, https:\/\/gazetaregionalna.com\/wp-content\/uploads\/2021\/08\/DSC_0252-300x200.jpg 300w, https:\/\/gazetaregionalna.com\/wp-content\/uploads\/2021\/08\/DSC_0252-768x512.jpg 768w, https:\/\/gazetaregionalna.com\/wp-content\/uploads\/2021\/08\/DSC_0252-1536x1024.jpg 1536w, https:\/\/gazetaregionalna.com\/wp-content\/uploads\/2021\/08\/DSC_0252-2048x1365.jpg 2048w, https:\/\/gazetaregionalna.com\/wp-content\/uploads\/2021\/08\/DSC_0252-696x464.jpg 696w, https:\/\/gazetaregionalna.com\/wp-content\/uploads\/2021\/08\/DSC_0252-1068x712.jpg 1068w, https:\/\/gazetaregionalna.com\/wp-content\/uploads\/2021\/08\/DSC_0252-1920x1280.jpg 1920w, https:\/\/gazetaregionalna.com\/wp-content\/uploads\/2021\/08\/DSC_0252-630x420.jpg 630w, https:\/\/gazetaregionalna.com\/wp-content\/uploads\/2021\/08\/DSC_0252-scaled.jpg 1200w\" data-sizes=\"(max-width: 1024px) 100vw, 1024px\" src=\"data:image\/svg+xml;base64,PHN2ZyB3aWR0aD0iMSIgaGVpZ2h0PSIxIiB4bWxucz0iaHR0cDovL3d3dy53My5vcmcvMjAwMC9zdmciPjwvc3ZnPg==\" style=\"--smush-placeholder-width: 1024px; --smush-placeholder-aspect-ratio: 1024\/683;\" \/><figcaption>VISUMQ \u2013 PROVISUS Centrum \nOkulistyczne  w  Cz\u0119stochowie<\/figcaption><\/figure>\n\n\n\n<h4 class=\"wp-block-heading\"><strong>Dzi\u0119kuj\u0119 za rozmow\u0119.<\/strong><\/h4>\n\n\n\n<p>*<em>Laserowa korekcja wzroku (laserowa chirurgia refrakcyjna) jest stosowana od lat 80. ubieg\u0142ego wieku, kiedy przeprowadzono pierwsze zabiegi przy u\u017cyciu lasera excimerowego. Ci\u0105g\u0142a ewolucja technologii zar\u00f3wno w obszarze diagnostyki, jak i zabieg\u00f3w sprawiaj\u0105, \u017ce sta\u0142a si\u0119 bezpieczn\u0105 i najskuteczniejsz\u0105\u00a0 alternatyw\u0105 dla tradycyjnych okular\u00f3w i soczewek kontaktowych.<\/em><\/p>\n\n\n\n<p><strong>W laserowej korekcji wzroku specjalizuje si\u0119 PROVISUS BADANIA KLINICZNE SP. Z O.O. mieszcz\u0105ce si\u0119 przy ul. R\u0119dzi\u0144skiej 112 w Cz\u0119stochowie.<\/strong> <strong>Wszelkie szczeg\u00f3\u0142y dost\u0119pne na stronach: <a href=\"http:\/\/www.visumq.pl\/\" target=\"_blank\" rel=\"noreferrer noopener\">www.VisumQ.pl<\/a> oraz <a href=\"http:\/\/www.lepiejzobacz.pl\/\" target=\"_blank\" rel=\"noreferrer noopener\">www.Lepiejzobacz.pl<\/a>.<\/strong><\/p>\n","protected":false},"excerpt":{"rendered":"<p>Na najcz\u0119\u015bciej zadawane pytania na temat laserowej chirurgii refrakcyjnej* odpowiada Profesor Micha\u0142 Szymon Nowak &#8211; do\u015bwiadczony specjalista chor\u00f3b oczu, kt\u00f3ry specjalizuje si\u0119 w laserowej<\/p>\n","protected":false},"author":18,"featured_media":52913,"comment_status":"open","ping_status":"open","sticky":false,"template":"","format":"standard","meta":{"_monsterinsights_skip_tracking":false,"_monsterinsights_sitenote_active":false,"_monsterinsights_sitenote_note":"","_monsterinsights_sitenote_category":0,"_uf_show_specific_survey":0,"_uf_disable_surveys":false,"footnotes":""},"categories":[37],"tags":[2731,2732],"class_list":["post-52910","post","type-post","status-publish","format-standard","has-post-thumbnail","hentry","category-zdrowie","tag-profesor-michal-szymon-nowak","tag-visumq-provisus"],"_links":{"self":[{"href":"https:\/\/gazetaregionalna.com\/index.php?rest_route=\/wp\/v2\/posts\/52910","targetHints":{"allow":["GET"]}}],"collection":[{"href":"https:\/\/gazetaregionalna.com\/index.php?rest_route=\/wp\/v2\/posts"}],"about":[{"href":"https:\/\/gazetaregionalna.com\/index.php?rest_route=\/wp\/v2\/types\/post"}],"author":[{"embeddable":true,"href":"https:\/\/gazetaregionalna.com\/index.php?rest_route=\/wp\/v2\/users\/18"}],"replies":[{"embeddable":true,"href":"https:\/\/gazetaregionalna.com\/index.php?rest_route=%2Fwp%2Fv2%2Fcomments&post=52910"}],"version-history":[{"count":4,"href":"https:\/\/gazetaregionalna.com\/index.php?rest_route=\/wp\/v2\/posts\/52910\/revisions"}],"predecessor-version":[{"id":52919,"href":"https:\/\/gazetaregionalna.com\/index.php?rest_route=\/wp\/v2\/posts\/52910\/revisions\/52919"}],"wp:featuredmedia":[{"embeddable":true,"href":"https:\/\/gazetaregionalna.com\/index.php?rest_route=\/wp\/v2\/media\/52913"}],"wp:attachment":[{"href":"https:\/\/gazetaregionalna.com\/index.php?rest_route=%2Fwp%2Fv2%2Fmedia&parent=52910"}],"wp:term":[{"taxonomy":"category","embeddable":true,"href":"https:\/\/gazetaregionalna.com\/index.php?rest_route=%2Fwp%2Fv2%2Fcategories&post=52910"},{"taxonomy":"post_tag","embeddable":true,"href":"https:\/\/gazetaregionalna.com\/index.php?rest_route=%2Fwp%2Fv2%2Ftags&post=52910"}],"curies":[{"name":"wp","href":"https:\/\/api.w.org\/{rel}","templated":true}]}}