{"id":52833,"date":"2021-08-27T07:01:04","date_gmt":"2021-08-27T07:01:04","guid":{"rendered":"https:\/\/gazetaregionalna.com\/?p=52833"},"modified":"2021-08-27T07:01:05","modified_gmt":"2021-08-27T07:01:05","slug":"bezdomne-zwierzaki-szukaja-domow-nasza-akcja-adoptuj-mnie-trwa","status":"publish","type":"post","link":"https:\/\/gazetaregionalna.com\/?p=52833","title":{"rendered":"Bezdomne zwierzaki szukaj\u0105 dom\u00f3w. Nasza akcja &#8222;Adoptuj mnie&#8221; trwa"},"content":{"rendered":"\n<h2 class=\"wp-block-heading\">Bezdomne zwierzaki szukaj\u0105 dom\u00f3w. Nasza akcja &#8222;Adoptuj mnie&#8221; trwa.<\/h2>\n\n\n\n<p>Razem ze Stowarzyszeniem Cz\u0119stochowa dla Zwierz\u0105t szukamy dom\u00f3w dla porzuconych ps\u00f3w i kot\u00f3w. Prezentujemy kolejne cudowne  czworonogi. Mo\u017ce razem uda nam si\u0119 odmieni\u0107 ich los&#8230;.<\/p>\n\n\n\n<p><strong>Mentor (ur. 2019) <\/strong><\/p>\n\n\n\n<figure class=\"wp-block-gallery columns-3 is-cropped wp-block-gallery-1 is-layout-flex wp-block-gallery-is-layout-flex\"><ul class=\"blocks-gallery-grid\"><li class=\"blocks-gallery-item\"><figure><a href=\"https:\/\/gazetaregionalna.com\/wp-content\/uploads\/2021\/08\/3-5.jpg\"><img decoding=\"async\" width=\"769\" height=\"967\" data-src=\"https:\/\/gazetaregionalna.com\/wp-content\/uploads\/2021\/08\/3-5.jpg\" alt=\"\" data-id=\"52836\" data-full-url=\"https:\/\/gazetaregionalna.com\/wp-content\/uploads\/2021\/08\/3-5.jpg\" data-link=\"https:\/\/gazetaregionalna.com\/?attachment_id=52836\" class=\"wp-image-52836 lazyload\" data-srcset=\"https:\/\/gazetaregionalna.com\/wp-content\/uploads\/2021\/08\/3-5.jpg 769w, https:\/\/gazetaregionalna.com\/wp-content\/uploads\/2021\/08\/3-5-239x300.jpg 239w, https:\/\/gazetaregionalna.com\/wp-content\/uploads\/2021\/08\/3-5-696x875.jpg 696w, https:\/\/gazetaregionalna.com\/wp-content\/uploads\/2021\/08\/3-5-334x420.jpg 334w\" data-sizes=\"(max-width: 769px) 100vw, 769px\" src=\"data:image\/svg+xml;base64,PHN2ZyB3aWR0aD0iMSIgaGVpZ2h0PSIxIiB4bWxucz0iaHR0cDovL3d3dy53My5vcmcvMjAwMC9zdmciPjwvc3ZnPg==\" style=\"--smush-placeholder-width: 769px; --smush-placeholder-aspect-ratio: 769\/967;\" \/><\/a><\/figure><\/li><li class=\"blocks-gallery-item\"><figure><a href=\"https:\/\/gazetaregionalna.com\/wp-content\/uploads\/2021\/08\/236079710_2875340816048490_1071606016537435638_n.jpg\"><img decoding=\"async\" width=\"1024\" height=\"768\" data-src=\"https:\/\/gazetaregionalna.com\/wp-content\/uploads\/2021\/08\/236079710_2875340816048490_1071606016537435638_n-1024x768.jpg\" alt=\"\" data-id=\"52837\" data-full-url=\"https:\/\/gazetaregionalna.com\/wp-content\/uploads\/2021\/08\/236079710_2875340816048490_1071606016537435638_n.jpg\" data-link=\"https:\/\/gazetaregionalna.com\/?attachment_id=52837\" class=\"wp-image-52837 lazyload\" data-srcset=\"https:\/\/gazetaregionalna.com\/wp-content\/uploads\/2021\/08\/236079710_2875340816048490_1071606016537435638_n-1024x768.jpg 1024w, https:\/\/gazetaregionalna.com\/wp-content\/uploads\/2021\/08\/236079710_2875340816048490_1071606016537435638_n-300x225.jpg 300w, https:\/\/gazetaregionalna.com\/wp-content\/uploads\/2021\/08\/236079710_2875340816048490_1071606016537435638_n-768x576.jpg 768w, https:\/\/gazetaregionalna.com\/wp-content\/uploads\/2021\/08\/236079710_2875340816048490_1071606016537435638_n-1536x1152.jpg 1536w, https:\/\/gazetaregionalna.com\/wp-content\/uploads\/2021\/08\/236079710_2875340816048490_1071606016537435638_n-696x522.jpg 696w, https:\/\/gazetaregionalna.com\/wp-content\/uploads\/2021\/08\/236079710_2875340816048490_1071606016537435638_n-1068x801.jpg 1068w, https:\/\/gazetaregionalna.com\/wp-content\/uploads\/2021\/08\/236079710_2875340816048490_1071606016537435638_n-560x420.jpg 560w, https:\/\/gazetaregionalna.com\/wp-content\/uploads\/2021\/08\/236079710_2875340816048490_1071606016537435638_n-80x60.jpg 80w, https:\/\/gazetaregionalna.com\/wp-content\/uploads\/2021\/08\/236079710_2875340816048490_1071606016537435638_n-265x198.jpg 265w, https:\/\/gazetaregionalna.com\/wp-content\/uploads\/2021\/08\/236079710_2875340816048490_1071606016537435638_n.jpg 1200w\" data-sizes=\"(max-width: 1024px) 100vw, 1024px\" src=\"data:image\/svg+xml;base64,PHN2ZyB3aWR0aD0iMSIgaGVpZ2h0PSIxIiB4bWxucz0iaHR0cDovL3d3dy53My5vcmcvMjAwMC9zdmciPjwvc3ZnPg==\" style=\"--smush-placeholder-width: 1024px; --smush-placeholder-aspect-ratio: 1024\/768;\" \/><\/a><\/figure><\/li><li class=\"blocks-gallery-item\"><figure><a href=\"https:\/\/gazetaregionalna.com\/wp-content\/uploads\/2021\/08\/236129032_2878408529075052_3690849859289428349_n.jpg\"><img decoding=\"async\" width=\"720\" height=\"960\" data-src=\"https:\/\/gazetaregionalna.com\/wp-content\/uploads\/2021\/08\/236129032_2878408529075052_3690849859289428349_n.jpg\" alt=\"\" data-id=\"52838\" data-full-url=\"https:\/\/gazetaregionalna.com\/wp-content\/uploads\/2021\/08\/236129032_2878408529075052_3690849859289428349_n.jpg\" data-link=\"https:\/\/gazetaregionalna.com\/?attachment_id=52838\" class=\"wp-image-52838 lazyload\" data-srcset=\"https:\/\/gazetaregionalna.com\/wp-content\/uploads\/2021\/08\/236129032_2878408529075052_3690849859289428349_n.jpg 720w, https:\/\/gazetaregionalna.com\/wp-content\/uploads\/2021\/08\/236129032_2878408529075052_3690849859289428349_n-225x300.jpg 225w, https:\/\/gazetaregionalna.com\/wp-content\/uploads\/2021\/08\/236129032_2878408529075052_3690849859289428349_n-696x928.jpg 696w, https:\/\/gazetaregionalna.com\/wp-content\/uploads\/2021\/08\/236129032_2878408529075052_3690849859289428349_n-315x420.jpg 315w\" data-sizes=\"(max-width: 720px) 100vw, 720px\" src=\"data:image\/svg+xml;base64,PHN2ZyB3aWR0aD0iMSIgaGVpZ2h0PSIxIiB4bWxucz0iaHR0cDovL3d3dy53My5vcmcvMjAwMC9zdmciPjwvc3ZnPg==\" style=\"--smush-placeholder-width: 720px; --smush-placeholder-aspect-ratio: 720\/960;\" \/><\/a><\/figure><\/li><\/ul><\/figure>\n\n\n\n<p>To pi\u0119kny i bardzo przyjazny kocur. Niestety kotek znalaz\u0142 si\u0119 w Schronisku po wypadku, w wyniku kt\u00f3rego straci\u0142 ogon. Nie przeszkadza mu to jednak w codziennym funkcjonowaniu.&nbsp;Mentor, jak ka\u017cdy kot uwielbia zabawy z miote\u0142k\u0105. Kto go pokocha i zapewni mu zabaw\u0119 i pieszczoty cz\u0119\u015bciej, ni\u017c 3 razy w tygodniu?<\/p>\n\n\n\n<p>Czeka od dnia 20.06.2021 r.Numer karty:&nbsp;<strong>89\/21<\/strong><\/p>\n\n\n\n<p>Boks:&nbsp;<strong>DK LS 2Kontakt w sprawie adopcji: Schronisko dla Bezdomnych Zwierz\u0105t w Cz\u0119stochowie ul. Gilowa 44\/46 tel. 34 361-65-66<\/strong><\/p>\n\n\n\n<p><strong>Juan (ur. 08\/2020) <\/strong><\/p>\n\n\n\n<figure class=\"wp-block-gallery columns-3 is-cropped wp-block-gallery-2 is-layout-flex wp-block-gallery-is-layout-flex\"><ul class=\"blocks-gallery-grid\"><li class=\"blocks-gallery-item\"><figure><a href=\"https:\/\/gazetaregionalna.com\/wp-content\/uploads\/2021\/08\/2-31.jpg\"><img decoding=\"async\" width=\"1024\" height=\"861\" data-src=\"https:\/\/gazetaregionalna.com\/wp-content\/uploads\/2021\/08\/2-31-1024x861.jpg\" alt=\"\" data-id=\"52842\" data-full-url=\"https:\/\/gazetaregionalna.com\/wp-content\/uploads\/2021\/08\/2-31.jpg\" data-link=\"https:\/\/gazetaregionalna.com\/?attachment_id=52842\" class=\"wp-image-52842 lazyload\" data-srcset=\"https:\/\/gazetaregionalna.com\/wp-content\/uploads\/2021\/08\/2-31-1024x861.jpg 1024w, https:\/\/gazetaregionalna.com\/wp-content\/uploads\/2021\/08\/2-31-300x252.jpg 300w, https:\/\/gazetaregionalna.com\/wp-content\/uploads\/2021\/08\/2-31-768x646.jpg 768w, https:\/\/gazetaregionalna.com\/wp-content\/uploads\/2021\/08\/2-31-696x585.jpg 696w, https:\/\/gazetaregionalna.com\/wp-content\/uploads\/2021\/08\/2-31-1068x898.jpg 1068w, https:\/\/gazetaregionalna.com\/wp-content\/uploads\/2021\/08\/2-31-499x420.jpg 499w, https:\/\/gazetaregionalna.com\/wp-content\/uploads\/2021\/08\/2-31.jpg 1126w\" data-sizes=\"(max-width: 1024px) 100vw, 1024px\" src=\"data:image\/svg+xml;base64,PHN2ZyB3aWR0aD0iMSIgaGVpZ2h0PSIxIiB4bWxucz0iaHR0cDovL3d3dy53My5vcmcvMjAwMC9zdmciPjwvc3ZnPg==\" style=\"--smush-placeholder-width: 1024px; --smush-placeholder-aspect-ratio: 1024\/861;\" \/><\/a><\/figure><\/li><li class=\"blocks-gallery-item\"><figure><a href=\"https:\/\/gazetaregionalna.com\/wp-content\/uploads\/2021\/08\/192546255_2825640981018474_480486161240910235_n1.jpg\"><img decoding=\"async\" width=\"1024\" height=\"768\" data-src=\"https:\/\/gazetaregionalna.com\/wp-content\/uploads\/2021\/08\/192546255_2825640981018474_480486161240910235_n1-1024x768.jpg\" alt=\"\" data-id=\"52843\" data-full-url=\"https:\/\/gazetaregionalna.com\/wp-content\/uploads\/2021\/08\/192546255_2825640981018474_480486161240910235_n1.jpg\" data-link=\"https:\/\/gazetaregionalna.com\/?attachment_id=52843\" class=\"wp-image-52843 lazyload\" data-srcset=\"https:\/\/gazetaregionalna.com\/wp-content\/uploads\/2021\/08\/192546255_2825640981018474_480486161240910235_n1-1024x768.jpg 1024w, https:\/\/gazetaregionalna.com\/wp-content\/uploads\/2021\/08\/192546255_2825640981018474_480486161240910235_n1-300x225.jpg 300w, https:\/\/gazetaregionalna.com\/wp-content\/uploads\/2021\/08\/192546255_2825640981018474_480486161240910235_n1-768x576.jpg 768w, https:\/\/gazetaregionalna.com\/wp-content\/uploads\/2021\/08\/192546255_2825640981018474_480486161240910235_n1-1536x1152.jpg 1536w, https:\/\/gazetaregionalna.com\/wp-content\/uploads\/2021\/08\/192546255_2825640981018474_480486161240910235_n1-696x522.jpg 696w, https:\/\/gazetaregionalna.com\/wp-content\/uploads\/2021\/08\/192546255_2825640981018474_480486161240910235_n1-1068x801.jpg 1068w, https:\/\/gazetaregionalna.com\/wp-content\/uploads\/2021\/08\/192546255_2825640981018474_480486161240910235_n1-1920x1440.jpg 1920w, https:\/\/gazetaregionalna.com\/wp-content\/uploads\/2021\/08\/192546255_2825640981018474_480486161240910235_n1-560x420.jpg 560w, https:\/\/gazetaregionalna.com\/wp-content\/uploads\/2021\/08\/192546255_2825640981018474_480486161240910235_n1-80x60.jpg 80w, https:\/\/gazetaregionalna.com\/wp-content\/uploads\/2021\/08\/192546255_2825640981018474_480486161240910235_n1-265x198.jpg 265w, https:\/\/gazetaregionalna.com\/wp-content\/uploads\/2021\/08\/192546255_2825640981018474_480486161240910235_n1.jpg 1200w\" data-sizes=\"(max-width: 1024px) 100vw, 1024px\" src=\"data:image\/svg+xml;base64,PHN2ZyB3aWR0aD0iMSIgaGVpZ2h0PSIxIiB4bWxucz0iaHR0cDovL3d3dy53My5vcmcvMjAwMC9zdmciPjwvc3ZnPg==\" style=\"--smush-placeholder-width: 1024px; --smush-placeholder-aspect-ratio: 1024\/768;\" \/><\/a><\/figure><\/li><li class=\"blocks-gallery-item\"><figure><a href=\"https:\/\/gazetaregionalna.com\/wp-content\/uploads\/2021\/08\/192716695_2825640614351844_9201802243117146118_n1.jpg\"><img decoding=\"async\" width=\"1024\" height=\"768\" data-src=\"https:\/\/gazetaregionalna.com\/wp-content\/uploads\/2021\/08\/192716695_2825640614351844_9201802243117146118_n1-1024x768.jpg\" alt=\"\" data-id=\"52844\" data-full-url=\"https:\/\/gazetaregionalna.com\/wp-content\/uploads\/2021\/08\/192716695_2825640614351844_9201802243117146118_n1.jpg\" data-link=\"https:\/\/gazetaregionalna.com\/?attachment_id=52844\" class=\"wp-image-52844 lazyload\" data-srcset=\"https:\/\/gazetaregionalna.com\/wp-content\/uploads\/2021\/08\/192716695_2825640614351844_9201802243117146118_n1-1024x768.jpg 1024w, https:\/\/gazetaregionalna.com\/wp-content\/uploads\/2021\/08\/192716695_2825640614351844_9201802243117146118_n1-300x225.jpg 300w, https:\/\/gazetaregionalna.com\/wp-content\/uploads\/2021\/08\/192716695_2825640614351844_9201802243117146118_n1-768x576.jpg 768w, https:\/\/gazetaregionalna.com\/wp-content\/uploads\/2021\/08\/192716695_2825640614351844_9201802243117146118_n1-1536x1152.jpg 1536w, https:\/\/gazetaregionalna.com\/wp-content\/uploads\/2021\/08\/192716695_2825640614351844_9201802243117146118_n1-696x522.jpg 696w, https:\/\/gazetaregionalna.com\/wp-content\/uploads\/2021\/08\/192716695_2825640614351844_9201802243117146118_n1-1068x801.jpg 1068w, https:\/\/gazetaregionalna.com\/wp-content\/uploads\/2021\/08\/192716695_2825640614351844_9201802243117146118_n1-1920x1440.jpg 1920w, https:\/\/gazetaregionalna.com\/wp-content\/uploads\/2021\/08\/192716695_2825640614351844_9201802243117146118_n1-560x420.jpg 560w, https:\/\/gazetaregionalna.com\/wp-content\/uploads\/2021\/08\/192716695_2825640614351844_9201802243117146118_n1-80x60.jpg 80w, https:\/\/gazetaregionalna.com\/wp-content\/uploads\/2021\/08\/192716695_2825640614351844_9201802243117146118_n1-265x198.jpg 265w, https:\/\/gazetaregionalna.com\/wp-content\/uploads\/2021\/08\/192716695_2825640614351844_9201802243117146118_n1.jpg 1200w\" data-sizes=\"(max-width: 1024px) 100vw, 1024px\" src=\"data:image\/svg+xml;base64,PHN2ZyB3aWR0aD0iMSIgaGVpZ2h0PSIxIiB4bWxucz0iaHR0cDovL3d3dy53My5vcmcvMjAwMC9zdmciPjwvc3ZnPg==\" style=\"--smush-placeholder-width: 1024px; --smush-placeholder-aspect-ratio: 1024\/768;\" \/><\/a><\/figure><\/li><\/ul><\/figure>\n\n\n\n<p>To m\u0142ody, urodziwy kociak. Jest jeszcze troch\u0119 nie\u015bmia\u0142y, ale z ka\u017cdym dniem otwiera si\u0119 i docenia mo\u017cliwo\u015b\u0107 kontaktu&nbsp; z cz\u0142owiekiem i zabawy. Szukamy dla niego spokojnego, bezpiecznego domu. Trafi\u0142 do Schroniska dnia 12.10.2020 r.<\/p>\n\n\n\n<p>Juan ma nadziej\u0119, \u017ce nie urodzi\u0142 si\u0119 do \u017cycia w schroniskowym boksie.<br>Czeka na dom. Mo\u017ce na Ciebie?<\/p>\n\n\n\n<ul class=\"wp-block-list\"><li>Numer karty:&nbsp;<strong>274\/20, b<\/strong>oks:&nbsp;<strong>DK LS 3<\/strong><\/li><\/ul>\n\n\n\n<p><strong>Kontakt w sprawie adopcji: Schronisko dla Bezdomnych Zwierz\u0105t w Cz\u0119stochowie ul. Gilowa 44\/46 tel. 34 361-65-66<\/strong><\/p>\n\n\n\n<p><strong>Doner&nbsp; (ur.2018) <\/strong><\/p>\n\n\n\n<figure class=\"wp-block-gallery columns-3 is-cropped wp-block-gallery-3 is-layout-flex wp-block-gallery-is-layout-flex\"><ul class=\"blocks-gallery-grid\"><li class=\"blocks-gallery-item\"><figure><a href=\"https:\/\/gazetaregionalna.com\/wp-content\/uploads\/2021\/08\/234919647_368811164834412_4041296736319577615_n.jpg\"><img decoding=\"async\" width=\"1024\" height=\"768\" data-src=\"https:\/\/gazetaregionalna.com\/wp-content\/uploads\/2021\/08\/234919647_368811164834412_4041296736319577615_n-1024x768.jpg\" alt=\"\" data-id=\"52852\" data-full-url=\"https:\/\/gazetaregionalna.com\/wp-content\/uploads\/2021\/08\/234919647_368811164834412_4041296736319577615_n.jpg\" data-link=\"https:\/\/gazetaregionalna.com\/?attachment_id=52852\" class=\"wp-image-52852 lazyload\" data-srcset=\"https:\/\/gazetaregionalna.com\/wp-content\/uploads\/2021\/08\/234919647_368811164834412_4041296736319577615_n-1024x768.jpg 1024w, https:\/\/gazetaregionalna.com\/wp-content\/uploads\/2021\/08\/234919647_368811164834412_4041296736319577615_n-300x225.jpg 300w, https:\/\/gazetaregionalna.com\/wp-content\/uploads\/2021\/08\/234919647_368811164834412_4041296736319577615_n-768x576.jpg 768w, https:\/\/gazetaregionalna.com\/wp-content\/uploads\/2021\/08\/234919647_368811164834412_4041296736319577615_n-1536x1152.jpg 1536w, https:\/\/gazetaregionalna.com\/wp-content\/uploads\/2021\/08\/234919647_368811164834412_4041296736319577615_n-696x522.jpg 696w, https:\/\/gazetaregionalna.com\/wp-content\/uploads\/2021\/08\/234919647_368811164834412_4041296736319577615_n-1068x801.jpg 1068w, https:\/\/gazetaregionalna.com\/wp-content\/uploads\/2021\/08\/234919647_368811164834412_4041296736319577615_n-1920x1440.jpg 1920w, https:\/\/gazetaregionalna.com\/wp-content\/uploads\/2021\/08\/234919647_368811164834412_4041296736319577615_n-560x420.jpg 560w, https:\/\/gazetaregionalna.com\/wp-content\/uploads\/2021\/08\/234919647_368811164834412_4041296736319577615_n-80x60.jpg 80w, https:\/\/gazetaregionalna.com\/wp-content\/uploads\/2021\/08\/234919647_368811164834412_4041296736319577615_n-265x198.jpg 265w, https:\/\/gazetaregionalna.com\/wp-content\/uploads\/2021\/08\/234919647_368811164834412_4041296736319577615_n.jpg 1200w\" data-sizes=\"(max-width: 1024px) 100vw, 1024px\" src=\"data:image\/svg+xml;base64,PHN2ZyB3aWR0aD0iMSIgaGVpZ2h0PSIxIiB4bWxucz0iaHR0cDovL3d3dy53My5vcmcvMjAwMC9zdmciPjwvc3ZnPg==\" style=\"--smush-placeholder-width: 1024px; --smush-placeholder-aspect-ratio: 1024\/768;\" \/><\/a><\/figure><\/li><li class=\"blocks-gallery-item\"><figure><a href=\"https:\/\/gazetaregionalna.com\/wp-content\/uploads\/2021\/08\/235031889_1800683033652771_4993963867564212446_n.jpg\"><img decoding=\"async\" width=\"1008\" height=\"981\" data-src=\"https:\/\/gazetaregionalna.com\/wp-content\/uploads\/2021\/08\/235031889_1800683033652771_4993963867564212446_n.jpg\" alt=\"\" data-id=\"52853\" data-full-url=\"https:\/\/gazetaregionalna.com\/wp-content\/uploads\/2021\/08\/235031889_1800683033652771_4993963867564212446_n.jpg\" data-link=\"https:\/\/gazetaregionalna.com\/?attachment_id=52853\" class=\"wp-image-52853 lazyload\" data-srcset=\"https:\/\/gazetaregionalna.com\/wp-content\/uploads\/2021\/08\/235031889_1800683033652771_4993963867564212446_n.jpg 1008w, https:\/\/gazetaregionalna.com\/wp-content\/uploads\/2021\/08\/235031889_1800683033652771_4993963867564212446_n-300x292.jpg 300w, https:\/\/gazetaregionalna.com\/wp-content\/uploads\/2021\/08\/235031889_1800683033652771_4993963867564212446_n-768x747.jpg 768w, https:\/\/gazetaregionalna.com\/wp-content\/uploads\/2021\/08\/235031889_1800683033652771_4993963867564212446_n-696x677.jpg 696w, https:\/\/gazetaregionalna.com\/wp-content\/uploads\/2021\/08\/235031889_1800683033652771_4993963867564212446_n-432x420.jpg 432w\" data-sizes=\"(max-width: 1008px) 100vw, 1008px\" src=\"data:image\/svg+xml;base64,PHN2ZyB3aWR0aD0iMSIgaGVpZ2h0PSIxIiB4bWxucz0iaHR0cDovL3d3dy53My5vcmcvMjAwMC9zdmciPjwvc3ZnPg==\" style=\"--smush-placeholder-width: 1008px; --smush-placeholder-aspect-ratio: 1008\/981;\" \/><\/a><\/figure><\/li><li class=\"blocks-gallery-item\"><figure><a href=\"https:\/\/gazetaregionalna.com\/wp-content\/uploads\/2021\/08\/235079071_223217016413357_4373481425080263281_n.jpg\"><img decoding=\"async\" width=\"1024\" height=\"768\" data-src=\"https:\/\/gazetaregionalna.com\/wp-content\/uploads\/2021\/08\/235079071_223217016413357_4373481425080263281_n-1024x768.jpg\" alt=\"\" data-id=\"52854\" data-full-url=\"https:\/\/gazetaregionalna.com\/wp-content\/uploads\/2021\/08\/235079071_223217016413357_4373481425080263281_n.jpg\" data-link=\"https:\/\/gazetaregionalna.com\/?attachment_id=52854\" class=\"wp-image-52854 lazyload\" data-srcset=\"https:\/\/gazetaregionalna.com\/wp-content\/uploads\/2021\/08\/235079071_223217016413357_4373481425080263281_n-1024x768.jpg 1024w, https:\/\/gazetaregionalna.com\/wp-content\/uploads\/2021\/08\/235079071_223217016413357_4373481425080263281_n-300x225.jpg 300w, https:\/\/gazetaregionalna.com\/wp-content\/uploads\/2021\/08\/235079071_223217016413357_4373481425080263281_n-768x576.jpg 768w, https:\/\/gazetaregionalna.com\/wp-content\/uploads\/2021\/08\/235079071_223217016413357_4373481425080263281_n-1536x1152.jpg 1536w, https:\/\/gazetaregionalna.com\/wp-content\/uploads\/2021\/08\/235079071_223217016413357_4373481425080263281_n-696x522.jpg 696w, https:\/\/gazetaregionalna.com\/wp-content\/uploads\/2021\/08\/235079071_223217016413357_4373481425080263281_n-1068x801.jpg 1068w, https:\/\/gazetaregionalna.com\/wp-content\/uploads\/2021\/08\/235079071_223217016413357_4373481425080263281_n-560x420.jpg 560w, https:\/\/gazetaregionalna.com\/wp-content\/uploads\/2021\/08\/235079071_223217016413357_4373481425080263281_n-80x60.jpg 80w, https:\/\/gazetaregionalna.com\/wp-content\/uploads\/2021\/08\/235079071_223217016413357_4373481425080263281_n-265x198.jpg 265w, https:\/\/gazetaregionalna.com\/wp-content\/uploads\/2021\/08\/235079071_223217016413357_4373481425080263281_n.jpg 1200w\" data-sizes=\"(max-width: 1024px) 100vw, 1024px\" src=\"data:image\/svg+xml;base64,PHN2ZyB3aWR0aD0iMSIgaGVpZ2h0PSIxIiB4bWxucz0iaHR0cDovL3d3dy53My5vcmcvMjAwMC9zdmciPjwvc3ZnPg==\" style=\"--smush-placeholder-width: 1024px; --smush-placeholder-aspect-ratio: 1024\/768;\" \/><\/a><\/figure><\/li><\/ul><\/figure>\n\n\n\n<p>To du\u017cy, weso\u0142y pies. Jest wulkanem energii, skacze<br>i szczeka, \u017ceby zwr\u00f3ci\u0107 na siebie uwag\u0119 cz\u0142owieka. Uwielbia szale\u0107 po wybiegu, gdzie ch\u0119tnie bawi si\u0119 z kumplem z boksu ale r\u00f3wnie\u017c biega za rzucanymi mu pi\u0142eczkami. Na spacerach szybki i silny, potrafi nie\u017ale da\u0107 w ko\u015b\u0107, dlatego potrzebuje te\u017c silnego w\u0142a\u015bciciela. B\u0119dzie potrzebowa\u0142 bezpiecznego domu z ogrodem, gdzie b\u0119dzie m\u00f3g\u0142 wybiega\u0107 si\u0119 do woli. Doner niecierpliwie czeka na swoj\u0105 kolejn\u0105 szans\u0119 w \u017cyciu. Na pewno odwdzi\u0119czy si\u0119 ogromem rado\u015bci i mi\u0142o\u015bci. Obowi\u0105zuj\u0105 spacery zapoznawcze i wizyta przedadopcyjna. Trafi\u0142 do Schroniska dnia 01.02.2021 r.Numer karty:&nbsp;<strong>46\/21<\/strong><\/p>\n\n\n\n<p>Boks:&nbsp;<strong>O 6<\/strong><br><strong>Kontakt w sprawie adopcji: Schronisko dla Bezdomnych Zwierz\u0105t w Cz\u0119stochowie ul. Gilowa 44\/46 tel. 34 361-65-66<\/strong><\/p>\n\n\n\n<p><strong>Bolek&nbsp; (ur.2013) <\/strong><\/p>\n\n\n\n<figure class=\"wp-block-gallery columns-3 is-cropped wp-block-gallery-4 is-layout-flex wp-block-gallery-is-layout-flex\"><ul class=\"blocks-gallery-grid\"><li class=\"blocks-gallery-item\"><figure><a href=\"https:\/\/gazetaregionalna.com\/wp-content\/uploads\/2021\/08\/234901943_865576261062477_8107953069946789378_n.jpg\"><img decoding=\"async\" width=\"1024\" height=\"768\" data-src=\"https:\/\/gazetaregionalna.com\/wp-content\/uploads\/2021\/08\/234901943_865576261062477_8107953069946789378_n-1024x768.jpg\" alt=\"\" data-id=\"52858\" data-full-url=\"https:\/\/gazetaregionalna.com\/wp-content\/uploads\/2021\/08\/234901943_865576261062477_8107953069946789378_n.jpg\" data-link=\"https:\/\/gazetaregionalna.com\/?attachment_id=52858\" class=\"wp-image-52858 lazyload\" data-srcset=\"https:\/\/gazetaregionalna.com\/wp-content\/uploads\/2021\/08\/234901943_865576261062477_8107953069946789378_n-1024x768.jpg 1024w, https:\/\/gazetaregionalna.com\/wp-content\/uploads\/2021\/08\/234901943_865576261062477_8107953069946789378_n-300x225.jpg 300w, https:\/\/gazetaregionalna.com\/wp-content\/uploads\/2021\/08\/234901943_865576261062477_8107953069946789378_n-768x576.jpg 768w, https:\/\/gazetaregionalna.com\/wp-content\/uploads\/2021\/08\/234901943_865576261062477_8107953069946789378_n-1536x1152.jpg 1536w, https:\/\/gazetaregionalna.com\/wp-content\/uploads\/2021\/08\/234901943_865576261062477_8107953069946789378_n-696x522.jpg 696w, https:\/\/gazetaregionalna.com\/wp-content\/uploads\/2021\/08\/234901943_865576261062477_8107953069946789378_n-1068x801.jpg 1068w, https:\/\/gazetaregionalna.com\/wp-content\/uploads\/2021\/08\/234901943_865576261062477_8107953069946789378_n-1920x1440.jpg 1920w, https:\/\/gazetaregionalna.com\/wp-content\/uploads\/2021\/08\/234901943_865576261062477_8107953069946789378_n-560x420.jpg 560w, https:\/\/gazetaregionalna.com\/wp-content\/uploads\/2021\/08\/234901943_865576261062477_8107953069946789378_n-80x60.jpg 80w, https:\/\/gazetaregionalna.com\/wp-content\/uploads\/2021\/08\/234901943_865576261062477_8107953069946789378_n-265x198.jpg 265w, https:\/\/gazetaregionalna.com\/wp-content\/uploads\/2021\/08\/234901943_865576261062477_8107953069946789378_n.jpg 1200w\" data-sizes=\"(max-width: 1024px) 100vw, 1024px\" src=\"data:image\/svg+xml;base64,PHN2ZyB3aWR0aD0iMSIgaGVpZ2h0PSIxIiB4bWxucz0iaHR0cDovL3d3dy53My5vcmcvMjAwMC9zdmciPjwvc3ZnPg==\" style=\"--smush-placeholder-width: 1024px; --smush-placeholder-aspect-ratio: 1024\/768;\" \/><\/a><\/figure><\/li><li class=\"blocks-gallery-item\"><figure><a href=\"https:\/\/gazetaregionalna.com\/wp-content\/uploads\/2021\/08\/235133372_849056199337755_986126909244230847_n.jpg\"><img decoding=\"async\" width=\"1024\" height=\"768\" data-src=\"https:\/\/gazetaregionalna.com\/wp-content\/uploads\/2021\/08\/235133372_849056199337755_986126909244230847_n-1024x768.jpg\" alt=\"\" data-id=\"52859\" data-full-url=\"https:\/\/gazetaregionalna.com\/wp-content\/uploads\/2021\/08\/235133372_849056199337755_986126909244230847_n.jpg\" data-link=\"https:\/\/gazetaregionalna.com\/?attachment_id=52859\" class=\"wp-image-52859 lazyload\" data-srcset=\"https:\/\/gazetaregionalna.com\/wp-content\/uploads\/2021\/08\/235133372_849056199337755_986126909244230847_n-1024x768.jpg 1024w, https:\/\/gazetaregionalna.com\/wp-content\/uploads\/2021\/08\/235133372_849056199337755_986126909244230847_n-300x225.jpg 300w, https:\/\/gazetaregionalna.com\/wp-content\/uploads\/2021\/08\/235133372_849056199337755_986126909244230847_n-768x576.jpg 768w, https:\/\/gazetaregionalna.com\/wp-content\/uploads\/2021\/08\/235133372_849056199337755_986126909244230847_n-1536x1152.jpg 1536w, https:\/\/gazetaregionalna.com\/wp-content\/uploads\/2021\/08\/235133372_849056199337755_986126909244230847_n-696x522.jpg 696w, https:\/\/gazetaregionalna.com\/wp-content\/uploads\/2021\/08\/235133372_849056199337755_986126909244230847_n-1068x801.jpg 1068w, https:\/\/gazetaregionalna.com\/wp-content\/uploads\/2021\/08\/235133372_849056199337755_986126909244230847_n-1920x1440.jpg 1920w, https:\/\/gazetaregionalna.com\/wp-content\/uploads\/2021\/08\/235133372_849056199337755_986126909244230847_n-560x420.jpg 560w, https:\/\/gazetaregionalna.com\/wp-content\/uploads\/2021\/08\/235133372_849056199337755_986126909244230847_n-80x60.jpg 80w, https:\/\/gazetaregionalna.com\/wp-content\/uploads\/2021\/08\/235133372_849056199337755_986126909244230847_n-265x198.jpg 265w, https:\/\/gazetaregionalna.com\/wp-content\/uploads\/2021\/08\/235133372_849056199337755_986126909244230847_n.jpg 1200w\" data-sizes=\"(max-width: 1024px) 100vw, 1024px\" src=\"data:image\/svg+xml;base64,PHN2ZyB3aWR0aD0iMSIgaGVpZ2h0PSIxIiB4bWxucz0iaHR0cDovL3d3dy53My5vcmcvMjAwMC9zdmciPjwvc3ZnPg==\" style=\"--smush-placeholder-width: 1024px; --smush-placeholder-aspect-ratio: 1024\/768;\" \/><\/a><\/figure><\/li><li class=\"blocks-gallery-item\"><figure><a href=\"https:\/\/gazetaregionalna.com\/wp-content\/uploads\/2021\/08\/235155310_241862214476083_6795479608707138856_n.jpg\"><img decoding=\"async\" width=\"1024\" height=\"768\" data-src=\"https:\/\/gazetaregionalna.com\/wp-content\/uploads\/2021\/08\/235155310_241862214476083_6795479608707138856_n-1024x768.jpg\" alt=\"\" data-id=\"52860\" data-full-url=\"https:\/\/gazetaregionalna.com\/wp-content\/uploads\/2021\/08\/235155310_241862214476083_6795479608707138856_n.jpg\" data-link=\"https:\/\/gazetaregionalna.com\/?attachment_id=52860\" class=\"wp-image-52860 lazyload\" data-srcset=\"https:\/\/gazetaregionalna.com\/wp-content\/uploads\/2021\/08\/235155310_241862214476083_6795479608707138856_n-1024x768.jpg 1024w, https:\/\/gazetaregionalna.com\/wp-content\/uploads\/2021\/08\/235155310_241862214476083_6795479608707138856_n-300x225.jpg 300w, https:\/\/gazetaregionalna.com\/wp-content\/uploads\/2021\/08\/235155310_241862214476083_6795479608707138856_n-768x576.jpg 768w, https:\/\/gazetaregionalna.com\/wp-content\/uploads\/2021\/08\/235155310_241862214476083_6795479608707138856_n-1536x1152.jpg 1536w, https:\/\/gazetaregionalna.com\/wp-content\/uploads\/2021\/08\/235155310_241862214476083_6795479608707138856_n-696x522.jpg 696w, https:\/\/gazetaregionalna.com\/wp-content\/uploads\/2021\/08\/235155310_241862214476083_6795479608707138856_n-1068x801.jpg 1068w, https:\/\/gazetaregionalna.com\/wp-content\/uploads\/2021\/08\/235155310_241862214476083_6795479608707138856_n-1920x1440.jpg 1920w, https:\/\/gazetaregionalna.com\/wp-content\/uploads\/2021\/08\/235155310_241862214476083_6795479608707138856_n-560x420.jpg 560w, https:\/\/gazetaregionalna.com\/wp-content\/uploads\/2021\/08\/235155310_241862214476083_6795479608707138856_n-80x60.jpg 80w, https:\/\/gazetaregionalna.com\/wp-content\/uploads\/2021\/08\/235155310_241862214476083_6795479608707138856_n-265x198.jpg 265w, https:\/\/gazetaregionalna.com\/wp-content\/uploads\/2021\/08\/235155310_241862214476083_6795479608707138856_n.jpg 1200w\" data-sizes=\"(max-width: 1024px) 100vw, 1024px\" src=\"data:image\/svg+xml;base64,PHN2ZyB3aWR0aD0iMSIgaGVpZ2h0PSIxIiB4bWxucz0iaHR0cDovL3d3dy53My5vcmcvMjAwMC9zdmciPjwvc3ZnPg==\" style=\"--smush-placeholder-width: 1024px; --smush-placeholder-aspect-ratio: 1024\/768;\" \/><\/a><\/figure><\/li><\/ul><\/figure>\n\n\n\n<p>To ma\u0142y, bardzo sympatyczny piesek w typie jamnika. Jest spokojny i przyjazny, czasami jeszcze troch\u0119 nie\u015bmia\u0142y i niestety bardzo smutny. Nie mo\u017ce zrozumie\u0107 sytuacji, w kt\u00f3rej si\u0119 znalaz\u0142.<br>Z ut\u0119sknieniem czeka na kogo\u015b kto da mu nowy, ciep\u0142y i kochaj\u0105cy dom. Ze wzgl\u0119du na kr\u00f3tk\u0105 sier\u015b\u0107 powinien spa\u0107 w \u015brodku. Bolek na pewno odwdzi\u0119czy si\u0119 mi\u0142o\u015bci\u0105 i wierno\u015bci\u0105 je\u015bli tylko kto\u015b zechce da\u0107 mu szans\u0119. Trafi\u0142 do Schroniska dnia 07.05.2021 r.&nbsp;<br>Boks: Hotel 2,&nbsp; numer karty:&nbsp;<strong>184\/21<\/strong><br><strong>Kontakt w sprawie adopcji: Schronisko dla Bezdomnych Zwierz\u0105t w Cz\u0119stochowie ul. Gilowa 44\/46 tel. 34 361-65-66<\/strong><\/p>\n","protected":false},"excerpt":{"rendered":"<p>Bezdomne zwierzaki szukaj\u0105 dom\u00f3w. Nasza akcja &#8222;Adoptuj mnie&#8221; trwa. Razem ze Stowarzyszeniem Cz\u0119stochowa dla Zwierz\u0105t szukamy dom\u00f3w dla porzuconych ps\u00f3w i kot\u00f3w. Prezentujemy kolejne<\/p>\n","protected":false},"author":7,"featured_media":52858,"comment_status":"open","ping_status":"open","sticky":false,"template":"","format":"standard","meta":{"_monsterinsights_skip_tracking":false,"_monsterinsights_sitenote_active":false,"_monsterinsights_sitenote_note":"","_monsterinsights_sitenote_category":0,"_uf_show_specific_survey":0,"_uf_disable_surveys":false,"footnotes":""},"categories":[94,3,2],"tags":[],"class_list":["post-52833","post","type-post","status-publish","format-standard","has-post-thumbnail","hentry","category-polecane","category-czestochowa-informacje","category-wiadomosci"],"_links":{"self":[{"href":"https:\/\/gazetaregionalna.com\/index.php?rest_route=\/wp\/v2\/posts\/52833","targetHints":{"allow":["GET"]}}],"collection":[{"href":"https:\/\/gazetaregionalna.com\/index.php?rest_route=\/wp\/v2\/posts"}],"about":[{"href":"https:\/\/gazetaregionalna.com\/index.php?rest_route=\/wp\/v2\/types\/post"}],"author":[{"embeddable":true,"href":"https:\/\/gazetaregionalna.com\/index.php?rest_route=\/wp\/v2\/users\/7"}],"replies":[{"embeddable":true,"href":"https:\/\/gazetaregionalna.com\/index.php?rest_route=%2Fwp%2Fv2%2Fcomments&post=52833"}],"version-history":[{"count":18,"href":"https:\/\/gazetaregionalna.com\/index.php?rest_route=\/wp\/v2\/posts\/52833\/revisions"}],"predecessor-version":[{"id":53080,"href":"https:\/\/gazetaregionalna.com\/index.php?rest_route=\/wp\/v2\/posts\/52833\/revisions\/53080"}],"wp:featuredmedia":[{"embeddable":true,"href":"https:\/\/gazetaregionalna.com\/index.php?rest_route=\/wp\/v2\/media\/52858"}],"wp:attachment":[{"href":"https:\/\/gazetaregionalna.com\/index.php?rest_route=%2Fwp%2Fv2%2Fmedia&parent=52833"}],"wp:term":[{"taxonomy":"category","embeddable":true,"href":"https:\/\/gazetaregionalna.com\/index.php?rest_route=%2Fwp%2Fv2%2Fcategories&post=52833"},{"taxonomy":"post_tag","embeddable":true,"href":"https:\/\/gazetaregionalna.com\/index.php?rest_route=%2Fwp%2Fv2%2Ftags&post=52833"}],"curies":[{"name":"wp","href":"https:\/\/api.w.org\/{rel}","templated":true}]}}