{"id":52430,"date":"2021-08-23T20:48:06","date_gmt":"2021-08-23T20:48:06","guid":{"rendered":"https:\/\/gazetaregionalna.com\/?p=52430"},"modified":"2021-08-23T20:49:19","modified_gmt":"2021-08-23T20:49:19","slug":"porazka-skry-na-stadionie-podbeskidzia","status":"publish","type":"post","link":"https:\/\/gazetaregionalna.com\/?p=52430","title":{"rendered":"Pora\u017cka Skry na stadionie Podbeskidzia&#8230;"},"content":{"rendered":"\n<p>Pi\u0142karze 1-ligowej Skry przegrali w poniedzia\u0142ek wieczorem w Bielsku-Bia\u0142ej z Podbeskidziem 0:1.<\/p>\n\n\n\n<p>Dla Skry by\u0142 to 5 mecz w sezonie rozegrany na wyje\u017adzie. Kibice Skry liczyli na korzystny wynik&#8230; W dw\u00f3ch ostatnich wyst\u0119pach Skra zdoby\u0142a 4 punkty. Tak si\u0119 jednak nie sta\u0142o. Go\u015bcie dali si\u0119 zaskoczy\u0107 w 15. minucie. W\u00f3wczas Kamil Bili\u0144ski strzeli\u0142 gola dla Podbeskidzia. Jak si\u0119 p\u00f3\u017aniej okaza\u0142o, by\u0142 to jedyny gol w meczu.<\/p>\n\n\n\n<p>Skra po 5 kolejkach ma na koncie 4 punkty i zajmuje 16. miejsce w tabeli Fortuna 1 Liga.<\/p>\n\n\n\n<p><strong>Podbeskidzie Bielsko Bia\u0142a \u2013 Skra Cz\u0119stochowa 1:0 (1:0)<\/strong><\/p>\n\n\n\n<p><strong>Skra:<\/strong> Kos \u2013 Brusi\u0142o, Krzy\u017cak, Kwietniewski, Mas, Mesjasz, Niedba\u0142a, Noco\u0144 (75.Napora), Sajdak, Stromecki (80. Baranowicz), Winiarczyk.<\/p>\n\n\n\n<p>AK<\/p>\n\n\n\n<p>Foto: AK<\/p>\n\n\n\n<figure class=\"wp-block-image size-large\"><img decoding=\"async\" width=\"960\" height=\"443\" data-src=\"https:\/\/gazetaregionalna.com\/wp-content\/uploads\/2021\/07\/Skra-4.jpg\" alt=\"\" class=\"wp-image-49345 lazyload\" data-srcset=\"https:\/\/gazetaregionalna.com\/wp-content\/uploads\/2021\/07\/Skra-4.jpg 960w, https:\/\/gazetaregionalna.com\/wp-content\/uploads\/2021\/07\/Skra-4-300x138.jpg 300w, https:\/\/gazetaregionalna.com\/wp-content\/uploads\/2021\/07\/Skra-4-768x354.jpg 768w, https:\/\/gazetaregionalna.com\/wp-content\/uploads\/2021\/07\/Skra-4-696x321.jpg 696w, https:\/\/gazetaregionalna.com\/wp-content\/uploads\/2021\/07\/Skra-4-910x420.jpg 910w\" data-sizes=\"(max-width: 960px) 100vw, 960px\" src=\"data:image\/svg+xml;base64,PHN2ZyB3aWR0aD0iMSIgaGVpZ2h0PSIxIiB4bWxucz0iaHR0cDovL3d3dy53My5vcmcvMjAwMC9zdmciPjwvc3ZnPg==\" style=\"--smush-placeholder-width: 960px; --smush-placeholder-aspect-ratio: 960\/443;\" \/><\/figure>\n","protected":false},"excerpt":{"rendered":"<p>Pi\u0142karze 1-ligowej Skry przegrali w poniedzia\u0142ek wieczorem w Bielsku-Bia\u0142ej z Podbeskidziem 0:1. Dla Skry by\u0142 to 5 mecz w sezonie rozegrany na wyje\u017adzie. Kibice<\/p>\n","protected":false},"author":15,"featured_media":49345,"comment_status":"open","ping_status":"open","sticky":false,"template":"","format":"standard","meta":{"_monsterinsights_skip_tracking":false,"_monsterinsights_sitenote_active":false,"_monsterinsights_sitenote_note":"","_monsterinsights_sitenote_category":0,"_uf_show_specific_survey":0,"_uf_disable_surveys":false,"footnotes":""},"categories":[5,6],"tags":[],"class_list":["post-52430","post","type-post","status-publish","format-standard","has-post-thumbnail","hentry","category-sport","category-pilka-nozna"],"_links":{"self":[{"href":"https:\/\/gazetaregionalna.com\/index.php?rest_route=\/wp\/v2\/posts\/52430","targetHints":{"allow":["GET"]}}],"collection":[{"href":"https:\/\/gazetaregionalna.com\/index.php?rest_route=\/wp\/v2\/posts"}],"about":[{"href":"https:\/\/gazetaregionalna.com\/index.php?rest_route=\/wp\/v2\/types\/post"}],"author":[{"embeddable":true,"href":"https:\/\/gazetaregionalna.com\/index.php?rest_route=\/wp\/v2\/users\/15"}],"replies":[{"embeddable":true,"href":"https:\/\/gazetaregionalna.com\/index.php?rest_route=%2Fwp%2Fv2%2Fcomments&post=52430"}],"version-history":[{"count":2,"href":"https:\/\/gazetaregionalna.com\/index.php?rest_route=\/wp\/v2\/posts\/52430\/revisions"}],"predecessor-version":[{"id":52432,"href":"https:\/\/gazetaregionalna.com\/index.php?rest_route=\/wp\/v2\/posts\/52430\/revisions\/52432"}],"wp:featuredmedia":[{"embeddable":true,"href":"https:\/\/gazetaregionalna.com\/index.php?rest_route=\/wp\/v2\/media\/49345"}],"wp:attachment":[{"href":"https:\/\/gazetaregionalna.com\/index.php?rest_route=%2Fwp%2Fv2%2Fmedia&parent=52430"}],"wp:term":[{"taxonomy":"category","embeddable":true,"href":"https:\/\/gazetaregionalna.com\/index.php?rest_route=%2Fwp%2Fv2%2Fcategories&post=52430"},{"taxonomy":"post_tag","embeddable":true,"href":"https:\/\/gazetaregionalna.com\/index.php?rest_route=%2Fwp%2Fv2%2Ftags&post=52430"}],"curies":[{"name":"wp","href":"https:\/\/api.w.org\/{rel}","templated":true}]}}