{"id":52427,"date":"2021-08-23T18:46:52","date_gmt":"2021-08-23T18:46:52","guid":{"rendered":"https:\/\/gazetaregionalna.com\/?p=52427"},"modified":"2021-08-23T18:46:53","modified_gmt":"2021-08-23T18:46:53","slug":"czy-juniorzy-bocar-wlokniarz-zdobeda-w-srode-zloto-mmppk","status":"publish","type":"post","link":"https:\/\/gazetaregionalna.com\/?p=52427","title":{"rendered":"Czy juniorzy Bocar W\u0142\u00f3kniarz zdob\u0119d\u0105 w \u015brod\u0119 z\u0142oto MMPPK?"},"content":{"rendered":"\n<p>W \u015brod\u0119 na torze W\u0142\u00f3kniarza odb\u0119dzie si\u0119 fina\u0142 M\u0142odzie\u017cowych Mistrzostw Polski Par Klubowych. Juniorzy W\u0142\u00f3kniarza: Jakub Mi\u015bkowiak i Mateusz \u015awidnicki s\u0105 faworytami fina\u0142u.<\/p>\n\n\n\n<p>Do Cz\u0119stochowy przyjedzie 6 zespo\u0142\u00f3w (Unia Leszno, KS Toru\u0144 SA, Unia Tarn\u00f3w, Maszewski GKM Grudzi\u0105dz, Motor Lublin, ROW Rybnik). Stawk\u0119 finalist\u00f3w uzupe\u0142ni\u0105 gospodarze Bocar W\u0142\u00f3kniarz. Cz\u0119stochowscy juniorzy b\u0119d\u0105 te\u017c faworytami zawod\u00f3w.<\/p>\n\n\n\n<p>Kto mo\u017ce zagrozi\u0107 gospodarzom? Na pewno juniorzy Motoru Lublin z Wiktorem Lampartem i Mateuszem Cierniakiem w sk\u0142adzie.<\/p>\n\n\n\n<p>\u015arodowy fina\u0142 rozpocznie si\u0119 o godz. 16. Bilet kosztuje 20 z\u0142. Posiadacze karnet\u00f3w na sezon 2021 na zawody wejd\u0105 bezp\u0142atnie. Podobnie dzieci do lat 12.<\/p>\n\n\n\n<p>AK<\/p>\n\n\n\n<p>Foto: AK<\/p>\n\n\n\n<figure class=\"wp-block-image size-large\"><img decoding=\"async\" width=\"1024\" height=\"683\" data-src=\"https:\/\/gazetaregionalna.com\/wp-content\/uploads\/2021\/05\/CKM-Sparta-35-1024x683.jpg\" alt=\"\" class=\"wp-image-41025 lazyload\" data-srcset=\"https:\/\/gazetaregionalna.com\/wp-content\/uploads\/2021\/05\/CKM-Sparta-35-1024x683.jpg 1024w, https:\/\/gazetaregionalna.com\/wp-content\/uploads\/2021\/05\/CKM-Sparta-35-300x200.jpg 300w, https:\/\/gazetaregionalna.com\/wp-content\/uploads\/2021\/05\/CKM-Sparta-35-768x512.jpg 768w, https:\/\/gazetaregionalna.com\/wp-content\/uploads\/2021\/05\/CKM-Sparta-35-1536x1024.jpg 1536w, https:\/\/gazetaregionalna.com\/wp-content\/uploads\/2021\/05\/CKM-Sparta-35-2048x1365.jpg 2048w, https:\/\/gazetaregionalna.com\/wp-content\/uploads\/2021\/05\/CKM-Sparta-35-696x464.jpg 696w, https:\/\/gazetaregionalna.com\/wp-content\/uploads\/2021\/05\/CKM-Sparta-35-1068x712.jpg 1068w, https:\/\/gazetaregionalna.com\/wp-content\/uploads\/2021\/05\/CKM-Sparta-35-1920x1280.jpg 1920w, https:\/\/gazetaregionalna.com\/wp-content\/uploads\/2021\/05\/CKM-Sparta-35-630x420.jpg 630w, https:\/\/gazetaregionalna.com\/wp-content\/uploads\/2021\/05\/CKM-Sparta-35-scaled.jpg 1200w\" data-sizes=\"(max-width: 1024px) 100vw, 1024px\" src=\"data:image\/svg+xml;base64,PHN2ZyB3aWR0aD0iMSIgaGVpZ2h0PSIxIiB4bWxucz0iaHR0cDovL3d3dy53My5vcmcvMjAwMC9zdmciPjwvc3ZnPg==\" style=\"--smush-placeholder-width: 1024px; --smush-placeholder-aspect-ratio: 1024\/683;\" \/><\/figure>\n\n\n\n<figure class=\"wp-block-image size-large\"><img decoding=\"async\" width=\"1024\" height=\"579\" data-src=\"https:\/\/gazetaregionalna.com\/wp-content\/uploads\/2021\/05\/CKM-Sparta-36-1024x579.jpg\" alt=\"\" class=\"wp-image-41026 lazyload\" data-srcset=\"https:\/\/gazetaregionalna.com\/wp-content\/uploads\/2021\/05\/CKM-Sparta-36-1024x579.jpg 1024w, https:\/\/gazetaregionalna.com\/wp-content\/uploads\/2021\/05\/CKM-Sparta-36-300x170.jpg 300w, https:\/\/gazetaregionalna.com\/wp-content\/uploads\/2021\/05\/CKM-Sparta-36-768x434.jpg 768w, https:\/\/gazetaregionalna.com\/wp-content\/uploads\/2021\/05\/CKM-Sparta-36-1536x869.jpg 1536w, https:\/\/gazetaregionalna.com\/wp-content\/uploads\/2021\/05\/CKM-Sparta-36-2048x1158.jpg 2048w, https:\/\/gazetaregionalna.com\/wp-content\/uploads\/2021\/05\/CKM-Sparta-36-696x394.jpg 696w, https:\/\/gazetaregionalna.com\/wp-content\/uploads\/2021\/05\/CKM-Sparta-36-1068x604.jpg 1068w, https:\/\/gazetaregionalna.com\/wp-content\/uploads\/2021\/05\/CKM-Sparta-36-1920x1086.jpg 1920w, https:\/\/gazetaregionalna.com\/wp-content\/uploads\/2021\/05\/CKM-Sparta-36-743x420.jpg 743w, https:\/\/gazetaregionalna.com\/wp-content\/uploads\/2021\/05\/CKM-Sparta-36-scaled.jpg 1200w\" data-sizes=\"(max-width: 1024px) 100vw, 1024px\" src=\"data:image\/svg+xml;base64,PHN2ZyB3aWR0aD0iMSIgaGVpZ2h0PSIxIiB4bWxucz0iaHR0cDovL3d3dy53My5vcmcvMjAwMC9zdmciPjwvc3ZnPg==\" style=\"--smush-placeholder-width: 1024px; --smush-placeholder-aspect-ratio: 1024\/579;\" \/><\/figure>\n\n\n\n<figure class=\"wp-block-image size-large\"><img decoding=\"async\" width=\"1024\" height=\"450\" data-src=\"https:\/\/gazetaregionalna.com\/wp-content\/uploads\/2021\/05\/CKM-Sparta-62-1024x450.jpg\" alt=\"\" class=\"wp-image-41029 lazyload\" data-srcset=\"https:\/\/gazetaregionalna.com\/wp-content\/uploads\/2021\/05\/CKM-Sparta-62-1024x450.jpg 1024w, https:\/\/gazetaregionalna.com\/wp-content\/uploads\/2021\/05\/CKM-Sparta-62-300x132.jpg 300w, https:\/\/gazetaregionalna.com\/wp-content\/uploads\/2021\/05\/CKM-Sparta-62-768x337.jpg 768w, https:\/\/gazetaregionalna.com\/wp-content\/uploads\/2021\/05\/CKM-Sparta-62-1536x675.jpg 1536w, https:\/\/gazetaregionalna.com\/wp-content\/uploads\/2021\/05\/CKM-Sparta-62-2048x899.jpg 2048w, https:\/\/gazetaregionalna.com\/wp-content\/uploads\/2021\/05\/CKM-Sparta-62-696x306.jpg 696w, https:\/\/gazetaregionalna.com\/wp-content\/uploads\/2021\/05\/CKM-Sparta-62-1068x469.jpg 1068w, https:\/\/gazetaregionalna.com\/wp-content\/uploads\/2021\/05\/CKM-Sparta-62-1920x843.jpg 1920w, https:\/\/gazetaregionalna.com\/wp-content\/uploads\/2021\/05\/CKM-Sparta-62-956x420.jpg 956w, https:\/\/gazetaregionalna.com\/wp-content\/uploads\/2021\/05\/CKM-Sparta-62-scaled.jpg 1200w\" data-sizes=\"(max-width: 1024px) 100vw, 1024px\" src=\"data:image\/svg+xml;base64,PHN2ZyB3aWR0aD0iMSIgaGVpZ2h0PSIxIiB4bWxucz0iaHR0cDovL3d3dy53My5vcmcvMjAwMC9zdmciPjwvc3ZnPg==\" style=\"--smush-placeholder-width: 1024px; --smush-placeholder-aspect-ratio: 1024\/450;\" \/><\/figure>\n","protected":false},"excerpt":{"rendered":"<p>W \u015brod\u0119 na torze W\u0142\u00f3kniarza odb\u0119dzie si\u0119 fina\u0142 M\u0142odzie\u017cowych Mistrzostw Polski Par Klubowych. Juniorzy W\u0142\u00f3kniarza: Jakub Mi\u015bkowiak i Mateusz \u015awidnicki s\u0105 faworytami fina\u0142u. Do<\/p>\n","protected":false},"author":15,"featured_media":41029,"comment_status":"open","ping_status":"open","sticky":false,"template":"","format":"standard","meta":{"_monsterinsights_skip_tracking":false,"_monsterinsights_sitenote_active":false,"_monsterinsights_sitenote_note":"","_monsterinsights_sitenote_category":0,"_uf_show_specific_survey":0,"_uf_disable_surveys":false,"footnotes":""},"categories":[5,7],"tags":[],"class_list":["post-52427","post","type-post","status-publish","format-standard","has-post-thumbnail","hentry","category-sport","category-zuzel"],"_links":{"self":[{"href":"https:\/\/gazetaregionalna.com\/index.php?rest_route=\/wp\/v2\/posts\/52427","targetHints":{"allow":["GET"]}}],"collection":[{"href":"https:\/\/gazetaregionalna.com\/index.php?rest_route=\/wp\/v2\/posts"}],"about":[{"href":"https:\/\/gazetaregionalna.com\/index.php?rest_route=\/wp\/v2\/types\/post"}],"author":[{"embeddable":true,"href":"https:\/\/gazetaregionalna.com\/index.php?rest_route=\/wp\/v2\/users\/15"}],"replies":[{"embeddable":true,"href":"https:\/\/gazetaregionalna.com\/index.php?rest_route=%2Fwp%2Fv2%2Fcomments&post=52427"}],"version-history":[{"count":1,"href":"https:\/\/gazetaregionalna.com\/index.php?rest_route=\/wp\/v2\/posts\/52427\/revisions"}],"predecessor-version":[{"id":52428,"href":"https:\/\/gazetaregionalna.com\/index.php?rest_route=\/wp\/v2\/posts\/52427\/revisions\/52428"}],"wp:featuredmedia":[{"embeddable":true,"href":"https:\/\/gazetaregionalna.com\/index.php?rest_route=\/wp\/v2\/media\/41029"}],"wp:attachment":[{"href":"https:\/\/gazetaregionalna.com\/index.php?rest_route=%2Fwp%2Fv2%2Fmedia&parent=52427"}],"wp:term":[{"taxonomy":"category","embeddable":true,"href":"https:\/\/gazetaregionalna.com\/index.php?rest_route=%2Fwp%2Fv2%2Fcategories&post=52427"},{"taxonomy":"post_tag","embeddable":true,"href":"https:\/\/gazetaregionalna.com\/index.php?rest_route=%2Fwp%2Fv2%2Ftags&post=52427"}],"curies":[{"name":"wp","href":"https:\/\/api.w.org\/{rel}","templated":true}]}}