{"id":52413,"date":"2021-08-23T13:53:30","date_gmt":"2021-08-23T13:53:30","guid":{"rendered":"https:\/\/gazetaregionalna.com\/?p=52413"},"modified":"2021-09-08T11:30:46","modified_gmt":"2021-09-08T11:30:46","slug":"spojrz-w-niebo-nad-czestochowa-przeleci-zeppelin-firmy-zf","status":"publish","type":"post","link":"https:\/\/gazetaregionalna.com\/?p=52413","title":{"rendered":"Sp\u00f3jrz w niebo. Nad Cz\u0119stochow\u0105 przeleci Zeppelin firmy ZF"},"content":{"rendered":"\n<h2 class=\"wp-block-heading\">Sp\u00f3jrz w niebo. Nad Cz\u0119stochow\u0105 przeleci Zeppelin firmy ZF. Statek powietrzy pojawi si\u0119 nad naszym miastem 12 wrze\u015bnia.<\/h2>\n\n\n\n<figure class=\"wp-block-image size-large\"><img decoding=\"async\" width=\"748\" height=\"499\" data-src=\"https:\/\/gazetaregionalna.com\/wp-content\/uploads\/2021\/08\/zep1.jpg\" alt=\"\" class=\"wp-image-52417 lazyload\" data-srcset=\"https:\/\/gazetaregionalna.com\/wp-content\/uploads\/2021\/08\/zep1.jpg 748w, https:\/\/gazetaregionalna.com\/wp-content\/uploads\/2021\/08\/zep1-300x200.jpg 300w, https:\/\/gazetaregionalna.com\/wp-content\/uploads\/2021\/08\/zep1-696x464.jpg 696w, https:\/\/gazetaregionalna.com\/wp-content\/uploads\/2021\/08\/zep1-630x420.jpg 630w\" data-sizes=\"(max-width: 748px) 100vw, 748px\" src=\"data:image\/svg+xml;base64,PHN2ZyB3aWR0aD0iMSIgaGVpZ2h0PSIxIiB4bWxucz0iaHR0cDovL3d3dy53My5vcmcvMjAwMC9zdmciPjwvc3ZnPg==\" style=\"--smush-placeholder-width: 748px; --smush-placeholder-aspect-ratio: 748\/499;\" \/><\/figure>\n\n\n\n<p>Jego lot nad Cz\u0119stochow\u0105 odbywa\u0107 si\u0119 b\u0119dzie w ramach europejskiego \u201etourn\u00e9e\u201d tego unowocze\u015bnionego sterowca . Zeppelin w przysz\u0142ym miesi\u0105cu pojawi si\u0119 na niebie nad Polsk\u0105 oraz Czechami. Przelot nad naszym krajem nazwano Zeppelin Tour 2021 Polska. Nad Polsk\u0105 sterowiec ma latach od 11 do 16 wrze\u015bnia. Potem poleci do naszych po\u0142udniowych s\u0105siad\u00f3w.<\/p>\n\n\n\n<figure class=\"wp-block-image size-large\"><img decoding=\"async\" width=\"1024\" height=\"512\" data-src=\"https:\/\/gazetaregionalna.com\/wp-content\/uploads\/2021\/08\/zep3-1024x512.png\" alt=\"\" class=\"wp-image-52418 lazyload\" data-srcset=\"https:\/\/gazetaregionalna.com\/wp-content\/uploads\/2021\/08\/zep3-1024x512.png 1024w, https:\/\/gazetaregionalna.com\/wp-content\/uploads\/2021\/08\/zep3-300x150.png 300w, https:\/\/gazetaregionalna.com\/wp-content\/uploads\/2021\/08\/zep3-768x384.png 768w, https:\/\/gazetaregionalna.com\/wp-content\/uploads\/2021\/08\/zep3-1536x768.png 1536w, https:\/\/gazetaregionalna.com\/wp-content\/uploads\/2021\/08\/zep3-696x348.png 696w, https:\/\/gazetaregionalna.com\/wp-content\/uploads\/2021\/08\/zep3-1068x534.png 1068w, https:\/\/gazetaregionalna.com\/wp-content\/uploads\/2021\/08\/zep3-1920x960.png 1920w, https:\/\/gazetaregionalna.com\/wp-content\/uploads\/2021\/08\/zep3-840x420.png 840w, https:\/\/gazetaregionalna.com\/wp-content\/uploads\/2021\/08\/zep3.png 1200w\" data-sizes=\"(max-width: 1024px) 100vw, 1024px\" src=\"data:image\/svg+xml;base64,PHN2ZyB3aWR0aD0iMSIgaGVpZ2h0PSIxIiB4bWxucz0iaHR0cDovL3d3dy53My5vcmcvMjAwMC9zdmciPjwvc3ZnPg==\" style=\"--smush-placeholder-width: 1024px; --smush-placeholder-aspect-ratio: 1024\/512;\" \/><\/figure>\n\n\n\n<p>Statek powietrzy upami\u0119tni ponadstuletni\u0105 histori\u0119 firmy ZF, kt\u00f3ra r\u00f3wnie\u017c w Cz\u0119stochowie ma sw\u00f3j oddzia\u0142 zatrudniaj\u0105cy ponad 6 tysi\u0119cy pracownik\u00f3w.<\/p>\n\n\n\n<p>&#8211; Dla nas w ZF to \u201ecygaro\u201d ma szczeg\u00f3lne znaczenie: dzi\u0119ki niemu, od ponad 100 lat istnieje nasza firma \u2013 napisano na stronie internetowej firmy. &#8211; ZF za\u0142o\u017cono w 1915 roku, aby budowa\u0107 lepsze przek\u0142adnie do samolot\u00f3w i pojazd\u00f3w mechanicznych<strong>.<\/strong> Kontynuujemy t\u0119 dzia\u0142alno\u015b\u0107, ale jako firma innowacyjna i dostawca zintegrowanych system\u00f3w dla motoryzacji, robimy te\u017c znacznie wi\u0119cej \u2013 rozwijamy systemy i produkty, kt\u00f3re kszta\u0142tuj\u0105 przysz\u0142o\u015b\u0107 motoryzacji!<\/p>\n\n\n\n<p>ZF zach\u0119ca: 12 wrze\u015bnia sp\u00f3jrz w niebo!<\/p>\n\n\n\n<p>&#8211; Od ponad 120 lat fascynuje ludzi na ca\u0142ym \u015bwiecie \u2013 przekaza\u0142a firma ZF. &#8211; Wsz\u0119dzie, gdzie pojawia si\u0119 ten kr\u00f3l przestworzy i niemal bezg\u0142o\u015bny gigant, ludzie z podziwem spogl\u0105daj\u0105 w niebo.<\/p>\n\n\n\n<p>(zdj\u0119cia i grafika ZF)<\/p>\n","protected":false},"excerpt":{"rendered":"<p>Sp\u00f3jrz w niebo. Nad Cz\u0119stochow\u0105 przeleci Zeppelin firmy ZF. Statek powietrzy pojawi si\u0119 nad naszym miastem 12 wrze\u015bnia. Jego lot nad Cz\u0119stochow\u0105 odbywa\u0107 si\u0119<\/p>\n","protected":false},"author":7,"featured_media":52420,"comment_status":"open","ping_status":"open","sticky":false,"template":"","format":"standard","meta":{"_monsterinsights_skip_tracking":false,"_monsterinsights_sitenote_active":false,"_monsterinsights_sitenote_note":"","_monsterinsights_sitenote_category":0,"_uf_show_specific_survey":0,"_uf_disable_surveys":false,"footnotes":""},"categories":[94,3,2],"tags":[],"class_list":["post-52413","post","type-post","status-publish","format-standard","has-post-thumbnail","hentry","category-polecane","category-czestochowa-informacje","category-wiadomosci"],"_links":{"self":[{"href":"https:\/\/gazetaregionalna.com\/index.php?rest_route=\/wp\/v2\/posts\/52413","targetHints":{"allow":["GET"]}}],"collection":[{"href":"https:\/\/gazetaregionalna.com\/index.php?rest_route=\/wp\/v2\/posts"}],"about":[{"href":"https:\/\/gazetaregionalna.com\/index.php?rest_route=\/wp\/v2\/types\/post"}],"author":[{"embeddable":true,"href":"https:\/\/gazetaregionalna.com\/index.php?rest_route=\/wp\/v2\/users\/7"}],"replies":[{"embeddable":true,"href":"https:\/\/gazetaregionalna.com\/index.php?rest_route=%2Fwp%2Fv2%2Fcomments&post=52413"}],"version-history":[{"count":6,"href":"https:\/\/gazetaregionalna.com\/index.php?rest_route=\/wp\/v2\/posts\/52413\/revisions"}],"predecessor-version":[{"id":54498,"href":"https:\/\/gazetaregionalna.com\/index.php?rest_route=\/wp\/v2\/posts\/52413\/revisions\/54498"}],"wp:featuredmedia":[{"embeddable":true,"href":"https:\/\/gazetaregionalna.com\/index.php?rest_route=\/wp\/v2\/media\/52420"}],"wp:attachment":[{"href":"https:\/\/gazetaregionalna.com\/index.php?rest_route=%2Fwp%2Fv2%2Fmedia&parent=52413"}],"wp:term":[{"taxonomy":"category","embeddable":true,"href":"https:\/\/gazetaregionalna.com\/index.php?rest_route=%2Fwp%2Fv2%2Fcategories&post=52413"},{"taxonomy":"post_tag","embeddable":true,"href":"https:\/\/gazetaregionalna.com\/index.php?rest_route=%2Fwp%2Fv2%2Ftags&post=52413"}],"curies":[{"name":"wp","href":"https:\/\/api.w.org\/{rel}","templated":true}]}}