{"id":52342,"date":"2021-08-23T11:27:53","date_gmt":"2021-08-23T11:27:53","guid":{"rendered":"https:\/\/gazetaregionalna.com\/?p=52342"},"modified":"2021-08-23T11:27:54","modified_gmt":"2021-08-23T11:27:54","slug":"mlodzi-zuzlowcy-uks-redziny-stana-do-walki-o-mistrzostwo-polski","status":"publish","type":"post","link":"https:\/\/gazetaregionalna.com\/?p=52342","title":{"rendered":"M\u0142odzi \u017cu\u017clowcy UKS R\u0119dziny stan\u0105 do walki o Mistrzostwo Polski"},"content":{"rendered":"\n<p>21 sierpnia  na torze UKS Speedway R\u0119dziny odby\u0142a si\u0119 IV Runda Dru\u017cynowych Mistrzostw Polski 85-125cc  kt\u00f3r\u0105 klub UKS Speedway R\u0119dziny wygra\u0142.<\/p>\n\n\n\n<p> Klub dzi\u0119ki temu po raz trzeci stanie do walki o Dru\u017cynowe Mistrzostwo Polski. Na drugiej pozycji uplasowa\u0142 si\u0119 klub MKM\u017b Rybki Rybnik a na trzeciej SSSM Toru\u0144.<\/p>\n\n\n\n<p>Udany debiut w zawodach zaliczy\u0142 R\u0119dzinianin Maksym Zientara zdobywaj\u0105c cenne 4 pkt dla dru\u017cyny. Punktacja dru\u017cyny w zawodach wygl\u0105da\u0142a nast\u0119puj\u0105co : Kapitan dru\u017cyny : Wiktor Andryszczak 14 pkt. Krystian Gr\u0119da 14 pkt. Mi\u0142osz Kowalski 9 pkt. Oskar Kr\u0119glicki 9 pkt. Maksym Zientara 4 pkt.<\/p>\n\n\n\n<figure class=\"wp-block-image size-large\"><img decoding=\"async\" width=\"945\" height=\"630\" data-src=\"https:\/\/gazetaregionalna.com\/wp-content\/uploads\/2021\/08\/UKS_redziny1.jpg\" alt=\"\" class=\"wp-image-52404 lazyload\" data-srcset=\"https:\/\/gazetaregionalna.com\/wp-content\/uploads\/2021\/08\/UKS_redziny1.jpg 945w, https:\/\/gazetaregionalna.com\/wp-content\/uploads\/2021\/08\/UKS_redziny1-300x200.jpg 300w, https:\/\/gazetaregionalna.com\/wp-content\/uploads\/2021\/08\/UKS_redziny1-768x512.jpg 768w, https:\/\/gazetaregionalna.com\/wp-content\/uploads\/2021\/08\/UKS_redziny1-696x464.jpg 696w, https:\/\/gazetaregionalna.com\/wp-content\/uploads\/2021\/08\/UKS_redziny1-630x420.jpg 630w\" data-sizes=\"(max-width: 945px) 100vw, 945px\" src=\"data:image\/svg+xml;base64,PHN2ZyB3aWR0aD0iMSIgaGVpZ2h0PSIxIiB4bWxucz0iaHR0cDovL3d3dy53My5vcmcvMjAwMC9zdmciPjwvc3ZnPg==\" style=\"--smush-placeholder-width: 945px; --smush-placeholder-aspect-ratio: 945\/630;\" \/><\/figure>\n\n\n\n<figure class=\"wp-block-image size-large\"><img decoding=\"async\" width=\"491\" height=\"893\" data-src=\"https:\/\/gazetaregionalna.com\/wp-content\/uploads\/2021\/08\/UKS_redziny2.jpg\" alt=\"\" class=\"wp-image-52405 lazyload\" data-srcset=\"https:\/\/gazetaregionalna.com\/wp-content\/uploads\/2021\/08\/UKS_redziny2.jpg 491w, https:\/\/gazetaregionalna.com\/wp-content\/uploads\/2021\/08\/UKS_redziny2-165x300.jpg 165w, https:\/\/gazetaregionalna.com\/wp-content\/uploads\/2021\/08\/UKS_redziny2-231x420.jpg 231w\" data-sizes=\"(max-width: 491px) 100vw, 491px\" src=\"data:image\/svg+xml;base64,PHN2ZyB3aWR0aD0iMSIgaGVpZ2h0PSIxIiB4bWxucz0iaHR0cDovL3d3dy53My5vcmcvMjAwMC9zdmciPjwvc3ZnPg==\" style=\"--smush-placeholder-width: 491px; --smush-placeholder-aspect-ratio: 491\/893;\" \/><\/figure>\n\n\n\n<figure class=\"wp-block-image size-large\"><img decoding=\"async\" width=\"560\" height=\"756\" data-src=\"https:\/\/gazetaregionalna.com\/wp-content\/uploads\/2021\/08\/UKS_redziny4.jpg\" alt=\"\" class=\"wp-image-52406 lazyload\" data-srcset=\"https:\/\/gazetaregionalna.com\/wp-content\/uploads\/2021\/08\/UKS_redziny4.jpg 560w, https:\/\/gazetaregionalna.com\/wp-content\/uploads\/2021\/08\/UKS_redziny4-222x300.jpg 222w, https:\/\/gazetaregionalna.com\/wp-content\/uploads\/2021\/08\/UKS_redziny4-311x420.jpg 311w\" data-sizes=\"(max-width: 560px) 100vw, 560px\" src=\"data:image\/svg+xml;base64,PHN2ZyB3aWR0aD0iMSIgaGVpZ2h0PSIxIiB4bWxucz0iaHR0cDovL3d3dy53My5vcmcvMjAwMC9zdmciPjwvc3ZnPg==\" style=\"--smush-placeholder-width: 560px; --smush-placeholder-aspect-ratio: 560\/756;\" \/><\/figure>\n\n\n\n<p>Kapitan dru\u017cyny Wiktor Andryszczak otrzyma\u0142 tak\u017ce wyr\u00f3\u017cnienie i Podzi\u0119kowanie od W\u00f3jta Gminy R\u0119dziny Paw\u0142a Militowskiego za reprezentowanie klubu oraz gminy na arenie mi\u0119dzynarodowej .<\/p>\n","protected":false},"excerpt":{"rendered":"<p>21 sierpnia na torze UKS Speedway R\u0119dziny odby\u0142a si\u0119 IV Runda Dru\u017cynowych Mistrzostw Polski 85-125cc kt\u00f3r\u0105 klub UKS Speedway R\u0119dziny wygra\u0142. Klub dzi\u0119ki temu<\/p>\n","protected":false},"author":2,"featured_media":52407,"comment_status":"open","ping_status":"open","sticky":false,"template":"","format":"standard","meta":{"_monsterinsights_skip_tracking":false,"_monsterinsights_sitenote_active":false,"_monsterinsights_sitenote_note":"","_monsterinsights_sitenote_category":0,"_uf_show_specific_survey":0,"_uf_disable_surveys":false,"footnotes":""},"categories":[7],"tags":[2692],"class_list":["post-52342","post","type-post","status-publish","format-standard","has-post-thumbnail","hentry","category-zuzel","tag-uks-redziny"],"_links":{"self":[{"href":"https:\/\/gazetaregionalna.com\/index.php?rest_route=\/wp\/v2\/posts\/52342","targetHints":{"allow":["GET"]}}],"collection":[{"href":"https:\/\/gazetaregionalna.com\/index.php?rest_route=\/wp\/v2\/posts"}],"about":[{"href":"https:\/\/gazetaregionalna.com\/index.php?rest_route=\/wp\/v2\/types\/post"}],"author":[{"embeddable":true,"href":"https:\/\/gazetaregionalna.com\/index.php?rest_route=\/wp\/v2\/users\/2"}],"replies":[{"embeddable":true,"href":"https:\/\/gazetaregionalna.com\/index.php?rest_route=%2Fwp%2Fv2%2Fcomments&post=52342"}],"version-history":[{"count":3,"href":"https:\/\/gazetaregionalna.com\/index.php?rest_route=\/wp\/v2\/posts\/52342\/revisions"}],"predecessor-version":[{"id":52410,"href":"https:\/\/gazetaregionalna.com\/index.php?rest_route=\/wp\/v2\/posts\/52342\/revisions\/52410"}],"wp:featuredmedia":[{"embeddable":true,"href":"https:\/\/gazetaregionalna.com\/index.php?rest_route=\/wp\/v2\/media\/52407"}],"wp:attachment":[{"href":"https:\/\/gazetaregionalna.com\/index.php?rest_route=%2Fwp%2Fv2%2Fmedia&parent=52342"}],"wp:term":[{"taxonomy":"category","embeddable":true,"href":"https:\/\/gazetaregionalna.com\/index.php?rest_route=%2Fwp%2Fv2%2Fcategories&post=52342"},{"taxonomy":"post_tag","embeddable":true,"href":"https:\/\/gazetaregionalna.com\/index.php?rest_route=%2Fwp%2Fv2%2Ftags&post=52342"}],"curies":[{"name":"wp","href":"https:\/\/api.w.org\/{rel}","templated":true}]}}