{"id":52335,"date":"2021-08-23T07:37:58","date_gmt":"2021-08-23T07:37:58","guid":{"rendered":"https:\/\/gazetaregionalna.com\/?p=52335"},"modified":"2021-08-23T07:37:59","modified_gmt":"2021-08-23T07:37:59","slug":"czestochowianin-robert-bulka-od-tygodnia-jest-na-charytatywnej-wyprawie-ktora-ma-pomoc-choremu-na-raka-dziecku","status":"publish","type":"post","link":"https:\/\/gazetaregionalna.com\/?p=52335","title":{"rendered":"Cz\u0119stochowianin Robert Bu\u0142ka od tygodnia jest na charytatywnej wyprawie, kt\u00f3ra ma pom\u00f3c choremu na raka dziecku"},"content":{"rendered":"\n<h2 class=\"wp-block-heading\">Cz\u0119stochowianin Robert Bu\u0142ka od tygodnia jest na charytatywnej wyprawie, kt\u00f3ra ma pom\u00f3c choremu dziecku. M\u0119\u017cczyzna wczoraj dotar\u0142 ju\u017c do W\u0142och.<\/h2>\n\n\n\n<figure class=\"wp-block-image size-large\"><img decoding=\"async\" width=\"710\" height=\"947\" data-src=\"https:\/\/gazetaregionalna.com\/wp-content\/uploads\/2021\/08\/20210823_090806.jpg\" alt=\"\" class=\"wp-image-52339 lazyload\" data-srcset=\"https:\/\/gazetaregionalna.com\/wp-content\/uploads\/2021\/08\/20210823_090806.jpg 710w, https:\/\/gazetaregionalna.com\/wp-content\/uploads\/2021\/08\/20210823_090806-225x300.jpg 225w, https:\/\/gazetaregionalna.com\/wp-content\/uploads\/2021\/08\/20210823_090806-696x928.jpg 696w, https:\/\/gazetaregionalna.com\/wp-content\/uploads\/2021\/08\/20210823_090806-315x420.jpg 315w\" data-sizes=\"(max-width: 710px) 100vw, 710px\" src=\"data:image\/svg+xml;base64,PHN2ZyB3aWR0aD0iMSIgaGVpZ2h0PSIxIiB4bWxucz0iaHR0cDovL3d3dy53My5vcmcvMjAwMC9zdmciPjwvc3ZnPg==\" style=\"--smush-placeholder-width: 710px; --smush-placeholder-aspect-ratio: 710\/947;\" \/><\/figure>\n\n\n\n<p>Robert Bu\u0142ka podr\u00f3\u017cuje samotnie na rowerze. Od tygodnia jest w trasie. Celem jego podr\u00f3\u017cy jest Watykan. To jego druga charytatywna wyprawa na rzecz Micha\u0142ka Sojdy walcz\u0105cego z rakiem. Rok temu, tak\u017ce na rowerze, Robert Bu\u0142ka objecha\u0142 ca\u0142\u0105 Polsk\u0119. W\u00f3wczas przejecha\u0142 ponad 3 tysi\u0105ce kilometr\u00f3w. W tym roku z Cz\u0119stochowy do Watykanu ma do pokonania ok. 1,5 tys. kilometr\u00f3w.<\/p>\n\n\n\n<p>Wyprawa dedykowana jest Micha\u0142kowi. Ma\u0142y cz\u0119stochowianin Micha\u0142 Sojda zmaga si\u0119 z nowotworem niemal ca\u0142e swoje kr\u00f3tkie \u017cycie. Na Facebooku powsta\u0142a strona pod nazw\u0105: Micha\u015b ma\u0142y wojownik \u2013\u00a0<a href=\"https:\/\/www.facebook.com\/Michasmalywojownik\/\" target=\"_blank\" rel=\"noreferrer noopener\">https:\/\/www.facebook.com\/Michasmalywojownik\/<\/a><\/p>\n\n\n\n<p>Podobnie jak w 2020 roku, Robert Bu\u0142ka wsz\u0119dzie, gdzie dojedzie opowiada o celu wyprawy i propaguje zbi\u00f3rk\u0119 na leczenie walcz\u0105cego z rakiem dziecka. W tym roku r\u00f3wnie\u017c jest ubrany w specjaln\u0105 koszulk\u0119 z informacj\u0105 o akcji, a tak\u017ce map\u0105 trasy, kt\u00f3r\u0105 ma do pokonania.<\/p>\n\n\n\n<p>Jak na razie wyprawa przebiega spokojnie. Na szcz\u0119\u015bcie oby\u0142o si\u0119 bez powa\u017cniejszych zdarze\u0144, ale jak opowiada na swoim kanale na Facebooku Robert Bu\u0142ka, nie zawsze jest \u0142atwo. W ci\u0105gu ostatnich dni mocno na przyk\u0142ad dokucza\u0142 mu deszcz.<\/p>\n\n\n\n<p>Jak wynika z relacji, kt\u00f3ra udost\u0119pnia cz\u0119stochowianin, spotyka si\u0119 z du\u017cym zainteresowaniem ludzi, kt\u00f3rzy cz\u0119sto dopytuj\u0105 o cel jego wyprawy. Szczeg\u00f3lnie otwarci s\u0105 na jego opowie\u015bci W\u0142osi, r\u00f3wnie\u017c inni rowerzy\u015bci, kt\u00f3rzy widz\u0105c Polaka ju\u017c na terenie Austrii dopytywali o jego podr\u00f3\u017c. Jak zawsze na swojej drodze Robert Bu\u0142ka spotyka tak\u017ce osoby ch\u0119tne do pomocy. To w\u0142a\u015bnie dzi\u0119ki takiej osobie, tu\u017c po przekroczeniu granicy austriacko-w\u0142oskiej uda\u0142o mu si\u0119 znale\u017a\u0107 tani i wygodny nocleg, dzi\u0119ki czemu unikn\u0105\u0107 noclegu w namiocie. Nie by\u0142oby to zbyt przyjemne, gdy\u017c r\u00f3wnie\u017c na p\u00f3\u0142nocy W\u0142och pogoda si\u0119 zepsu\u0142a i pada deszcz, a noc\u0105 by\u0142o ulewa.<\/p>\n\n\n\n<p><a href=\"https:\/\/gazetaregionalna.com\/wp-content\/uploads\/2021\/07\/Michalek-768x1024.jpg\"><br><\/a>Przebieg wyprawy Rober Bu\u0142ki mo\u017cna \u015bledzi\u0107 na bie\u017c\u0105co na jego profilu na Facebooku:<\/p>\n\n\n\n<p><a href=\"https:\/\/www.facebook.com\/profile.php?id=100045641827046\" target=\"_blank\" rel=\"noopener\">https:\/\/www.facebook.com\/profile.php?id=100045641827046<\/a><\/p>\n\n\n\n<p>(fot. Facebook Robert Bu\u0142ki)<\/p>\n","protected":false},"excerpt":{"rendered":"<p>Cz\u0119stochowianin Robert Bu\u0142ka od tygodnia jest na charytatywnej wyprawie, kt\u00f3ra ma pom\u00f3c choremu dziecku. M\u0119\u017cczyzna wczoraj dotar\u0142 ju\u017c do W\u0142och. Robert Bu\u0142ka podr\u00f3\u017cuje samotnie<\/p>\n","protected":false},"author":7,"featured_media":52341,"comment_status":"open","ping_status":"open","sticky":false,"template":"","format":"standard","meta":{"_monsterinsights_skip_tracking":false,"_monsterinsights_sitenote_active":false,"_monsterinsights_sitenote_note":"","_monsterinsights_sitenote_category":0,"_uf_show_specific_survey":0,"_uf_disable_surveys":false,"footnotes":""},"categories":[94,3,2],"tags":[],"class_list":["post-52335","post","type-post","status-publish","format-standard","has-post-thumbnail","hentry","category-polecane","category-czestochowa-informacje","category-wiadomosci"],"_links":{"self":[{"href":"https:\/\/gazetaregionalna.com\/index.php?rest_route=\/wp\/v2\/posts\/52335","targetHints":{"allow":["GET"]}}],"collection":[{"href":"https:\/\/gazetaregionalna.com\/index.php?rest_route=\/wp\/v2\/posts"}],"about":[{"href":"https:\/\/gazetaregionalna.com\/index.php?rest_route=\/wp\/v2\/types\/post"}],"author":[{"embeddable":true,"href":"https:\/\/gazetaregionalna.com\/index.php?rest_route=\/wp\/v2\/users\/7"}],"replies":[{"embeddable":true,"href":"https:\/\/gazetaregionalna.com\/index.php?rest_route=%2Fwp%2Fv2%2Fcomments&post=52335"}],"version-history":[{"count":4,"href":"https:\/\/gazetaregionalna.com\/index.php?rest_route=\/wp\/v2\/posts\/52335\/revisions"}],"predecessor-version":[{"id":52340,"href":"https:\/\/gazetaregionalna.com\/index.php?rest_route=\/wp\/v2\/posts\/52335\/revisions\/52340"}],"wp:featuredmedia":[{"embeddable":true,"href":"https:\/\/gazetaregionalna.com\/index.php?rest_route=\/wp\/v2\/media\/52341"}],"wp:attachment":[{"href":"https:\/\/gazetaregionalna.com\/index.php?rest_route=%2Fwp%2Fv2%2Fmedia&parent=52335"}],"wp:term":[{"taxonomy":"category","embeddable":true,"href":"https:\/\/gazetaregionalna.com\/index.php?rest_route=%2Fwp%2Fv2%2Fcategories&post=52335"},{"taxonomy":"post_tag","embeddable":true,"href":"https:\/\/gazetaregionalna.com\/index.php?rest_route=%2Fwp%2Fv2%2Ftags&post=52335"}],"curies":[{"name":"wp","href":"https:\/\/api.w.org\/{rel}","templated":true}]}}