{"id":52305,"date":"2021-08-23T06:52:13","date_gmt":"2021-08-23T06:52:13","guid":{"rendered":"https:\/\/gazetaregionalna.com\/?p=52305"},"modified":"2021-08-23T06:52:15","modified_gmt":"2021-08-23T06:52:15","slug":"112-przejmie-numer-alarmowy-998","status":"publish","type":"post","link":"https:\/\/gazetaregionalna.com\/?p=52305","title":{"rendered":"112 przejmie numer alarmowy 998"},"content":{"rendered":"\n<h2 class=\"wp-block-heading\">112 przejmie numer alarmowy 998. Od 9 wrze\u015bnia wybieraj\u0105c numer alarmowy Stra\u017cy Po\u017carnej 998, mieszka\u0144cy wojew\u00f3dztwa \u015bl\u0105skiego po\u0142\u0105cz\u0105 si\u0119 z operatorem numeru alarmowego 112. Jak zapewnia \u015al\u0105ski Urz\u0105d Wojew\u00f3dzki w Katowicach, zmiana ta pozwoli na sprawne powiadamianie oraz dysponowanie odpowiednich s\u0142u\u017cb, a co za tym idzie ulepszy system powiadamiania ratunkowego.<\/h2>\n\n\n\n<p>Przej\u0119cie obs\u0142ugi numeru alarmowego 998 w wojew\u00f3dztwie \u015bl\u0105skim przebiegnie bezproblemowo. Zmiana pozwoli usprawni\u0107 dzia\u0142anie systemu powiadamiania ratunkowego, ujednolicaj\u0105c spos\u00f3b obs\u0142ugi zg\u0142osze\u0144, a przede wszystkim odci\u0105\u017caj\u0105c dyspozytor\u00f3w Pa\u0144stwowej Stra\u017cy Po\u017carnej i pozwalaj\u0105c im w czasie zdarze\u0144 skupi\u0107 si\u0119 na zarz\u0105dzaniu podleg\u0142ymi si\u0142ami i \u015brodkami.<\/p>\n\n\n\n<p>&#8211; To nie jest dla nas co\u015b nowego, zg\u0142oszenia kierowane na numer alarmowy 112 podlegaj\u0105ce obs\u0142udze przez Stra\u017c Po\u017carn\u0105 obs\u0142ugujemy od samego pocz\u0105tku dzia\u0142ania, czyli od 2013 roku \u00a0\u2013 m\u00f3wi Tomasz Michalczyk, Dyrektor Wydzia\u0142u Powiadamiania Ratunkowego \u015aUW w Katowicach. &#8211; Dzi\u0119ki bardzo dobrej wsp\u00f3\u0142pracy z Pa\u0144stwow\u0105 Stra\u017c\u0105 Po\u017carn\u0105 wypracowane dotychczas procedury daj\u0105 r\u0119kojmi\u0119 profesjonalnego dzia\u0142ania ONA<\/p>\n\n\n\n<p>\u015al\u0105skie jest kolejnym wojew\u00f3dztwem, w kt\u00f3rym numer 998 zostanie prze\u0142\u0105czony na numer alarmowy 112. Pilota\u017c prze\u0142\u0105czania numeru alarmowego Pa\u0144stwowej Stra\u017cy Po\u017carnej rozpocz\u0105\u0142 si\u0119 bowiem w lutym tego roku od wojew\u00f3dztw podlaskiego i lubelskiego.<\/p>\n\n\n\n<p>W \u015al\u0105skiem prze\u0142\u0105czanie numeru 998 rozpocznie si\u0119 9 wrze\u015bnia 2021 r. i potrwa do 20 wrze\u015bnia.<\/p>\n\n\n\n<p>Co istotne, numer 998 b\u0119dzie nadal funkcjonowa\u0142, ale mieszka\u0144cy nie po\u0142\u0105cz\u0105 si\u0119 jak dotychczas bezpo\u015brednio z Pa\u0144stwow\u0105 Stra\u017c\u0105 Po\u017carn\u0105, a z dyspozytorem Centrum Powiadamiania Ratunkowego, kt\u00f3ry po zakwalifikowaniu zg\u0142oszenia przeka\u017ce je do odpowiednich s\u0142u\u017cb.<\/p>\n\n\n\n<p>grafika: KW PSP Katowice<\/p>\n","protected":false},"excerpt":{"rendered":"<p>112 przejmie numer alarmowy 998. Od 9 wrze\u015bnia wybieraj\u0105c numer alarmowy Stra\u017cy Po\u017carnej 998, mieszka\u0144cy wojew\u00f3dztwa \u015bl\u0105skiego po\u0142\u0105cz\u0105 si\u0119 z operatorem numeru alarmowego 112.<\/p>\n","protected":false},"author":7,"featured_media":52310,"comment_status":"open","ping_status":"open","sticky":false,"template":"","format":"standard","meta":{"_monsterinsights_skip_tracking":false,"_monsterinsights_sitenote_active":false,"_monsterinsights_sitenote_note":"","_monsterinsights_sitenote_category":0,"_uf_show_specific_survey":0,"_uf_disable_surveys":false,"footnotes":""},"categories":[1,3,94,4,2],"tags":[],"class_list":["post-52305","post","type-post","status-publish","format-standard","has-post-thumbnail","hentry","category-uncategorized","category-czestochowa-informacje","category-polecane","category-region","category-wiadomosci"],"_links":{"self":[{"href":"https:\/\/gazetaregionalna.com\/index.php?rest_route=\/wp\/v2\/posts\/52305","targetHints":{"allow":["GET"]}}],"collection":[{"href":"https:\/\/gazetaregionalna.com\/index.php?rest_route=\/wp\/v2\/posts"}],"about":[{"href":"https:\/\/gazetaregionalna.com\/index.php?rest_route=\/wp\/v2\/types\/post"}],"author":[{"embeddable":true,"href":"https:\/\/gazetaregionalna.com\/index.php?rest_route=\/wp\/v2\/users\/7"}],"replies":[{"embeddable":true,"href":"https:\/\/gazetaregionalna.com\/index.php?rest_route=%2Fwp%2Fv2%2Fcomments&post=52305"}],"version-history":[{"count":3,"href":"https:\/\/gazetaregionalna.com\/index.php?rest_route=\/wp\/v2\/posts\/52305\/revisions"}],"predecessor-version":[{"id":52308,"href":"https:\/\/gazetaregionalna.com\/index.php?rest_route=\/wp\/v2\/posts\/52305\/revisions\/52308"}],"wp:featuredmedia":[{"embeddable":true,"href":"https:\/\/gazetaregionalna.com\/index.php?rest_route=\/wp\/v2\/media\/52310"}],"wp:attachment":[{"href":"https:\/\/gazetaregionalna.com\/index.php?rest_route=%2Fwp%2Fv2%2Fmedia&parent=52305"}],"wp:term":[{"taxonomy":"category","embeddable":true,"href":"https:\/\/gazetaregionalna.com\/index.php?rest_route=%2Fwp%2Fv2%2Fcategories&post=52305"},{"taxonomy":"post_tag","embeddable":true,"href":"https:\/\/gazetaregionalna.com\/index.php?rest_route=%2Fwp%2Fv2%2Ftags&post=52305"}],"curies":[{"name":"wp","href":"https:\/\/api.w.org\/{rel}","templated":true}]}}