{"id":52182,"date":"2021-08-22T06:52:24","date_gmt":"2021-08-22T06:52:24","guid":{"rendered":"https:\/\/gazetaregionalna.com\/?p=52182"},"modified":"2021-08-22T06:52:26","modified_gmt":"2021-08-22T06:52:26","slug":"policja-podsumowuje-marsz-rownosci","status":"publish","type":"post","link":"https:\/\/gazetaregionalna.com\/?p=52182","title":{"rendered":"Cz\u0119stochowska policja podsumowuje sobotni Marsz R\u00f3wno\u015bci"},"content":{"rendered":"\n<h2 class=\"wp-block-heading\"><strong>W sobotnie popo\u0142udnie policjanci z garnizonu \u015bl\u0105skiego wsparci mundurowymi z o\u015bciennych wojew\u00f3dztw dbali o bezpiecze\u0144stwo pielgrzym\u00f3w przybywaj\u0105cych na Jasn\u0105 G\u00f3r\u0119 oraz uczestnik\u00f3w organizowanego nieopodal Marszu R\u00f3wno\u015bci.<\/strong><\/h2>\n\n\n\n<p>Jak ju\u017c <a href=\"https:\/\/gazetaregionalna.com\/marsz-rownosci-w-czestochowie\/\">informowali\u015bmy<\/a>, w sobot\u0119 w Cz\u0119stochowie odby\u0142 si\u0119 III Marsz R\u00f3wno\u015bci. W rejonie al, Sienkiewicza mundurowi z woj. \u015bl\u0105skiego wsparci pomoc\u0105 policjant\u00f3w z woj. ma\u0142opolskiego i \u015bwi\u0119tokrzyskiego zabezpieczali wydarzenia odbywaj\u0105ce si\u0119 w Cz\u0119stochowie, dbaj\u0105c o bezpiecze\u0144stwo pielgrzym\u00f3w, kt\u00f3rzy przybyli na Jasn\u0105 G\u00f3r\u0119, uczestnik\u00f3w zgromadzenia  oraz mieszka\u0144c\u00f3w miasta.<\/p>\n\n\n\n<figure class=\"wp-block-image size-large\"><img decoding=\"async\" width=\"1024\" height=\"719\" data-src=\"https:\/\/gazetaregionalna.com\/wp-content\/uploads\/2021\/08\/42-669156-1024x719.jpg\" alt=\"\" class=\"wp-image-52186 lazyload\" data-srcset=\"https:\/\/gazetaregionalna.com\/wp-content\/uploads\/2021\/08\/42-669156-1024x719.jpg 1024w, https:\/\/gazetaregionalna.com\/wp-content\/uploads\/2021\/08\/42-669156-300x211.jpg 300w, https:\/\/gazetaregionalna.com\/wp-content\/uploads\/2021\/08\/42-669156-768x540.jpg 768w, https:\/\/gazetaregionalna.com\/wp-content\/uploads\/2021\/08\/42-669156-696x489.jpg 696w, https:\/\/gazetaregionalna.com\/wp-content\/uploads\/2021\/08\/42-669156-1068x750.jpg 1068w, https:\/\/gazetaregionalna.com\/wp-content\/uploads\/2021\/08\/42-669156-598x420.jpg 598w, https:\/\/gazetaregionalna.com\/wp-content\/uploads\/2021\/08\/42-669156-100x70.jpg 100w, https:\/\/gazetaregionalna.com\/wp-content\/uploads\/2021\/08\/42-669156.jpg 1200w\" data-sizes=\"(max-width: 1024px) 100vw, 1024px\" src=\"data:image\/svg+xml;base64,PHN2ZyB3aWR0aD0iMSIgaGVpZ2h0PSIxIiB4bWxucz0iaHR0cDovL3d3dy53My5vcmcvMjAwMC9zdmciPjwvc3ZnPg==\" style=\"--smush-placeholder-width: 1024px; --smush-placeholder-aspect-ratio: 1024\/719;\" \/><figcaption>fot. KMP w Cz\u0119stochowie<\/figcaption><\/figure>\n\n\n\n<p>Marsz R\u00f3wno\u015bci odby\u0142 si\u0119 bez powa\u017cniejszych incydent\u00f3w. Sobotnie wydarzenia podsumowa\u0142a cz\u0119stochowska policja. Podkre\u015bla ona, \u017ce mundurowi pilnowali, by pielgrzymi bezpiecznie dotarli do celu oraz o to, by nie dosz\u0142o do zak\u0142\u00f3cenia przebiegu legalnego zgromadzenia przez osoby manifestuj\u0105ce odmienne pogl\u0105dy. Natomiast policjanci z Zespo\u0142u Antykonfliktowego czuwali nad tym, by nie dochodzi\u0142o do niepotrzebnych konflikt\u00f3w czy nieporozumie\u0144.<\/p>\n\n\n\n<figure class=\"wp-block-image size-large\"><img decoding=\"async\" width=\"1024\" height=\"758\" data-src=\"https:\/\/gazetaregionalna.com\/wp-content\/uploads\/2021\/08\/42-669159-1024x758.jpg\" alt=\"\" class=\"wp-image-52188 lazyload\" data-srcset=\"https:\/\/gazetaregionalna.com\/wp-content\/uploads\/2021\/08\/42-669159-1024x758.jpg 1024w, https:\/\/gazetaregionalna.com\/wp-content\/uploads\/2021\/08\/42-669159-300x222.jpg 300w, https:\/\/gazetaregionalna.com\/wp-content\/uploads\/2021\/08\/42-669159-768x568.jpg 768w, https:\/\/gazetaregionalna.com\/wp-content\/uploads\/2021\/08\/42-669159-485x360.jpg 485w, https:\/\/gazetaregionalna.com\/wp-content\/uploads\/2021\/08\/42-669159-696x515.jpg 696w, https:\/\/gazetaregionalna.com\/wp-content\/uploads\/2021\/08\/42-669159-1068x790.jpg 1068w, https:\/\/gazetaregionalna.com\/wp-content\/uploads\/2021\/08\/42-669159-568x420.jpg 568w, https:\/\/gazetaregionalna.com\/wp-content\/uploads\/2021\/08\/42-669159-80x60.jpg 80w, https:\/\/gazetaregionalna.com\/wp-content\/uploads\/2021\/08\/42-669159.jpg 1200w\" data-sizes=\"(max-width: 1024px) 100vw, 1024px\" src=\"data:image\/svg+xml;base64,PHN2ZyB3aWR0aD0iMSIgaGVpZ2h0PSIxIiB4bWxucz0iaHR0cDovL3d3dy53My5vcmcvMjAwMC9zdmciPjwvc3ZnPg==\" style=\"--smush-placeholder-width: 1024px; --smush-placeholder-aspect-ratio: 1024\/758;\" \/><figcaption>fot. KMP w Cz\u0119stochowie<\/figcaption><\/figure>\n\n\n\n<p>Podczas zabezpieczenia marszu policjanci wylegitymowali 117 os\u00f3b, z czego zdecydowana wi\u0119kszo\u015b\u0107 to by\u0142y osoby antagonistycznie nastawione do manifestuj\u0105cych. Cztery osoby zosta\u0142y ukarane mandatami karnymi za zak\u0142\u00f3canie porz\u0105dku publicznego, u\u017cywanie s\u0142\u00f3w nieprzyzwoitych i nieprzestrzeganie re\u017cimu sanitarnego, 13 os\u00f3b zosta\u0142o pouczonych, a w stosunku do sze\u015bciu pozosta\u0142ych zostan\u0105 skierowane do s\u0105du wnioski o ukaranie.<\/p>\n\n\n\n<p>Cz\u0119stochowska policja zatrzyma\u0142a r\u00f3wnie\u017c dw\u00f3ch chuligan\u00f3w, kt\u00f3rzy rozpylili substancj\u0119 przypominaj\u0105c\u0105 gaz \u0142zawi\u0105cy w kierunku innych os\u00f3b oraz otrzyma\u0142a zg\u0142oszenie dotycz\u0105ce zniewa\u017cenia symboli narodowych &#8211; kryminalni b\u0119d\u0105 prowadzili czynno\u015bci w tej sprawie.<\/p>\n\n\n\n<figure class=\"wp-block-image size-large\"><img decoding=\"async\" width=\"1024\" height=\"779\" data-src=\"https:\/\/gazetaregionalna.com\/wp-content\/uploads\/2021\/08\/42-669158-1024x779.jpg\" alt=\"\" class=\"wp-image-52189 lazyload\" data-srcset=\"https:\/\/gazetaregionalna.com\/wp-content\/uploads\/2021\/08\/42-669158-1024x779.jpg 1024w, https:\/\/gazetaregionalna.com\/wp-content\/uploads\/2021\/08\/42-669158-300x228.jpg 300w, https:\/\/gazetaregionalna.com\/wp-content\/uploads\/2021\/08\/42-669158-768x584.jpg 768w, https:\/\/gazetaregionalna.com\/wp-content\/uploads\/2021\/08\/42-669158-696x530.jpg 696w, https:\/\/gazetaregionalna.com\/wp-content\/uploads\/2021\/08\/42-669158-1068x813.jpg 1068w, https:\/\/gazetaregionalna.com\/wp-content\/uploads\/2021\/08\/42-669158-552x420.jpg 552w, https:\/\/gazetaregionalna.com\/wp-content\/uploads\/2021\/08\/42-669158-80x60.jpg 80w, https:\/\/gazetaregionalna.com\/wp-content\/uploads\/2021\/08\/42-669158.jpg 1200w\" data-sizes=\"(max-width: 1024px) 100vw, 1024px\" src=\"data:image\/svg+xml;base64,PHN2ZyB3aWR0aD0iMSIgaGVpZ2h0PSIxIiB4bWxucz0iaHR0cDovL3d3dy53My5vcmcvMjAwMC9zdmciPjwvc3ZnPg==\" style=\"--smush-placeholder-width: 1024px; --smush-placeholder-aspect-ratio: 1024\/779;\" \/><figcaption>fot. KMP w Cz\u0119stochowie<\/figcaption><\/figure>\n\n\n\n<p>-Odnosz\u0105c si\u0119 do chaosu informacyjnego, jaki ukaza\u0142 si\u0119 w mediach odno\u015bcie legalno\u015bci zgromadzenia informujemy, \u017ce Marsz R\u00f3wno\u015bci odby\u0142 si\u0119 legalnie w oparciu o przepisy ustawy Prawo o zgromadzeniach. Natomiast negatywna opinia wydana przez Policj\u0119 w kwestii wykorzystania dr\u00f3g w spos\u00f3b szczeg\u00f3lny dotyczy\u0142a odr\u0119bnego post\u0119powania, kt\u00f3re opiera si\u0119 na przepisach ustawy Prawo o ruchu drogowym &#8211; dlatego w tej konkretnej sytuacji samoch\u00f3d, kt\u00f3ry mia\u0142 jecha\u0107 z pochodem, musia\u0142 jecha\u0107 zgodnie z przepisami ruchu drogowego i stosowa\u0107 si\u0119 do polece\u0144 wydawanych przez policjanta &#8211; informuje na swojej stronie internetowej Komenda Miejskiej Policji w Cz\u0119stochowie.<\/p>\n\n\n\n<p><strong>ZS<\/strong><\/p>\n\n\n\n<figure class=\"wp-block-gallery columns-3 is-cropped wp-block-gallery-1 is-layout-flex wp-block-gallery-is-layout-flex\"><ul class=\"blocks-gallery-grid\"><li class=\"blocks-gallery-item\"><figure><img decoding=\"async\" width=\"1024\" height=\"768\" data-src=\"https:\/\/gazetaregionalna.com\/wp-content\/uploads\/2021\/08\/42-669157-1024x768.jpg\" alt=\"\" data-id=\"52191\" data-full-url=\"https:\/\/gazetaregionalna.com\/wp-content\/uploads\/2021\/08\/42-669157.jpg\" data-link=\"https:\/\/gazetaregionalna.com\/?attachment_id=52191\" class=\"wp-image-52191 lazyload\" data-srcset=\"https:\/\/gazetaregionalna.com\/wp-content\/uploads\/2021\/08\/42-669157-1024x768.jpg 1024w, https:\/\/gazetaregionalna.com\/wp-content\/uploads\/2021\/08\/42-669157-300x225.jpg 300w, https:\/\/gazetaregionalna.com\/wp-content\/uploads\/2021\/08\/42-669157-768x576.jpg 768w, https:\/\/gazetaregionalna.com\/wp-content\/uploads\/2021\/08\/42-669157-696x522.jpg 696w, https:\/\/gazetaregionalna.com\/wp-content\/uploads\/2021\/08\/42-669157-1068x801.jpg 1068w, https:\/\/gazetaregionalna.com\/wp-content\/uploads\/2021\/08\/42-669157-560x420.jpg 560w, https:\/\/gazetaregionalna.com\/wp-content\/uploads\/2021\/08\/42-669157-80x60.jpg 80w, https:\/\/gazetaregionalna.com\/wp-content\/uploads\/2021\/08\/42-669157-265x198.jpg 265w, https:\/\/gazetaregionalna.com\/wp-content\/uploads\/2021\/08\/42-669157.jpg 1200w\" data-sizes=\"(max-width: 1024px) 100vw, 1024px\" src=\"data:image\/svg+xml;base64,PHN2ZyB3aWR0aD0iMSIgaGVpZ2h0PSIxIiB4bWxucz0iaHR0cDovL3d3dy53My5vcmcvMjAwMC9zdmciPjwvc3ZnPg==\" style=\"--smush-placeholder-width: 1024px; --smush-placeholder-aspect-ratio: 1024\/768;\" \/><\/figure><\/li><li class=\"blocks-gallery-item\"><figure><img decoding=\"async\" width=\"1024\" height=\"768\" data-src=\"https:\/\/gazetaregionalna.com\/wp-content\/uploads\/2021\/08\/42-669163-1024x768.jpg\" alt=\"\" data-id=\"52194\" data-full-url=\"https:\/\/gazetaregionalna.com\/wp-content\/uploads\/2021\/08\/42-669163.jpg\" data-link=\"https:\/\/gazetaregionalna.com\/?attachment_id=52194\" class=\"wp-image-52194 lazyload\" data-srcset=\"https:\/\/gazetaregionalna.com\/wp-content\/uploads\/2021\/08\/42-669163-1024x768.jpg 1024w, https:\/\/gazetaregionalna.com\/wp-content\/uploads\/2021\/08\/42-669163-300x225.jpg 300w, https:\/\/gazetaregionalna.com\/wp-content\/uploads\/2021\/08\/42-669163-768x576.jpg 768w, https:\/\/gazetaregionalna.com\/wp-content\/uploads\/2021\/08\/42-669163-696x522.jpg 696w, https:\/\/gazetaregionalna.com\/wp-content\/uploads\/2021\/08\/42-669163-1068x801.jpg 1068w, https:\/\/gazetaregionalna.com\/wp-content\/uploads\/2021\/08\/42-669163-560x420.jpg 560w, https:\/\/gazetaregionalna.com\/wp-content\/uploads\/2021\/08\/42-669163-80x60.jpg 80w, https:\/\/gazetaregionalna.com\/wp-content\/uploads\/2021\/08\/42-669163-265x198.jpg 265w, https:\/\/gazetaregionalna.com\/wp-content\/uploads\/2021\/08\/42-669163.jpg 1200w\" data-sizes=\"(max-width: 1024px) 100vw, 1024px\" src=\"data:image\/svg+xml;base64,PHN2ZyB3aWR0aD0iMSIgaGVpZ2h0PSIxIiB4bWxucz0iaHR0cDovL3d3dy53My5vcmcvMjAwMC9zdmciPjwvc3ZnPg==\" style=\"--smush-placeholder-width: 1024px; --smush-placeholder-aspect-ratio: 1024\/768;\" \/><\/figure><\/li><li class=\"blocks-gallery-item\"><figure><img decoding=\"async\" width=\"1024\" height=\"768\" data-src=\"https:\/\/gazetaregionalna.com\/wp-content\/uploads\/2021\/08\/42-669161-1-1024x768.jpg\" alt=\"\" data-id=\"52195\" data-full-url=\"https:\/\/gazetaregionalna.com\/wp-content\/uploads\/2021\/08\/42-669161-1.jpg\" data-link=\"https:\/\/gazetaregionalna.com\/?attachment_id=52195\" class=\"wp-image-52195 lazyload\" data-srcset=\"https:\/\/gazetaregionalna.com\/wp-content\/uploads\/2021\/08\/42-669161-1-1024x768.jpg 1024w, https:\/\/gazetaregionalna.com\/wp-content\/uploads\/2021\/08\/42-669161-1-300x225.jpg 300w, https:\/\/gazetaregionalna.com\/wp-content\/uploads\/2021\/08\/42-669161-1-768x576.jpg 768w, https:\/\/gazetaregionalna.com\/wp-content\/uploads\/2021\/08\/42-669161-1-696x522.jpg 696w, https:\/\/gazetaregionalna.com\/wp-content\/uploads\/2021\/08\/42-669161-1-1068x801.jpg 1068w, https:\/\/gazetaregionalna.com\/wp-content\/uploads\/2021\/08\/42-669161-1-560x420.jpg 560w, https:\/\/gazetaregionalna.com\/wp-content\/uploads\/2021\/08\/42-669161-1-80x60.jpg 80w, https:\/\/gazetaregionalna.com\/wp-content\/uploads\/2021\/08\/42-669161-1-265x198.jpg 265w, https:\/\/gazetaregionalna.com\/wp-content\/uploads\/2021\/08\/42-669161-1.jpg 1200w\" data-sizes=\"(max-width: 1024px) 100vw, 1024px\" src=\"data:image\/svg+xml;base64,PHN2ZyB3aWR0aD0iMSIgaGVpZ2h0PSIxIiB4bWxucz0iaHR0cDovL3d3dy53My5vcmcvMjAwMC9zdmciPjwvc3ZnPg==\" style=\"--smush-placeholder-width: 1024px; --smush-placeholder-aspect-ratio: 1024\/768;\" \/><\/figure><\/li><li class=\"blocks-gallery-item\"><figure><img decoding=\"async\" width=\"1024\" height=\"768\" data-src=\"https:\/\/gazetaregionalna.com\/wp-content\/uploads\/2021\/08\/42-669163-1-1024x768.jpg\" alt=\"\" data-id=\"52196\" data-full-url=\"https:\/\/gazetaregionalna.com\/wp-content\/uploads\/2021\/08\/42-669163-1.jpg\" data-link=\"https:\/\/gazetaregionalna.com\/?attachment_id=52196\" class=\"wp-image-52196 lazyload\" data-srcset=\"https:\/\/gazetaregionalna.com\/wp-content\/uploads\/2021\/08\/42-669163-1-1024x768.jpg 1024w, https:\/\/gazetaregionalna.com\/wp-content\/uploads\/2021\/08\/42-669163-1-300x225.jpg 300w, https:\/\/gazetaregionalna.com\/wp-content\/uploads\/2021\/08\/42-669163-1-768x576.jpg 768w, https:\/\/gazetaregionalna.com\/wp-content\/uploads\/2021\/08\/42-669163-1-696x522.jpg 696w, https:\/\/gazetaregionalna.com\/wp-content\/uploads\/2021\/08\/42-669163-1-1068x801.jpg 1068w, https:\/\/gazetaregionalna.com\/wp-content\/uploads\/2021\/08\/42-669163-1-560x420.jpg 560w, https:\/\/gazetaregionalna.com\/wp-content\/uploads\/2021\/08\/42-669163-1-80x60.jpg 80w, https:\/\/gazetaregionalna.com\/wp-content\/uploads\/2021\/08\/42-669163-1-265x198.jpg 265w, https:\/\/gazetaregionalna.com\/wp-content\/uploads\/2021\/08\/42-669163-1.jpg 1200w\" data-sizes=\"(max-width: 1024px) 100vw, 1024px\" src=\"data:image\/svg+xml;base64,PHN2ZyB3aWR0aD0iMSIgaGVpZ2h0PSIxIiB4bWxucz0iaHR0cDovL3d3dy53My5vcmcvMjAwMC9zdmciPjwvc3ZnPg==\" style=\"--smush-placeholder-width: 1024px; --smush-placeholder-aspect-ratio: 1024\/768;\" \/><\/figure><\/li><li class=\"blocks-gallery-item\"><figure><img decoding=\"async\" width=\"1024\" height=\"768\" data-src=\"https:\/\/gazetaregionalna.com\/wp-content\/uploads\/2021\/08\/42-669181-1024x768.jpg\" alt=\"\" data-id=\"52197\" data-full-url=\"https:\/\/gazetaregionalna.com\/wp-content\/uploads\/2021\/08\/42-669181.jpg\" data-link=\"https:\/\/gazetaregionalna.com\/?attachment_id=52197\" class=\"wp-image-52197 lazyload\" data-srcset=\"https:\/\/gazetaregionalna.com\/wp-content\/uploads\/2021\/08\/42-669181-1024x768.jpg 1024w, https:\/\/gazetaregionalna.com\/wp-content\/uploads\/2021\/08\/42-669181-300x225.jpg 300w, https:\/\/gazetaregionalna.com\/wp-content\/uploads\/2021\/08\/42-669181-768x576.jpg 768w, https:\/\/gazetaregionalna.com\/wp-content\/uploads\/2021\/08\/42-669181-696x522.jpg 696w, https:\/\/gazetaregionalna.com\/wp-content\/uploads\/2021\/08\/42-669181-1068x801.jpg 1068w, https:\/\/gazetaregionalna.com\/wp-content\/uploads\/2021\/08\/42-669181-560x420.jpg 560w, https:\/\/gazetaregionalna.com\/wp-content\/uploads\/2021\/08\/42-669181-80x60.jpg 80w, https:\/\/gazetaregionalna.com\/wp-content\/uploads\/2021\/08\/42-669181-265x198.jpg 265w, https:\/\/gazetaregionalna.com\/wp-content\/uploads\/2021\/08\/42-669181.jpg 1200w\" data-sizes=\"(max-width: 1024px) 100vw, 1024px\" src=\"data:image\/svg+xml;base64,PHN2ZyB3aWR0aD0iMSIgaGVpZ2h0PSIxIiB4bWxucz0iaHR0cDovL3d3dy53My5vcmcvMjAwMC9zdmciPjwvc3ZnPg==\" style=\"--smush-placeholder-width: 1024px; --smush-placeholder-aspect-ratio: 1024\/768;\" \/><\/figure><\/li><li class=\"blocks-gallery-item\"><figure><img decoding=\"async\" width=\"1024\" height=\"683\" data-src=\"https:\/\/gazetaregionalna.com\/wp-content\/uploads\/2021\/08\/42-669185-1024x683.jpg\" alt=\"\" data-id=\"52198\" data-full-url=\"https:\/\/gazetaregionalna.com\/wp-content\/uploads\/2021\/08\/42-669185.jpg\" data-link=\"https:\/\/gazetaregionalna.com\/?attachment_id=52198\" class=\"wp-image-52198 lazyload\" data-srcset=\"https:\/\/gazetaregionalna.com\/wp-content\/uploads\/2021\/08\/42-669185-1024x683.jpg 1024w, https:\/\/gazetaregionalna.com\/wp-content\/uploads\/2021\/08\/42-669185-300x200.jpg 300w, https:\/\/gazetaregionalna.com\/wp-content\/uploads\/2021\/08\/42-669185-768x512.jpg 768w, https:\/\/gazetaregionalna.com\/wp-content\/uploads\/2021\/08\/42-669185-696x464.jpg 696w, https:\/\/gazetaregionalna.com\/wp-content\/uploads\/2021\/08\/42-669185-1068x712.jpg 1068w, https:\/\/gazetaregionalna.com\/wp-content\/uploads\/2021\/08\/42-669185-630x420.jpg 630w, https:\/\/gazetaregionalna.com\/wp-content\/uploads\/2021\/08\/42-669185.jpg 1200w\" data-sizes=\"(max-width: 1024px) 100vw, 1024px\" src=\"data:image\/svg+xml;base64,PHN2ZyB3aWR0aD0iMSIgaGVpZ2h0PSIxIiB4bWxucz0iaHR0cDovL3d3dy53My5vcmcvMjAwMC9zdmciPjwvc3ZnPg==\" style=\"--smush-placeholder-width: 1024px; --smush-placeholder-aspect-ratio: 1024\/683;\" \/><\/figure><\/li><li class=\"blocks-gallery-item\"><figure><img decoding=\"async\" width=\"1024\" height=\"683\" data-src=\"https:\/\/gazetaregionalna.com\/wp-content\/uploads\/2021\/08\/42-669189-1024x683.jpg\" alt=\"\" data-id=\"52199\" data-full-url=\"https:\/\/gazetaregionalna.com\/wp-content\/uploads\/2021\/08\/42-669189.jpg\" data-link=\"https:\/\/gazetaregionalna.com\/?attachment_id=52199\" class=\"wp-image-52199 lazyload\" data-srcset=\"https:\/\/gazetaregionalna.com\/wp-content\/uploads\/2021\/08\/42-669189-1024x683.jpg 1024w, https:\/\/gazetaregionalna.com\/wp-content\/uploads\/2021\/08\/42-669189-300x200.jpg 300w, https:\/\/gazetaregionalna.com\/wp-content\/uploads\/2021\/08\/42-669189-768x512.jpg 768w, https:\/\/gazetaregionalna.com\/wp-content\/uploads\/2021\/08\/42-669189-696x464.jpg 696w, https:\/\/gazetaregionalna.com\/wp-content\/uploads\/2021\/08\/42-669189-1068x712.jpg 1068w, https:\/\/gazetaregionalna.com\/wp-content\/uploads\/2021\/08\/42-669189-630x420.jpg 630w, https:\/\/gazetaregionalna.com\/wp-content\/uploads\/2021\/08\/42-669189.jpg 1200w\" data-sizes=\"(max-width: 1024px) 100vw, 1024px\" src=\"data:image\/svg+xml;base64,PHN2ZyB3aWR0aD0iMSIgaGVpZ2h0PSIxIiB4bWxucz0iaHR0cDovL3d3dy53My5vcmcvMjAwMC9zdmciPjwvc3ZnPg==\" style=\"--smush-placeholder-width: 1024px; --smush-placeholder-aspect-ratio: 1024\/683;\" \/><\/figure><\/li><li class=\"blocks-gallery-item\"><figure><img decoding=\"async\" width=\"1024\" height=\"724\" data-src=\"https:\/\/gazetaregionalna.com\/wp-content\/uploads\/2021\/08\/42-669190-1024x724.jpg\" alt=\"\" data-id=\"52200\" data-full-url=\"https:\/\/gazetaregionalna.com\/wp-content\/uploads\/2021\/08\/42-669190.jpg\" data-link=\"https:\/\/gazetaregionalna.com\/?attachment_id=52200\" class=\"wp-image-52200 lazyload\" data-srcset=\"https:\/\/gazetaregionalna.com\/wp-content\/uploads\/2021\/08\/42-669190-1024x724.jpg 1024w, https:\/\/gazetaregionalna.com\/wp-content\/uploads\/2021\/08\/42-669190-300x212.jpg 300w, https:\/\/gazetaregionalna.com\/wp-content\/uploads\/2021\/08\/42-669190-768x543.jpg 768w, https:\/\/gazetaregionalna.com\/wp-content\/uploads\/2021\/08\/42-669190-696x492.jpg 696w, https:\/\/gazetaregionalna.com\/wp-content\/uploads\/2021\/08\/42-669190-1068x756.jpg 1068w, https:\/\/gazetaregionalna.com\/wp-content\/uploads\/2021\/08\/42-669190-594x420.jpg 594w, https:\/\/gazetaregionalna.com\/wp-content\/uploads\/2021\/08\/42-669190-100x70.jpg 100w, https:\/\/gazetaregionalna.com\/wp-content\/uploads\/2021\/08\/42-669190.jpg 1200w\" data-sizes=\"(max-width: 1024px) 100vw, 1024px\" src=\"data:image\/svg+xml;base64,PHN2ZyB3aWR0aD0iMSIgaGVpZ2h0PSIxIiB4bWxucz0iaHR0cDovL3d3dy53My5vcmcvMjAwMC9zdmciPjwvc3ZnPg==\" style=\"--smush-placeholder-width: 1024px; --smush-placeholder-aspect-ratio: 1024\/724;\" \/><\/figure><\/li><\/ul><figcaption class=\"blocks-gallery-caption\">fot. KMP w Cz\u0119stochowie<\/figcaption><\/figure>\n","protected":false},"excerpt":{"rendered":"<p>W sobotnie popo\u0142udnie policjanci z garnizonu \u015bl\u0105skiego wsparci mundurowymi z o\u015bciennych wojew\u00f3dztw dbali o bezpiecze\u0144stwo pielgrzym\u00f3w przybywaj\u0105cych na Jasn\u0105 G\u00f3r\u0119 oraz uczestnik\u00f3w organizowanego nieopodal<\/p>\n","protected":false},"author":18,"featured_media":52185,"comment_status":"open","ping_status":"open","sticky":false,"template":"","format":"standard","meta":{"_monsterinsights_skip_tracking":false,"_monsterinsights_sitenote_active":false,"_monsterinsights_sitenote_note":"","_monsterinsights_sitenote_category":0,"_uf_show_specific_survey":0,"_uf_disable_surveys":false,"footnotes":""},"categories":[44,3,94,2],"tags":[2672,103],"class_list":["post-52182","post","type-post","status-publish","format-standard","has-post-thumbnail","hentry","category-bezpieczenstwo","category-czestochowa-informacje","category-polecane","category-wiadomosci","tag-marsz-rownosci","tag-policja"],"_links":{"self":[{"href":"https:\/\/gazetaregionalna.com\/index.php?rest_route=\/wp\/v2\/posts\/52182","targetHints":{"allow":["GET"]}}],"collection":[{"href":"https:\/\/gazetaregionalna.com\/index.php?rest_route=\/wp\/v2\/posts"}],"about":[{"href":"https:\/\/gazetaregionalna.com\/index.php?rest_route=\/wp\/v2\/types\/post"}],"author":[{"embeddable":true,"href":"https:\/\/gazetaregionalna.com\/index.php?rest_route=\/wp\/v2\/users\/18"}],"replies":[{"embeddable":true,"href":"https:\/\/gazetaregionalna.com\/index.php?rest_route=%2Fwp%2Fv2%2Fcomments&post=52182"}],"version-history":[{"count":4,"href":"https:\/\/gazetaregionalna.com\/index.php?rest_route=\/wp\/v2\/posts\/52182\/revisions"}],"predecessor-version":[{"id":52201,"href":"https:\/\/gazetaregionalna.com\/index.php?rest_route=\/wp\/v2\/posts\/52182\/revisions\/52201"}],"wp:featuredmedia":[{"embeddable":true,"href":"https:\/\/gazetaregionalna.com\/index.php?rest_route=\/wp\/v2\/media\/52185"}],"wp:attachment":[{"href":"https:\/\/gazetaregionalna.com\/index.php?rest_route=%2Fwp%2Fv2%2Fmedia&parent=52182"}],"wp:term":[{"taxonomy":"category","embeddable":true,"href":"https:\/\/gazetaregionalna.com\/index.php?rest_route=%2Fwp%2Fv2%2Fcategories&post=52182"},{"taxonomy":"post_tag","embeddable":true,"href":"https:\/\/gazetaregionalna.com\/index.php?rest_route=%2Fwp%2Fv2%2Ftags&post=52182"}],"curies":[{"name":"wp","href":"https:\/\/api.w.org\/{rel}","templated":true}]}}