{"id":52168,"date":"2021-08-21T19:22:47","date_gmt":"2021-08-21T19:22:47","guid":{"rendered":"https:\/\/gazetaregionalna.com\/?p=52168"},"modified":"2021-08-22T07:16:04","modified_gmt":"2021-08-22T07:16:04","slug":"policyjna-mapa-wypadkow-drogowych","status":"publish","type":"post","link":"https:\/\/gazetaregionalna.com\/?p=52168","title":{"rendered":"Wakacje 2021. Policyjna mapa wypadk\u00f3w drogowych ze skutkiem \u015bmiertelnym"},"content":{"rendered":"\n<h2 class=\"wp-block-heading\"><strong>Projekt na rzecz bezpiecze\u0144stwa ruchu drogowego &#8222;Wypadki drogowe ze skutkiem \u015bmiertelnym \u2013 Wakacje 2021&#8221; doczeka\u0142 si\u0119 trzeciej edycji.<\/strong> Efektem jest policyjna mapa wypadk\u00f3w.<\/h2>\n\n\n\n<p>Podobnie jak w latach ubieg\u0142ych, ka\u017cdego dnia, przez okres wakacji, na stronie policja.pl, w mediach spo\u0142eczno\u015bciowych, a tak\u017ce na stronach administrowanych przez jednostki policji, prezentowana jest mapa Polski z liczb\u0105 wypadk\u00f3w drogowych ze skutkiem \u015bmiertelnym. Aktualizowana jest ona wraz z informacj\u0105 o zdarzeniu (tj. lokalizacj\u0105 zdarzenia, danymi dotycz\u0105cymi liczby ofiar, rodzaju uczestnika ruchu drogowego oraz rodzaju zdarzenia) z ostatniej doby oraz od pocz\u0105tku wakacji.<\/p>\n\n\n\n<p>Bie\u017c\u0105ca aktualizacja mapy, w tym wizualizacja, ma na celu zwr\u00f3cenie uwagi na skal\u0119 tragedii do jakich dochodzi na polskich drogach, sk\u0142oni\u0107 do refleksji u\u017cytkownik\u00f3w dr\u00f3g, jak r\u00f3wnie\u017c zach\u0119ci\u0107 media do dyskusji na temat bezpiecze\u0144stwa ruchu drogowego.<\/p>\n\n\n\n<figure class=\"wp-block-image size-large\"><img decoding=\"async\" width=\"900\" height=\"900\" data-src=\"https:\/\/gazetaregionalna.com\/wp-content\/uploads\/2021\/08\/35-669150_g.gif\" alt=\"\" class=\"wp-image-52169 lazyload\" src=\"data:image\/svg+xml;base64,PHN2ZyB3aWR0aD0iMSIgaGVpZ2h0PSIxIiB4bWxucz0iaHR0cDovL3d3dy53My5vcmcvMjAwMC9zdmciPjwvc3ZnPg==\" style=\"--smush-placeholder-width: 900px; --smush-placeholder-aspect-ratio: 900\/900;\"><figcaption>Policyjna mapa wypadk\u00f3w drogowych ze skutkiem \u015bmiertelnym<\/figcaption><\/figure>\n\n\n\n<p>Policjanci zaznaczaj\u0105, \u017ce za ka\u017cdym punktem zaznaczonym na tej mapie, kryje si\u0119 ludzka tragedia. Ka\u017cde, nawet z pozoru b\u0142ahe zignorowanie przepis\u00f3w, brawura, zlekcewa\u017cenie senno\u015bci czy zm\u0119czenia mog\u0105 by\u0107 przyczyn\u0105 tragedii na drodze.<\/p>\n\n\n\n<p>Kolejny raz, w promowanie dzia\u0142a\u0144 na rzecz bezpiecze\u0144stwa ruchu drogowego, w\u0142\u0105czy\u0142a si\u0119 &nbsp;firma Screen Network S.A., kt\u00f3ra na ponad 20 tys. ekranach rozmieszczonych w 553 miastach, m.in.: przy g\u0142\u00f3wnych ci\u0105gach komunikacyjnych, dworcach, stacjach paliw i&nbsp; centrach handlowych, wy\u015bwietla map\u0119 z aktualnymi danymi.<\/p>\n","protected":false},"excerpt":{"rendered":"<p>Projekt na rzecz bezpiecze\u0144stwa ruchu drogowego &#8222;Wypadki drogowe ze skutkiem \u015bmiertelnym \u2013 Wakacje 2021&#8221; doczeka\u0142 si\u0119 trzeciej edycji. Efektem jest policyjna mapa wypadk\u00f3w. Podobnie<\/p>\n","protected":false},"author":18,"featured_media":52170,"comment_status":"open","ping_status":"open","sticky":false,"template":"","format":"standard","meta":{"_monsterinsights_skip_tracking":false,"_monsterinsights_sitenote_active":false,"_monsterinsights_sitenote_note":"","_monsterinsights_sitenote_category":0,"_uf_show_specific_survey":0,"_uf_disable_surveys":false,"footnotes":""},"categories":[44,3,2],"tags":[103,2673],"class_list":["post-52168","post","type-post","status-publish","format-standard","has-post-thumbnail","hentry","category-bezpieczenstwo","category-czestochowa-informacje","category-wiadomosci","tag-policja","tag-wypadki-drogowe"],"_links":{"self":[{"href":"https:\/\/gazetaregionalna.com\/index.php?rest_route=\/wp\/v2\/posts\/52168","targetHints":{"allow":["GET"]}}],"collection":[{"href":"https:\/\/gazetaregionalna.com\/index.php?rest_route=\/wp\/v2\/posts"}],"about":[{"href":"https:\/\/gazetaregionalna.com\/index.php?rest_route=\/wp\/v2\/types\/post"}],"author":[{"embeddable":true,"href":"https:\/\/gazetaregionalna.com\/index.php?rest_route=\/wp\/v2\/users\/18"}],"replies":[{"embeddable":true,"href":"https:\/\/gazetaregionalna.com\/index.php?rest_route=%2Fwp%2Fv2%2Fcomments&post=52168"}],"version-history":[{"count":2,"href":"https:\/\/gazetaregionalna.com\/index.php?rest_route=\/wp\/v2\/posts\/52168\/revisions"}],"predecessor-version":[{"id":52224,"href":"https:\/\/gazetaregionalna.com\/index.php?rest_route=\/wp\/v2\/posts\/52168\/revisions\/52224"}],"wp:featuredmedia":[{"embeddable":true,"href":"https:\/\/gazetaregionalna.com\/index.php?rest_route=\/wp\/v2\/media\/52170"}],"wp:attachment":[{"href":"https:\/\/gazetaregionalna.com\/index.php?rest_route=%2Fwp%2Fv2%2Fmedia&parent=52168"}],"wp:term":[{"taxonomy":"category","embeddable":true,"href":"https:\/\/gazetaregionalna.com\/index.php?rest_route=%2Fwp%2Fv2%2Fcategories&post=52168"},{"taxonomy":"post_tag","embeddable":true,"href":"https:\/\/gazetaregionalna.com\/index.php?rest_route=%2Fwp%2Fv2%2Ftags&post=52168"}],"curies":[{"name":"wp","href":"https:\/\/api.w.org\/{rel}","templated":true}]}}