{"id":52163,"date":"2021-08-21T19:10:43","date_gmt":"2021-08-21T19:10:43","guid":{"rendered":"https:\/\/gazetaregionalna.com\/?p=52163"},"modified":"2021-08-21T19:10:44","modified_gmt":"2021-08-21T19:10:44","slug":"marsz-rownosci-w-czestochowie","status":"publish","type":"post","link":"https:\/\/gazetaregionalna.com\/?p=52163","title":{"rendered":"Marsz R\u00f3wno\u015bci w Cz\u0119stochowie. Uczestnicy wyruszyli spod Jasnej G\u00f3ry"},"content":{"rendered":"\n<h2 class=\"wp-block-heading\">21 sierpnia ulicami Cz\u0119stochowy kroczy\u0142 Marsz R\u00f3wno\u015bci. W kontrmanifestacji stawili si\u0119 cz\u0142onkowie Akcji Katolickiej Archidiecezji Cz\u0119stochowskiej.<\/h2>\n\n\n\n<p>W sobot\u0119, 21 sierpnia w Cz\u0119stochowie odby\u0142 si\u0119 III Marsz R\u00f3wno\u015bci (wydarzenie r\u00f3wnolegle odbywa\u0142o si\u0119 r\u00f3wnie\u017c w Gda\u0144sku). Wydarzenie organizowa\u0142a T\u0119czowa Cz\u0119stochowa.<\/p>\n\n\n\n<p>Uczestnicy manifestacji przed godz. 14 zebrali si\u0119 na pocz\u0105tku al. Sienkiewicza (podobnie jak w poprzednich latach zbi\u00f3rk\u0119 wyznaczono nieopodal Jasnej G\u00f3ry). W marszu uczestniczy\u0142a ok. setka os\u00f3b. Porz\u0105dku pilnowa\u0142y kordony policji. <\/p>\n\n\n\n<p>Zanim barwny korow\u00f3d wyruszy\u0142 cz\u0142onkowie Akcji Katolickiej Archidiecezji Cz\u0119stochowskie rozpocz\u0119li modlitw\u0119 pod Jasn\u0105 G\u00f3r\u0105. Okre\u015blano to spotkaniem modlitewnym.<\/p>\n\n\n\n<figure class=\"wp-block-image size-large\"><img decoding=\"async\" width=\"852\" height=\"639\" data-src=\"https:\/\/gazetaregionalna.com\/wp-content\/uploads\/2021\/08\/marsz2.jpg\" alt=\"\" class=\"wp-image-52166 lazyload\" data-srcset=\"https:\/\/gazetaregionalna.com\/wp-content\/uploads\/2021\/08\/marsz2.jpg 852w, https:\/\/gazetaregionalna.com\/wp-content\/uploads\/2021\/08\/marsz2-300x225.jpg 300w, https:\/\/gazetaregionalna.com\/wp-content\/uploads\/2021\/08\/marsz2-768x576.jpg 768w, https:\/\/gazetaregionalna.com\/wp-content\/uploads\/2021\/08\/marsz2-696x522.jpg 696w, https:\/\/gazetaregionalna.com\/wp-content\/uploads\/2021\/08\/marsz2-560x420.jpg 560w, https:\/\/gazetaregionalna.com\/wp-content\/uploads\/2021\/08\/marsz2-80x60.jpg 80w, https:\/\/gazetaregionalna.com\/wp-content\/uploads\/2021\/08\/marsz2-265x198.jpg 265w\" data-sizes=\"(max-width: 852px) 100vw, 852px\" src=\"data:image\/svg+xml;base64,PHN2ZyB3aWR0aD0iMSIgaGVpZ2h0PSIxIiB4bWxucz0iaHR0cDovL3d3dy53My5vcmcvMjAwMC9zdmciPjwvc3ZnPg==\" style=\"--smush-placeholder-width: 852px; --smush-placeholder-aspect-ratio: 852\/639;\" \/><figcaption>Marsz R\u00f3wno\u015bci w Cz\u0119stochowie (archiwum)<\/figcaption><\/figure>\n\n\n\n<p>Marsz R\u00f3wno\u015bci przeszed\u0142 ulic\u0105 Popie\u0142uszki, alejami Jana Paw\u0142a II i NMP i zako\u0144czy\u0142 si\u0119 na pl. Biega\u0144skiego. Uczestnicy nie\u015bli wielk\u0105 t\u0119czow\u0105 flag\u0119, na tablicach i transparentach mo\u017cna by\u0142o wyczyta\u0107 takie has\u0142a jak &#8222;Mi\u0142o\u015b\u0107, r\u00f3wno\u015b\u0107, tolerancja&#8221; czy &#8222;Homofobia \u2013 to si\u0119 leczy&#8221;.<\/p>\n\n\n\n<p>Podczas sobotniego marszu nie odnotowano powa\u017cniejszych incydent\u00f3w. <\/p>\n\n\n\n<p><strong>ZS<\/strong><\/p>\n","protected":false},"excerpt":{"rendered":"<p>21 sierpnia ulicami Cz\u0119stochowy kroczy\u0142 Marsz R\u00f3wno\u015bci. W kontrmanifestacji stawili si\u0119 cz\u0142onkowie Akcji Katolickiej Archidiecezji Cz\u0119stochowskiej. W sobot\u0119, 21 sierpnia w Cz\u0119stochowie odby\u0142 si\u0119<\/p>\n","protected":false},"author":18,"featured_media":52165,"comment_status":"open","ping_status":"open","sticky":false,"template":"","format":"standard","meta":{"_monsterinsights_skip_tracking":false,"_monsterinsights_sitenote_active":false,"_monsterinsights_sitenote_note":"","_monsterinsights_sitenote_category":0,"_uf_show_specific_survey":0,"_uf_disable_surveys":false,"footnotes":""},"categories":[94,44,3,2],"tags":[200,2672],"class_list":["post-52163","post","type-post","status-publish","format-standard","has-post-thumbnail","hentry","category-polecane","category-bezpieczenstwo","category-czestochowa-informacje","category-wiadomosci","tag-jasna-gora","tag-marsz-rownosci"],"_links":{"self":[{"href":"https:\/\/gazetaregionalna.com\/index.php?rest_route=\/wp\/v2\/posts\/52163","targetHints":{"allow":["GET"]}}],"collection":[{"href":"https:\/\/gazetaregionalna.com\/index.php?rest_route=\/wp\/v2\/posts"}],"about":[{"href":"https:\/\/gazetaregionalna.com\/index.php?rest_route=\/wp\/v2\/types\/post"}],"author":[{"embeddable":true,"href":"https:\/\/gazetaregionalna.com\/index.php?rest_route=\/wp\/v2\/users\/18"}],"replies":[{"embeddable":true,"href":"https:\/\/gazetaregionalna.com\/index.php?rest_route=%2Fwp%2Fv2%2Fcomments&post=52163"}],"version-history":[{"count":2,"href":"https:\/\/gazetaregionalna.com\/index.php?rest_route=\/wp\/v2\/posts\/52163\/revisions"}],"predecessor-version":[{"id":52167,"href":"https:\/\/gazetaregionalna.com\/index.php?rest_route=\/wp\/v2\/posts\/52163\/revisions\/52167"}],"wp:featuredmedia":[{"embeddable":true,"href":"https:\/\/gazetaregionalna.com\/index.php?rest_route=\/wp\/v2\/media\/52165"}],"wp:attachment":[{"href":"https:\/\/gazetaregionalna.com\/index.php?rest_route=%2Fwp%2Fv2%2Fmedia&parent=52163"}],"wp:term":[{"taxonomy":"category","embeddable":true,"href":"https:\/\/gazetaregionalna.com\/index.php?rest_route=%2Fwp%2Fv2%2Fcategories&post=52163"},{"taxonomy":"post_tag","embeddable":true,"href":"https:\/\/gazetaregionalna.com\/index.php?rest_route=%2Fwp%2Fv2%2Ftags&post=52163"}],"curies":[{"name":"wp","href":"https:\/\/api.w.org\/{rel}","templated":true}]}}