{"id":51822,"date":"2021-08-18T10:40:23","date_gmt":"2021-08-18T10:40:23","guid":{"rendered":"https:\/\/gazetaregionalna.com\/?p=51822"},"modified":"2021-08-19T06:03:33","modified_gmt":"2021-08-19T06:03:33","slug":"droga","status":"publish","type":"post","link":"https:\/\/gazetaregionalna.com\/?p=51822","title":{"rendered":"Droga mi\u0119dzy Biskupicami a Zaborzem b\u0119dzie przebudowana"},"content":{"rendered":"\n<h2 class=\"wp-block-heading\">Droga numer 1013 S na odcinku Biskupice \u2013 Zaborze zostanie przebudowana.<\/h2>\n\n\n\n<figure class=\"wp-block-image size-large\"><img decoding=\"async\" width=\"700\" height=\"496\" data-src=\"https:\/\/gazetaregionalna.com\/wp-content\/uploads\/2021\/08\/droga-nr-1013-S.png\" alt=\"droga nr 1013 S\" class=\"wp-image-51824 lazyload\" data-srcset=\"https:\/\/gazetaregionalna.com\/wp-content\/uploads\/2021\/08\/droga-nr-1013-S.png 700w, https:\/\/gazetaregionalna.com\/wp-content\/uploads\/2021\/08\/droga-nr-1013-S-300x213.png 300w, https:\/\/gazetaregionalna.com\/wp-content\/uploads\/2021\/08\/droga-nr-1013-S-696x493.png 696w, https:\/\/gazetaregionalna.com\/wp-content\/uploads\/2021\/08\/droga-nr-1013-S-593x420.png 593w, https:\/\/gazetaregionalna.com\/wp-content\/uploads\/2021\/08\/droga-nr-1013-S-100x70.png 100w\" data-sizes=\"(max-width: 700px) 100vw, 700px\" src=\"data:image\/svg+xml;base64,PHN2ZyB3aWR0aD0iMSIgaGVpZ2h0PSIxIiB4bWxucz0iaHR0cDovL3d3dy53My5vcmcvMjAwMC9zdmciPjwvc3ZnPg==\" style=\"--smush-placeholder-width: 700px; --smush-placeholder-aspect-ratio: 700\/496;\" \/><figcaption>fot. PZD w Cz\u0119stochowie<\/figcaption><\/figure>\n\n\n\n<p>Do porozumienia, a w konsekwencji podpisania umowy dosz\u0142o 17 sierpnia mi\u0119dzy Powiatem Cz\u0119stochowskim, Myszkowskim oraz Gmin\u0105 Olsztyn.<\/p>\n\n\n\n<p>Stosowne porozumienie na przebudow\u0119 drogi numer 1013 S na odcinku Biskupice \u2013 Zaborze podpisali: Starosta Cz\u0119stochowski Krzysztof Smela, Wicestarosta Cz\u0119stochowski Jan Miarzy\u0144ski, Starosta Myszkowski Piotr Ko\u0142odziejczyk i Zast\u0119pca W\u00f3jta Gminy Olsztyn Ma\u0142gorzata Ha\u0142adyj.<\/p>\n\n\n\n<p>&#8211; <em>\u201eOdcinek mi\u0119dzy Zaborzem a Biskupicami jest cz\u0119\u015bciowo w z\u0142ym stanie. Droga ta jest natomiast cz\u0119sto u\u017cytkowana przez mieszka\u0144c\u00f3w Powiatu Myszkowskiego, kt\u00f3rzy podr\u00f3\u017cuj\u0105 do Cz\u0119stochowy, do Olsztyna\u201d <\/em>&#8211; podkre\u015bla Starosta Myszkowski Piotr Ko\u0142odziejczyk.<\/p>\n\n\n\n<p>Oko\u0142o 900 metrowy, bardzo zniszczony odcinek drogi powiatowej nr 1013 S b\u0119dzie wsp\u00f3\u0142finansowany przez tr\u00f3jstronne porozumienie, a jego koszt wyniesie 450 000 z\u0142.<\/p>\n\n\n\n<p>Przewidywany termin zako\u0144czenia prac to 30 listopada 2021 roku.<\/p>\n\n\n\n<figure class=\"wp-block-gallery columns-2 is-cropped wp-block-gallery-1 is-layout-flex wp-block-gallery-is-layout-flex\"><ul class=\"blocks-gallery-grid\"><li class=\"blocks-gallery-item\"><figure><a href=\"https:\/\/gazetaregionalna.com\/wp-content\/uploads\/2021\/08\/przebudowa-drogi-2.png\"><img decoding=\"async\" width=\"1024\" height=\"621\" data-src=\"https:\/\/gazetaregionalna.com\/wp-content\/uploads\/2021\/08\/przebudowa-drogi-2-1024x621.png\" alt=\"przebudowa drogi 2\" data-id=\"51826\" data-full-url=\"https:\/\/gazetaregionalna.com\/wp-content\/uploads\/2021\/08\/przebudowa-drogi-2.png\" data-link=\"https:\/\/gazetaregionalna.com\/?attachment_id=51826\" class=\"wp-image-51826 lazyload\" data-srcset=\"https:\/\/gazetaregionalna.com\/wp-content\/uploads\/2021\/08\/przebudowa-drogi-2-1024x621.png 1024w, https:\/\/gazetaregionalna.com\/wp-content\/uploads\/2021\/08\/przebudowa-drogi-2-300x182.png 300w, https:\/\/gazetaregionalna.com\/wp-content\/uploads\/2021\/08\/przebudowa-drogi-2-768x466.png 768w, https:\/\/gazetaregionalna.com\/wp-content\/uploads\/2021\/08\/przebudowa-drogi-2-696x422.png 696w, https:\/\/gazetaregionalna.com\/wp-content\/uploads\/2021\/08\/przebudowa-drogi-2-1068x648.png 1068w, https:\/\/gazetaregionalna.com\/wp-content\/uploads\/2021\/08\/przebudowa-drogi-2-692x420.png 692w, https:\/\/gazetaregionalna.com\/wp-content\/uploads\/2021\/08\/przebudowa-drogi-2.png 1144w\" data-sizes=\"(max-width: 1024px) 100vw, 1024px\" src=\"data:image\/svg+xml;base64,PHN2ZyB3aWR0aD0iMSIgaGVpZ2h0PSIxIiB4bWxucz0iaHR0cDovL3d3dy53My5vcmcvMjAwMC9zdmciPjwvc3ZnPg==\" style=\"--smush-placeholder-width: 1024px; --smush-placeholder-aspect-ratio: 1024\/621;\" \/><\/a><\/figure><\/li><li class=\"blocks-gallery-item\"><figure><a href=\"https:\/\/gazetaregionalna.com\/wp-content\/uploads\/2021\/08\/przebudowa-drogi-3.png\"><img decoding=\"async\" width=\"1024\" height=\"488\" data-src=\"https:\/\/gazetaregionalna.com\/wp-content\/uploads\/2021\/08\/przebudowa-drogi-3-1024x488.png\" alt=\"przebudowa drogi 3\" data-id=\"51823\" data-full-url=\"https:\/\/gazetaregionalna.com\/wp-content\/uploads\/2021\/08\/przebudowa-drogi-3.png\" data-link=\"https:\/\/gazetaregionalna.com\/?attachment_id=51823\" class=\"wp-image-51823 lazyload\" data-srcset=\"https:\/\/gazetaregionalna.com\/wp-content\/uploads\/2021\/08\/przebudowa-drogi-3-1024x488.png 1024w, https:\/\/gazetaregionalna.com\/wp-content\/uploads\/2021\/08\/przebudowa-drogi-3-300x143.png 300w, https:\/\/gazetaregionalna.com\/wp-content\/uploads\/2021\/08\/przebudowa-drogi-3-768x366.png 768w, https:\/\/gazetaregionalna.com\/wp-content\/uploads\/2021\/08\/przebudowa-drogi-3-696x332.png 696w, https:\/\/gazetaregionalna.com\/wp-content\/uploads\/2021\/08\/przebudowa-drogi-3-1068x509.png 1068w, https:\/\/gazetaregionalna.com\/wp-content\/uploads\/2021\/08\/przebudowa-drogi-3-881x420.png 881w, https:\/\/gazetaregionalna.com\/wp-content\/uploads\/2021\/08\/przebudowa-drogi-3.png 1200w\" data-sizes=\"(max-width: 1024px) 100vw, 1024px\" src=\"data:image\/svg+xml;base64,PHN2ZyB3aWR0aD0iMSIgaGVpZ2h0PSIxIiB4bWxucz0iaHR0cDovL3d3dy53My5vcmcvMjAwMC9zdmciPjwvc3ZnPg==\" style=\"--smush-placeholder-width: 1024px; --smush-placeholder-aspect-ratio: 1024\/488;\" \/><\/a><\/figure><\/li><\/ul><figcaption class=\"blocks-gallery-caption\">fot. Starostwo Powiatowe w Cz\u0119stochowie<\/figcaption><\/figure>\n","protected":false},"excerpt":{"rendered":"<p>Droga numer 1013 S na odcinku Biskupice \u2013 Zaborze zostanie przebudowana. Do porozumienia, a w konsekwencji podpisania umowy dosz\u0142o 17 sierpnia mi\u0119dzy Powiatem Cz\u0119stochowskim,<\/p>\n","protected":false},"author":12,"featured_media":51825,"comment_status":"open","ping_status":"open","sticky":false,"template":"","format":"standard","meta":{"_monsterinsights_skip_tracking":false,"_monsterinsights_sitenote_active":false,"_monsterinsights_sitenote_note":"","_monsterinsights_sitenote_category":0,"_uf_show_specific_survey":0,"_uf_disable_surveys":false,"footnotes":""},"categories":[20,33,94,4,2],"tags":[2636,2635],"class_list":["post-51822","post","type-post","status-publish","format-standard","has-post-thumbnail","hentry","category-budownictwo","category-inwestycje","category-polecane","category-region","category-wiadomosci","tag-biskupice-i-zaborze","tag-droga-numer-1013-s"],"_links":{"self":[{"href":"https:\/\/gazetaregionalna.com\/index.php?rest_route=\/wp\/v2\/posts\/51822","targetHints":{"allow":["GET"]}}],"collection":[{"href":"https:\/\/gazetaregionalna.com\/index.php?rest_route=\/wp\/v2\/posts"}],"about":[{"href":"https:\/\/gazetaregionalna.com\/index.php?rest_route=\/wp\/v2\/types\/post"}],"author":[{"embeddable":true,"href":"https:\/\/gazetaregionalna.com\/index.php?rest_route=\/wp\/v2\/users\/12"}],"replies":[{"embeddable":true,"href":"https:\/\/gazetaregionalna.com\/index.php?rest_route=%2Fwp%2Fv2%2Fcomments&post=51822"}],"version-history":[{"count":2,"href":"https:\/\/gazetaregionalna.com\/index.php?rest_route=\/wp\/v2\/posts\/51822\/revisions"}],"predecessor-version":[{"id":51845,"href":"https:\/\/gazetaregionalna.com\/index.php?rest_route=\/wp\/v2\/posts\/51822\/revisions\/51845"}],"wp:featuredmedia":[{"embeddable":true,"href":"https:\/\/gazetaregionalna.com\/index.php?rest_route=\/wp\/v2\/media\/51825"}],"wp:attachment":[{"href":"https:\/\/gazetaregionalna.com\/index.php?rest_route=%2Fwp%2Fv2%2Fmedia&parent=51822"}],"wp:term":[{"taxonomy":"category","embeddable":true,"href":"https:\/\/gazetaregionalna.com\/index.php?rest_route=%2Fwp%2Fv2%2Fcategories&post=51822"},{"taxonomy":"post_tag","embeddable":true,"href":"https:\/\/gazetaregionalna.com\/index.php?rest_route=%2Fwp%2Fv2%2Ftags&post=51822"}],"curies":[{"name":"wp","href":"https:\/\/api.w.org\/{rel}","templated":true}]}}