{"id":5170,"date":"2019-08-11T10:28:01","date_gmt":"2019-08-11T10:28:01","guid":{"rendered":"https:\/\/gazetaregionalna.com\/?p=5170"},"modified":"2019-08-11T10:29:30","modified_gmt":"2019-08-11T10:29:30","slug":"konkurs-na-najsmaczniejsza-kluche","status":"publish","type":"post","link":"https:\/\/gazetaregionalna.com\/?p=5170","title":{"rendered":"Konkurs na najsmaczniejsz\u0105 kluch\u0119"},"content":{"rendered":"\n<p>W ramach V Festiwalu Mi\u0142o\u015bnik\u00f3w Koni i Muzyki &#8221; Z Kopyta&#8221;, kt\u00f3ry odbywa\u0107 si\u0119 b\u0119dzie w Gniazdowie ko\u0142o Kozieg\u0142\u00f3w od 17 do 18 sierpnia przygotowano interesuj\u0105cy konkurs kulinarny. Oczywi\u015bcie konkurs ten musi nawi\u0105zywa\u0107 do g\u0142\u00f3wnego motywu festiwalu, dlatego te\u017c jego uczestnicy zaprezentuj\u0105 jury kluski nazywane kopytkami.<br> Konkurs jest organizowany przez Miejsko- Gminny O\u015brodek Promocji Kultury w Kozieg\u0142owach. Mog\u0105 w nim wzi\u0105\u0107 udzia\u0142 doro\u015bli mieszka\u0144cy Miasta i Gminy Kozieg\u0142owy &#8211; Ko\u0142a Gospody\u0144 Wiejskich.<\/p>\n\n\n\n<figure class=\"wp-block-image\"><img decoding=\"async\" width=\"672\" height=\"960\" data-src=\"https:\/\/gazetaregionalna.com\/wp-content\/uploads\/2019\/08\/kopytka-plakat.jpg\" alt=\"\" class=\"wp-image-5171 lazyload\" data-srcset=\"https:\/\/gazetaregionalna.com\/wp-content\/uploads\/2019\/08\/kopytka-plakat.jpg 672w, https:\/\/gazetaregionalna.com\/wp-content\/uploads\/2019\/08\/kopytka-plakat-210x300.jpg 210w, https:\/\/gazetaregionalna.com\/wp-content\/uploads\/2019\/08\/kopytka-plakat-294x420.jpg 294w\" data-sizes=\"(max-width: 672px) 100vw, 672px\" src=\"data:image\/svg+xml;base64,PHN2ZyB3aWR0aD0iMSIgaGVpZ2h0PSIxIiB4bWxucz0iaHR0cDovL3d3dy53My5vcmcvMjAwMC9zdmciPjwvc3ZnPg==\" style=\"--smush-placeholder-width: 672px; --smush-placeholder-aspect-ratio: 672\/960;\" \/><\/figure>\n\n\n\n<p><br> Kopytka wystawiana w konkursie mo\u017cna zg\u0142asza\u0107 do godziny 17 w niedziel\u0119, 18 sierpnia.<br> Ka\u017cdy z uczestnik\u00f3w musi przygotowa\u0107 20 sztuk klusek. Cz\u0142onkowie Komisji Konkursowej nie b\u0119d\u0105 zna\u0107 autor\u00f3w produkt\u00f3w. Przy ocenie kopytek b\u0119d\u0105 brane pod uwag\u0119 cztery rzeczy: smak, jako\u015b\u0107, aran\u017cacja potrway oraz innowacyjno\u015b\u0107, czyli kreatywne podej\u015bcie do tematu.<\/p>\n","protected":false},"excerpt":{"rendered":"<p>W ramach V Festiwalu Mi\u0142o\u015bnik\u00f3w Koni i Muzyki &#8221; Z Kopyta&#8221;, kt\u00f3ry odbywa\u0107 si\u0119 b\u0119dzie w Gniazdowie ko\u0142o Kozieg\u0142\u00f3w od 17 do 18 sierpnia<\/p>\n","protected":false},"author":3,"featured_media":5172,"comment_status":"open","ping_status":"open","sticky":false,"template":"","format":"standard","meta":{"_monsterinsights_skip_tracking":false,"_monsterinsights_sitenote_active":false,"_monsterinsights_sitenote_note":"","_monsterinsights_sitenote_category":0,"_uf_show_specific_survey":0,"_uf_disable_surveys":false,"footnotes":""},"categories":[12,26,40,2,13],"tags":[],"class_list":["post-5170","post","type-post","status-publish","format-standard","has-post-thumbnail","hentry","category-kultura-i-rozrywka","category-myszkow","category-pod-naszym-patronatem","category-wiadomosci","category-wydarzenia"],"_links":{"self":[{"href":"https:\/\/gazetaregionalna.com\/index.php?rest_route=\/wp\/v2\/posts\/5170","targetHints":{"allow":["GET"]}}],"collection":[{"href":"https:\/\/gazetaregionalna.com\/index.php?rest_route=\/wp\/v2\/posts"}],"about":[{"href":"https:\/\/gazetaregionalna.com\/index.php?rest_route=\/wp\/v2\/types\/post"}],"author":[{"embeddable":true,"href":"https:\/\/gazetaregionalna.com\/index.php?rest_route=\/wp\/v2\/users\/3"}],"replies":[{"embeddable":true,"href":"https:\/\/gazetaregionalna.com\/index.php?rest_route=%2Fwp%2Fv2%2Fcomments&post=5170"}],"version-history":[{"count":1,"href":"https:\/\/gazetaregionalna.com\/index.php?rest_route=\/wp\/v2\/posts\/5170\/revisions"}],"predecessor-version":[{"id":5173,"href":"https:\/\/gazetaregionalna.com\/index.php?rest_route=\/wp\/v2\/posts\/5170\/revisions\/5173"}],"wp:featuredmedia":[{"embeddable":true,"href":"https:\/\/gazetaregionalna.com\/index.php?rest_route=\/wp\/v2\/media\/5172"}],"wp:attachment":[{"href":"https:\/\/gazetaregionalna.com\/index.php?rest_route=%2Fwp%2Fv2%2Fmedia&parent=5170"}],"wp:term":[{"taxonomy":"category","embeddable":true,"href":"https:\/\/gazetaregionalna.com\/index.php?rest_route=%2Fwp%2Fv2%2Fcategories&post=5170"},{"taxonomy":"post_tag","embeddable":true,"href":"https:\/\/gazetaregionalna.com\/index.php?rest_route=%2Fwp%2Fv2%2Ftags&post=5170"}],"curies":[{"name":"wp","href":"https:\/\/api.w.org\/{rel}","templated":true}]}}