{"id":51584,"date":"2021-08-16T19:20:36","date_gmt":"2021-08-16T19:20:36","guid":{"rendered":"https:\/\/gazetaregionalna.com\/?p=51584"},"modified":"2021-08-16T19:20:37","modified_gmt":"2021-08-16T19:20:37","slug":"dzialacze-wlokniarz-buduja-sklad-na-sezon-2022-po-worynie-kontrakt-podpisal-smektala","status":"publish","type":"post","link":"https:\/\/gazetaregionalna.com\/?p=51584","title":{"rendered":"Dzia\u0142acze W\u0142\u00f3kniarz buduj\u0105 sk\u0142ad na sezon 2022. Po Worynie kontrakt podpisa\u0142 Smekta\u0142a"},"content":{"rendered":"\n<p>Drugim \u017cu\u017clowcem, kt\u00f3ry przed\u0142u\u017cy\u0142 kontrakt z Eltrox W\u0142\u00f3kniarz na nast\u0119pny sezon jest Bartosz Smekta\u0142a.<\/p>\n\n\n\n<p>Pierwszym \u017cu\u017clowcem, kt\u00f3ry podpisa\u0142 now\u0105 umow\u0119 z cz\u0119stochowskim klubem jest Kacper Woryna. Woryna trafi\u0142 do W\u0142\u00f3kniarza przed sezonem 2021 z ROWu-Rybnik. Teraz postanowi\u0142 kontynuowa\u0107 swoj\u0105 przygod\u0119 w PGE Ekstralidze w barwach Eltrox W\u0142\u00f3kniarz Cz\u0119stochowa.<\/p>\n\n\n\n<p>Kolejnym zawodnikiem, kt\u00f3ry parafowa\u0142 now\u0105 umow\u0119 jest Bartosz Smekta\u0142a. Smekta\u0142a tak jak Woryna trafi\u0142 do W\u0142\u00f3kniarza przed sezonem 2021. To rozwojowi zawodnicy, kt\u00f3rym warto zaufa\u0107.<\/p>\n\n\n\n<p>Wszystko wskazuje na to, \u017ce we W\u0142\u00f3kniarzy pozostan\u0105 Leon Madsen, Jakub Mi\u015bkowiak i Mateusz \u015awidnicki. Dzia\u0142acze W\u0142\u00f3kniarz z pewno\u015bci\u0105 zaufaniem obdarz\u0105 te\u017c Fredrika Lindgrena. Lindgren nie mia\u0142 udanego sezonu, ale w Grand Prix jak na razie prezentuje si\u0119 z dobrej strony i zajmuje 3. miejsce.<\/p>\n\n\n\n<p>Foto: Gazeta Regionalna\/AK<\/p>\n\n\n\n<figure class=\"wp-block-image size-large\"><img decoding=\"async\" width=\"1024\" height=\"683\" data-src=\"https:\/\/gazetaregionalna.com\/wp-content\/uploads\/2021\/08\/CKM-Stal-31-1024x683.jpg\" alt=\"\" class=\"wp-image-51585 lazyload\" data-srcset=\"https:\/\/gazetaregionalna.com\/wp-content\/uploads\/2021\/08\/CKM-Stal-31-1024x683.jpg 1024w, https:\/\/gazetaregionalna.com\/wp-content\/uploads\/2021\/08\/CKM-Stal-31-300x200.jpg 300w, https:\/\/gazetaregionalna.com\/wp-content\/uploads\/2021\/08\/CKM-Stal-31-768x512.jpg 768w, https:\/\/gazetaregionalna.com\/wp-content\/uploads\/2021\/08\/CKM-Stal-31-1536x1024.jpg 1536w, https:\/\/gazetaregionalna.com\/wp-content\/uploads\/2021\/08\/CKM-Stal-31-2048x1365.jpg 2048w, https:\/\/gazetaregionalna.com\/wp-content\/uploads\/2021\/08\/CKM-Stal-31-696x464.jpg 696w, https:\/\/gazetaregionalna.com\/wp-content\/uploads\/2021\/08\/CKM-Stal-31-1068x712.jpg 1068w, https:\/\/gazetaregionalna.com\/wp-content\/uploads\/2021\/08\/CKM-Stal-31-1920x1280.jpg 1920w, https:\/\/gazetaregionalna.com\/wp-content\/uploads\/2021\/08\/CKM-Stal-31-630x420.jpg 630w, https:\/\/gazetaregionalna.com\/wp-content\/uploads\/2021\/08\/CKM-Stal-31-scaled.jpg 1200w\" data-sizes=\"(max-width: 1024px) 100vw, 1024px\" src=\"data:image\/svg+xml;base64,PHN2ZyB3aWR0aD0iMSIgaGVpZ2h0PSIxIiB4bWxucz0iaHR0cDovL3d3dy53My5vcmcvMjAwMC9zdmciPjwvc3ZnPg==\" style=\"--smush-placeholder-width: 1024px; --smush-placeholder-aspect-ratio: 1024\/683;\" \/><\/figure>\n","protected":false},"excerpt":{"rendered":"<p>Drugim \u017cu\u017clowcem, kt\u00f3ry przed\u0142u\u017cy\u0142 kontrakt z Eltrox W\u0142\u00f3kniarz na nast\u0119pny sezon jest Bartosz Smekta\u0142a. Pierwszym \u017cu\u017clowcem, kt\u00f3ry podpisa\u0142 now\u0105 umow\u0119 z cz\u0119stochowskim klubem jest<\/p>\n","protected":false},"author":15,"featured_media":51585,"comment_status":"open","ping_status":"open","sticky":false,"template":"","format":"standard","meta":{"_monsterinsights_skip_tracking":false,"_monsterinsights_sitenote_active":false,"_monsterinsights_sitenote_note":"","_monsterinsights_sitenote_category":0,"_uf_show_specific_survey":0,"_uf_disable_surveys":false,"footnotes":""},"categories":[94,5,7],"tags":[],"class_list":["post-51584","post","type-post","status-publish","format-standard","has-post-thumbnail","hentry","category-polecane","category-sport","category-zuzel"],"_links":{"self":[{"href":"https:\/\/gazetaregionalna.com\/index.php?rest_route=\/wp\/v2\/posts\/51584","targetHints":{"allow":["GET"]}}],"collection":[{"href":"https:\/\/gazetaregionalna.com\/index.php?rest_route=\/wp\/v2\/posts"}],"about":[{"href":"https:\/\/gazetaregionalna.com\/index.php?rest_route=\/wp\/v2\/types\/post"}],"author":[{"embeddable":true,"href":"https:\/\/gazetaregionalna.com\/index.php?rest_route=\/wp\/v2\/users\/15"}],"replies":[{"embeddable":true,"href":"https:\/\/gazetaregionalna.com\/index.php?rest_route=%2Fwp%2Fv2%2Fcomments&post=51584"}],"version-history":[{"count":1,"href":"https:\/\/gazetaregionalna.com\/index.php?rest_route=\/wp\/v2\/posts\/51584\/revisions"}],"predecessor-version":[{"id":51586,"href":"https:\/\/gazetaregionalna.com\/index.php?rest_route=\/wp\/v2\/posts\/51584\/revisions\/51586"}],"wp:featuredmedia":[{"embeddable":true,"href":"https:\/\/gazetaregionalna.com\/index.php?rest_route=\/wp\/v2\/media\/51585"}],"wp:attachment":[{"href":"https:\/\/gazetaregionalna.com\/index.php?rest_route=%2Fwp%2Fv2%2Fmedia&parent=51584"}],"wp:term":[{"taxonomy":"category","embeddable":true,"href":"https:\/\/gazetaregionalna.com\/index.php?rest_route=%2Fwp%2Fv2%2Fcategories&post=51584"},{"taxonomy":"post_tag","embeddable":true,"href":"https:\/\/gazetaregionalna.com\/index.php?rest_route=%2Fwp%2Fv2%2Ftags&post=51584"}],"curies":[{"name":"wp","href":"https:\/\/api.w.org\/{rel}","templated":true}]}}