{"id":51386,"date":"2021-08-15T07:11:41","date_gmt":"2021-08-15T07:11:41","guid":{"rendered":"https:\/\/gazetaregionalna.com\/?p=51386"},"modified":"2021-08-15T07:11:42","modified_gmt":"2021-08-15T07:11:42","slug":"tlumy-pod-jasna-gora-na-scenie-edyta-gorniak","status":"publish","type":"post","link":"https:\/\/gazetaregionalna.com\/?p=51386","title":{"rendered":"T\u0142umy pod Jasn\u0105 G\u00f3r\u0105. Na scenie m.in. Edyta G\u00f3rniak czy zesp\u00f3\u0142 Pectus"},"content":{"rendered":"\n<h2 class=\"wp-block-heading\">Tak, jak zapowiadali\u015bmy w sobotni wiecz\u00f3r odby\u0142 si\u0119 koncert &#8222;Pielgrzymi \u015bpiewaj\u0105 ulubione piosenki Jana Paw\u0142a II&#8221;. Na plenerowej scenie wyst\u0105pili cho\u0107by Edyta G\u00f3rniak, Ryszard Rynkowski, Piotr Cugowski i zesp\u00f3\u0142 Pectus.<\/h2>\n\n\n\n<p>\u201eAbba Ojcze\u201d ponownie zabrzmia\u0142o na Jasnej G\u00f3rze. Wszystko za spraw\u0105 koncertu &#8222;Pielgrzymi \u015bpiewaj\u0105 ulubione piosenki Jana Paw\u0142a II\u201d, kt\u00f3ry odby\u0142 14 sierpnia. Zwie\u0144czy\u0142 on dwudniowy Festiwal Muzyki Chrze\u015bcija\u0144skiej. <\/p>\n\n\n\n<p>Przypomnijmy, \u017ce wydarzenie zorganizowano w 30. rocznic\u0119 VI \u015awiatowych Dni M\u0142odzie\u017cy, kt\u00f3re pod przewodnictwem Jana Paw\u0142a II mia\u0142y tu miejsce w 1991r. Przywo\u0142ywano s\u0142owa \u015bw. Papie\u017ca z Polski, nie zabrak\u0142o wspomnie\u0144 z krakowskiego spotkania m\u0142odych \u015bwiata sprzed pi\u0119ciu lat. Artyst\u00f3w zapowiadali uczestnicy pieszych pielgrzymek.<\/p>\n\n\n\n<figure class=\"wp-block-image size-large\"><img decoding=\"async\" width=\"603\" height=\"452\" data-src=\"https:\/\/gazetaregionalna.com\/wp-content\/uploads\/2021\/08\/JG2.jpg\" alt=\"\" class=\"wp-image-51391 lazyload\" data-srcset=\"https:\/\/gazetaregionalna.com\/wp-content\/uploads\/2021\/08\/JG2.jpg 603w, https:\/\/gazetaregionalna.com\/wp-content\/uploads\/2021\/08\/JG2-300x225.jpg 300w, https:\/\/gazetaregionalna.com\/wp-content\/uploads\/2021\/08\/JG2-560x420.jpg 560w, https:\/\/gazetaregionalna.com\/wp-content\/uploads\/2021\/08\/JG2-80x60.jpg 80w, https:\/\/gazetaregionalna.com\/wp-content\/uploads\/2021\/08\/JG2-265x198.jpg 265w\" data-sizes=\"(max-width: 603px) 100vw, 603px\" src=\"data:image\/svg+xml;base64,PHN2ZyB3aWR0aD0iMSIgaGVpZ2h0PSIxIiB4bWxucz0iaHR0cDovL3d3dy53My5vcmcvMjAwMC9zdmciPjwvc3ZnPg==\" style=\"--smush-placeholder-width: 603px; --smush-placeholder-aspect-ratio: 603\/452;\" \/><figcaption>Koncert &#8222;Pielgrzymi \u015bpiewaj\u0105 ulubione piosenki Jana Paw\u0142a II\u201d (fot. Biuro Prasowe Jasnej G\u00f3ry)<\/figcaption><\/figure>\n\n\n\n<p><br>W ramach koncertu na imponuj\u0105cej, plenerowej scenie wyst\u0105pili m.in. Halina Mlynkova, zesp\u00f3\u0142 Pectus, Edyta G\u00f3rniak, Ryszard Rynkowski, Mieczys\u0142aw Szcze\u015bniak, Halina Fr\u0105ckowiak cz Piotr Cugowski.<\/p>\n\n\n\n<p>Uczestnicy koncertu o godz. 21 po\u0142\u0105czyli si\u0119 z Kaplic\u0105 Cudownego Obrazu Matki Bo\u017cej, by wzi\u0105\u0107 udzia\u0142 w Apelu Jasnog\u00f3rskim.<\/p>\n\n\n\n<p>Wydarzenie poprowadzili Rafa\u0142 Brzozowski i Piotr Rubik. Koncert by\u0142 transmitowany na \u017cywo przez TVP 1.<\/p>\n\n\n\n<figure class=\"wp-block-image size-large\"><img decoding=\"async\" width=\"603\" height=\"452\" data-src=\"https:\/\/gazetaregionalna.com\/wp-content\/uploads\/2021\/08\/JG3.jpg\" alt=\"\" class=\"wp-image-51392 lazyload\" data-srcset=\"https:\/\/gazetaregionalna.com\/wp-content\/uploads\/2021\/08\/JG3.jpg 603w, https:\/\/gazetaregionalna.com\/wp-content\/uploads\/2021\/08\/JG3-300x225.jpg 300w, https:\/\/gazetaregionalna.com\/wp-content\/uploads\/2021\/08\/JG3-560x420.jpg 560w, https:\/\/gazetaregionalna.com\/wp-content\/uploads\/2021\/08\/JG3-80x60.jpg 80w, https:\/\/gazetaregionalna.com\/wp-content\/uploads\/2021\/08\/JG3-265x198.jpg 265w\" data-sizes=\"(max-width: 603px) 100vw, 603px\" src=\"data:image\/svg+xml;base64,PHN2ZyB3aWR0aD0iMSIgaGVpZ2h0PSIxIiB4bWxucz0iaHR0cDovL3d3dy53My5vcmcvMjAwMC9zdmciPjwvc3ZnPg==\" style=\"--smush-placeholder-width: 603px; --smush-placeholder-aspect-ratio: 603\/452;\" \/><figcaption>Koncert &#8222;Pielgrzymi \u015bpiewaj\u0105 ulubione piosenki Jana Paw\u0142a II\u201d (fot. Biuro Prasowe Jasnej G\u00f3ry)<\/figcaption><\/figure>\n\n\n\n<h2 class=\"wp-block-heading\">Uroczysto\u015b\u0107 Wniebowzi\u0119cia NMP<\/h2>\n\n\n\n<p>Z kolei w niedziel\u0119, 15 sierpnia obchodzona jest uroczysto\u015b\u0107 Wniebowzi\u0119cia NMP. To na Jasnej G\u00f3rze jeden z najwi\u0119kszych odpust\u00f3w. G\u0142\u00f3wnie w pieszych pielgrzymkach przyby\u0142y tu tysi\u0105ce p\u0105tnik\u00f3w (tylko w sobot\u0119 wesz\u0142o a\u017c 13 pielgrzymek). Tegoroczne \u015bwi\u0119to up\u0142ywa na dzi\u0119kczynieniu za wspomniane VI \u015awiatowe Dni M\u0142odzie\u017cy.<\/p>\n\n\n\n<p>Uroczysto\u015b\u0107 o godz. 8 zainaugurowa\u0142a msza \u015bw. O godz. 11 nast\u0105pi za\u015b po\u015bwi\u0119cenie tablicy upami\u0119tniaj\u0105cej Cud nad Wis\u0142\u0105, potem na szczycie jasnog\u00f3rskim rozpocznie si\u0119 Suma Pontyfikalna. Przewodniczy\u0142 jej b\u0119dzie metropolita cz\u0119stochowski, abp Wac\u0142aw Depo, kt\u00f3ry r\u00f3wnie\u017c wyg\u0142osi homili\u0119. <\/p>\n\n\n\n<figure class=\"wp-block-image size-large\"><img decoding=\"async\" width=\"603\" height=\"452\" data-src=\"https:\/\/gazetaregionalna.com\/wp-content\/uploads\/2021\/08\/kapilica.jpg\" alt=\"\" class=\"wp-image-51393 lazyload\" data-srcset=\"https:\/\/gazetaregionalna.com\/wp-content\/uploads\/2021\/08\/kapilica.jpg 603w, https:\/\/gazetaregionalna.com\/wp-content\/uploads\/2021\/08\/kapilica-300x225.jpg 300w, https:\/\/gazetaregionalna.com\/wp-content\/uploads\/2021\/08\/kapilica-560x420.jpg 560w, https:\/\/gazetaregionalna.com\/wp-content\/uploads\/2021\/08\/kapilica-80x60.jpg 80w, https:\/\/gazetaregionalna.com\/wp-content\/uploads\/2021\/08\/kapilica-265x198.jpg 265w\" data-sizes=\"(max-width: 603px) 100vw, 603px\" src=\"data:image\/svg+xml;base64,PHN2ZyB3aWR0aD0iMSIgaGVpZ2h0PSIxIiB4bWxucz0iaHR0cDovL3d3dy53My5vcmcvMjAwMC9zdmciPjwvc3ZnPg==\" style=\"--smush-placeholder-width: 603px; --smush-placeholder-aspect-ratio: 603\/452;\" \/><figcaption>Kaplica Matki Bo\u017cej (fot. Biuro Prasowe Jasnej G\u00f3ry)<\/figcaption><\/figure>\n\n\n\n<p>O godz. 18.30 na wa\u0142ach odb\u0119dzie si\u0119 procesja eucharystyczna. P\u00f3\u0142 godziny p\u00f3\u017aniej zaplanowano msz\u0119 \u015bw., a na godz. 21 &#8211; tradycyjny Apel Jasnog\u00f3rski, w kt\u00f3rym uczestniczy\u0107 b\u0119dzie biskup polowy Wojska Polskiego J\u00f3zef Guzdek. W Kaplicy Matki Bo\u017cej nie  zabraknie reprezentacji Wojska Polskiego. Po Apelu przewidziano salwy armatnie na placu przed Szczytem w rocznic\u0119 \u201eCudu nad Wis\u0142\u0105\u201d. Szczeg\u00f3\u0142y: <a href=\"http:\/\/jasnagora.com\/\" target=\"_blank\" rel=\"noopener\">jasnagora.com<\/a>.<\/p>\n\n\n\n<p><strong>ZS<\/strong><\/p>\n","protected":false},"excerpt":{"rendered":"<p>Tak, jak zapowiadali\u015bmy w sobotni wiecz\u00f3r odby\u0142 si\u0119 koncert &#8222;Pielgrzymi \u015bpiewaj\u0105 ulubione piosenki Jana Paw\u0142a II&#8221;. Na plenerowej scenie wyst\u0105pili cho\u0107by Edyta G\u00f3rniak, Ryszard<\/p>\n","protected":false},"author":18,"featured_media":51390,"comment_status":"open","ping_status":"open","sticky":false,"template":"","format":"standard","meta":{"_monsterinsights_skip_tracking":false,"_monsterinsights_sitenote_active":false,"_monsterinsights_sitenote_note":"","_monsterinsights_sitenote_category":0,"_uf_show_specific_survey":0,"_uf_disable_surveys":false,"footnotes":""},"categories":[94,3,12,2],"tags":[2535,200,716],"class_list":["post-51386","post","type-post","status-publish","format-standard","has-post-thumbnail","hentry","category-polecane","category-czestochowa-informacje","category-kultura-i-rozrywka","category-wiadomosci","tag-edyta-gorniak","tag-jasna-gora","tag-koncert"],"_links":{"self":[{"href":"https:\/\/gazetaregionalna.com\/index.php?rest_route=\/wp\/v2\/posts\/51386","targetHints":{"allow":["GET"]}}],"collection":[{"href":"https:\/\/gazetaregionalna.com\/index.php?rest_route=\/wp\/v2\/posts"}],"about":[{"href":"https:\/\/gazetaregionalna.com\/index.php?rest_route=\/wp\/v2\/types\/post"}],"author":[{"embeddable":true,"href":"https:\/\/gazetaregionalna.com\/index.php?rest_route=\/wp\/v2\/users\/18"}],"replies":[{"embeddable":true,"href":"https:\/\/gazetaregionalna.com\/index.php?rest_route=%2Fwp%2Fv2%2Fcomments&post=51386"}],"version-history":[{"count":4,"href":"https:\/\/gazetaregionalna.com\/index.php?rest_route=\/wp\/v2\/posts\/51386\/revisions"}],"predecessor-version":[{"id":51394,"href":"https:\/\/gazetaregionalna.com\/index.php?rest_route=\/wp\/v2\/posts\/51386\/revisions\/51394"}],"wp:featuredmedia":[{"embeddable":true,"href":"https:\/\/gazetaregionalna.com\/index.php?rest_route=\/wp\/v2\/media\/51390"}],"wp:attachment":[{"href":"https:\/\/gazetaregionalna.com\/index.php?rest_route=%2Fwp%2Fv2%2Fmedia&parent=51386"}],"wp:term":[{"taxonomy":"category","embeddable":true,"href":"https:\/\/gazetaregionalna.com\/index.php?rest_route=%2Fwp%2Fv2%2Fcategories&post=51386"},{"taxonomy":"post_tag","embeddable":true,"href":"https:\/\/gazetaregionalna.com\/index.php?rest_route=%2Fwp%2Fv2%2Ftags&post=51386"}],"curies":[{"name":"wp","href":"https:\/\/api.w.org\/{rel}","templated":true}]}}