{"id":5133,"date":"2019-08-10T09:04:15","date_gmt":"2019-08-10T09:04:15","guid":{"rendered":"https:\/\/gazetaregionalna.com\/?p=5133"},"modified":"2019-08-10T09:04:18","modified_gmt":"2019-08-10T09:04:18","slug":"eksplozja-na-polnocy","status":"publish","type":"post","link":"https:\/\/gazetaregionalna.com\/?p=5133","title":{"rendered":"Eksplozja na P\u00f3\u0142nocy"},"content":{"rendered":"\n<p> Cz\u0119stochowska policja bada okoliczno\u015bci eksplozji, do kt\u00f3rej dosz\u0142o wczoraj wieczorem w jednym z blok\u00f3w na P\u00f3\u0142nocy. W trakcie wybuchu powa\u017cnie rannych zosta\u0142o dw\u00f3ch m\u0119\u017cczyzn.<br>  Nieoficjalnie m\u00f3wi si\u0119, \u017ce w mieszkaniu, w kt\u00f3rym mia\u0142 miejsce wybuch, przechowywano materia\u0142y pirotechniczne. Niewykluczone,  \u017ce tragedi\u0119 spowodowali sami m\u0119\u017cczy\u017ani, kt\u00f3rzy w domowych warunkach pr\u00f3bowali skonstruowa\u0107 \u0142adunki wybuchowe.<br> Dw\u00f3ch powa\u017cnie poszkodowanych cz\u0119stochowian przewieziono do szpitala. Jeden z nich jest w stanie ci\u0119\u017ckim. Policja zatrzyma\u0142a 61-letniego m\u0119\u017cczyzn\u0119, kt\u00f3ry w chwili eksplozji przebywa\u0142 w mieszkaniu.<\/p>\n\n\n\n<figure class=\"wp-block-image is-resized\"><img decoding=\"async\" data-src=\"https:\/\/gazetaregionalna.com\/wp-content\/uploads\/2019\/06\/pobrane.jpg\" alt=\"\" class=\"wp-image-3700 lazyload\" width=\"703\" height=\"356\" data-srcset=\"https:\/\/gazetaregionalna.com\/wp-content\/uploads\/2019\/06\/pobrane.jpg 316w, https:\/\/gazetaregionalna.com\/wp-content\/uploads\/2019\/06\/pobrane-300x152.jpg 300w\" data-sizes=\"(max-width: 703px) 100vw, 703px\" src=\"data:image\/svg+xml;base64,PHN2ZyB3aWR0aD0iMSIgaGVpZ2h0PSIxIiB4bWxucz0iaHR0cDovL3d3dy53My5vcmcvMjAwMC9zdmciPjwvc3ZnPg==\" style=\"--smush-placeholder-width: 703px; --smush-placeholder-aspect-ratio: 703\/356;\" \/><\/figure>\n\n\n\n<p><br> Tu\u017c po zg\u0142oszeniu, policja ewakuowa\u0142a wieczorem wszystkich lokator\u00f3w budynku, w sumie oko\u0142o 50 os\u00f3b. Na miejsce \u015bci\u0105gni\u0119to pirotechnik\u00f3w, kt\u00f3rzy sprawdz\u0105 nie tylko, jaki materia\u0142 eksplodowa\u0142a, ale tak\u017ce spr\u00f3buj\u0105 ustali\u0107 dlaczego.<br> Na szcz\u0119\u015bcie konstrukcja budynku nie zosta\u0142a uszkodzona i po kilku godzinach, dzisiaj nad ranem lokatorzy mogli wr\u00f3ci\u0107 do swoich mieszka\u0144.<\/p>\n","protected":false},"excerpt":{"rendered":"<p>Cz\u0119stochowska policja bada okoliczno\u015bci eksplozji, do kt\u00f3rej dosz\u0142o wczoraj wieczorem w jednym z blok\u00f3w na P\u00f3\u0142nocy. W trakcie wybuchu powa\u017cnie rannych zosta\u0142o dw\u00f3ch m\u0119\u017cczyzn.<\/p>\n","protected":false},"author":3,"featured_media":3059,"comment_status":"open","ping_status":"open","sticky":false,"template":"","format":"standard","meta":{"_monsterinsights_skip_tracking":false,"_monsterinsights_sitenote_active":false,"_monsterinsights_sitenote_note":"","_monsterinsights_sitenote_category":0,"_uf_show_specific_survey":0,"_uf_disable_surveys":false,"footnotes":""},"categories":[3,2],"tags":[],"class_list":["post-5133","post","type-post","status-publish","format-standard","has-post-thumbnail","hentry","category-czestochowa-informacje","category-wiadomosci"],"_links":{"self":[{"href":"https:\/\/gazetaregionalna.com\/index.php?rest_route=\/wp\/v2\/posts\/5133","targetHints":{"allow":["GET"]}}],"collection":[{"href":"https:\/\/gazetaregionalna.com\/index.php?rest_route=\/wp\/v2\/posts"}],"about":[{"href":"https:\/\/gazetaregionalna.com\/index.php?rest_route=\/wp\/v2\/types\/post"}],"author":[{"embeddable":true,"href":"https:\/\/gazetaregionalna.com\/index.php?rest_route=\/wp\/v2\/users\/3"}],"replies":[{"embeddable":true,"href":"https:\/\/gazetaregionalna.com\/index.php?rest_route=%2Fwp%2Fv2%2Fcomments&post=5133"}],"version-history":[{"count":1,"href":"https:\/\/gazetaregionalna.com\/index.php?rest_route=\/wp\/v2\/posts\/5133\/revisions"}],"predecessor-version":[{"id":5134,"href":"https:\/\/gazetaregionalna.com\/index.php?rest_route=\/wp\/v2\/posts\/5133\/revisions\/5134"}],"wp:featuredmedia":[{"embeddable":true,"href":"https:\/\/gazetaregionalna.com\/index.php?rest_route=\/wp\/v2\/media\/3059"}],"wp:attachment":[{"href":"https:\/\/gazetaregionalna.com\/index.php?rest_route=%2Fwp%2Fv2%2Fmedia&parent=5133"}],"wp:term":[{"taxonomy":"category","embeddable":true,"href":"https:\/\/gazetaregionalna.com\/index.php?rest_route=%2Fwp%2Fv2%2Fcategories&post=5133"},{"taxonomy":"post_tag","embeddable":true,"href":"https:\/\/gazetaregionalna.com\/index.php?rest_route=%2Fwp%2Fv2%2Ftags&post=5133"}],"curies":[{"name":"wp","href":"https:\/\/api.w.org\/{rel}","templated":true}]}}