{"id":5124,"date":"2019-08-10T07:18:47","date_gmt":"2019-08-10T07:18:47","guid":{"rendered":"https:\/\/gazetaregionalna.com\/?p=5124"},"modified":"2019-08-10T07:18:50","modified_gmt":"2019-08-10T07:18:50","slug":"klobuck-juniorzy-ze-znicza-spotkali-sie-z-burmistrzem","status":"publish","type":"post","link":"https:\/\/gazetaregionalna.com\/?p=5124","title":{"rendered":"K\u0142obuck. Juniorzy ze Znicza spotkali si\u0119 z Burmistrzem"},"content":{"rendered":"\n<p><strong>W czwartek 8 sierpnia w Centrum Aktywno\u015bci Spo\u0142ecznej przy ul. SSportowej odby\u0142o si\u0119 spotkanie burmistrza K\u0142obucka, Jerzego Zakrzewskiego, oraz sekretarz, Sylwii Pi\u0105tkowskiej, z juniorami Znicza K\u0142obuck. Zawodnicy zostali <\/strong> <strong>wyr\u00f3\u017cnieni przez gospodarza gminy .<\/strong><\/p>\n\n\n\n<p>G\u0142\u00f3wnym powodem wizyty burmistrza okaza\u0142y si\u0119 wyniki uzyskane przez junior\u00f3w w ca\u0142ym sezonie, a przede wszystkim zaj\u0119cie 4. miejsca w og\u00f3lnopolskim turnieju ,,Pi\u0142karska kadra czeka\u201d. Spotkanie mia\u0142o miejsce w budynku Centrum Us\u0142ug Spo\u0142ecznych, czyli tam, gdzie mie\u015bci\u0142a si\u0119 dawniej strzelnica. Nasi juniorzy zastali w nim delegacj\u0119 urz\u0119du gminy K\u0142obuck na czele z panem burmistrzem. Zawodnicy wraz z trenerem, Andrzejem Rogaczewskim, i prezesem klubu, Danielem Zalskim, uroczy\u015bcie otrzymali od pana Jerzego Zakrzewskiego gratulacje i podzi\u0119kowania za promocj\u0119 miasta i gminy na arenie og\u00f3lnopolskiej. Jak zaznaczy\u0142 burmistrz, sport to nie tylko rekreacja, ale te\u017c nauka pokory i umiej\u0119tno\u015bci godzenia si\u0119 z pora\u017ckami. Tego w szczeg\u00f3lno\u015bci \u017cyczy\u0142 m\u0142odym pi\u0142karzom. Po przekazaniu symbolicznych prezent\u00f3w w postaci pi\u0142ek zawodnicy usiedli do sto\u0142u. Tam w przyjaznej atmosferze dzielili si\u0119 swoimi planami na najbli\u017csze dni wakacji. Nied\u0142ugo potem zawodnicy po\u017cegnali si\u0119 z delegacj\u0105 z gminy. <\/p>\n\n\n\n<p>(red.)<\/p>\n","protected":false},"excerpt":{"rendered":"<p>W czwartek 8 sierpnia w Centrum Aktywno\u015bci Spo\u0142ecznej przy ul. SSportowej odby\u0142o si\u0119 spotkanie burmistrza K\u0142obucka, Jerzego Zakrzewskiego, oraz sekretarz, Sylwii Pi\u0105tkowskiej, z juniorami<\/p>\n","protected":false},"author":3,"featured_media":5125,"comment_status":"open","ping_status":"open","sticky":false,"template":"","format":"standard","meta":{"_monsterinsights_skip_tracking":false,"_monsterinsights_sitenote_active":false,"_monsterinsights_sitenote_note":"","_monsterinsights_sitenote_category":0,"_uf_show_specific_survey":0,"_uf_disable_surveys":false,"footnotes":""},"categories":[15,12,27,6,5,2,13],"tags":[],"class_list":["post-5124","post","type-post","status-publish","format-standard","has-post-thumbnail","hentry","category-dla-dzieci","category-kultura-i-rozrywka","category-klobuck-informacje","category-pilka-nozna","category-sport","category-wiadomosci","category-wydarzenia"],"_links":{"self":[{"href":"https:\/\/gazetaregionalna.com\/index.php?rest_route=\/wp\/v2\/posts\/5124","targetHints":{"allow":["GET"]}}],"collection":[{"href":"https:\/\/gazetaregionalna.com\/index.php?rest_route=\/wp\/v2\/posts"}],"about":[{"href":"https:\/\/gazetaregionalna.com\/index.php?rest_route=\/wp\/v2\/types\/post"}],"author":[{"embeddable":true,"href":"https:\/\/gazetaregionalna.com\/index.php?rest_route=\/wp\/v2\/users\/3"}],"replies":[{"embeddable":true,"href":"https:\/\/gazetaregionalna.com\/index.php?rest_route=%2Fwp%2Fv2%2Fcomments&post=5124"}],"version-history":[{"count":1,"href":"https:\/\/gazetaregionalna.com\/index.php?rest_route=\/wp\/v2\/posts\/5124\/revisions"}],"predecessor-version":[{"id":5126,"href":"https:\/\/gazetaregionalna.com\/index.php?rest_route=\/wp\/v2\/posts\/5124\/revisions\/5126"}],"wp:featuredmedia":[{"embeddable":true,"href":"https:\/\/gazetaregionalna.com\/index.php?rest_route=\/wp\/v2\/media\/5125"}],"wp:attachment":[{"href":"https:\/\/gazetaregionalna.com\/index.php?rest_route=%2Fwp%2Fv2%2Fmedia&parent=5124"}],"wp:term":[{"taxonomy":"category","embeddable":true,"href":"https:\/\/gazetaregionalna.com\/index.php?rest_route=%2Fwp%2Fv2%2Fcategories&post=5124"},{"taxonomy":"post_tag","embeddable":true,"href":"https:\/\/gazetaregionalna.com\/index.php?rest_route=%2Fwp%2Fv2%2Ftags&post=5124"}],"curies":[{"name":"wp","href":"https:\/\/api.w.org\/{rel}","templated":true}]}}