{"id":51201,"date":"2021-08-12T20:17:33","date_gmt":"2021-08-12T20:17:33","guid":{"rendered":"https:\/\/gazetaregionalna.com\/?p=51201"},"modified":"2021-08-12T20:17:33","modified_gmt":"2021-08-12T20:17:33","slug":"skra-wygrala-w-rzeszowie-z-resovia-jest-pierwsze-zwyciestwo-w-fortuna-1-liga","status":"publish","type":"post","link":"https:\/\/gazetaregionalna.com\/?p=51201","title":{"rendered":"Skra wygra\u0142a w Rzeszowie z Resovi\u0105! Jest pierwsze zwyci\u0119stwo w Fortuna 1 Liga!"},"content":{"rendered":"\n<p>Kibice Skry doczekali si\u0119 pierwszego zwyci\u0119stwa w Fortuna 1 Lidze. W czwartek Skra wygra\u0142a w Rzeszowie z Resovi\u0105 1:0.<\/p>\n\n\n\n<p>Pi\u0142karze Skry maj\u0105 trudny pocz\u0105tek sezonu w Fortuna 1 Lidze. Pierwsze 6 mecz\u00f3w rozegraj\u0105 na wyjazdach. W pierwszych dw\u00f3ch kolejkach Skra przegra\u0142a w Kielcach 0:2 z Koron\u0105 oraz 2:3 w \u0141odzi z \u0141KS-em. W trzecim spotkaniu w Rzeszowie pi\u0142karze z Cz\u0119stochowy wreszcie zaskoczyli. Po golu Macieja Masa w 57. minucie obj\u0119li prowadzenie 1:0 i nie oddali go ju\u017c do ko\u0144ca!!!<\/p>\n\n\n\n<p>Tym samym Skra po trzech spotkaniach w Fortuna 1 Lidze ma na koncie 3 punkty.<\/p>\n\n\n\n<p>W kolejnym spotkaniu spotkaniu Skra zagra w Legnicy z Miedzi\u0105.<\/p>\n\n\n\n<p>AK, foto:AK<\/p>\n\n\n\n<p><strong>Resovia Rzesz\u00f3w \u2013 Skra Cz\u0119stochowa 0:1 (0:0)<\/strong><\/p>\n\n\n\n<p><strong>Bramka:<\/strong> 0:1 Mas (57.)<\/p>\n\n\n\n<p>Skra: Kos \u2013 Winiarczyk, Mesjasz, Krzy\u017cak, Brusi\u0142o, Stromecki, Szyma\u0144ski, Niedba\u0142a, Kwietniewski (74. Napora), Noco\u0144, Mas (84. D. Wojtyra).<\/p>\n\n\n\n<p>Foto: AK<\/p>\n\n\n\n<figure class=\"wp-block-image size-large\"><img decoding=\"async\" width=\"960\" height=\"443\" data-src=\"https:\/\/gazetaregionalna.com\/wp-content\/uploads\/2021\/07\/Skra-4.jpg\" alt=\"\" class=\"wp-image-49345 lazyload\" data-srcset=\"https:\/\/gazetaregionalna.com\/wp-content\/uploads\/2021\/07\/Skra-4.jpg 960w, https:\/\/gazetaregionalna.com\/wp-content\/uploads\/2021\/07\/Skra-4-300x138.jpg 300w, https:\/\/gazetaregionalna.com\/wp-content\/uploads\/2021\/07\/Skra-4-768x354.jpg 768w, https:\/\/gazetaregionalna.com\/wp-content\/uploads\/2021\/07\/Skra-4-696x321.jpg 696w, https:\/\/gazetaregionalna.com\/wp-content\/uploads\/2021\/07\/Skra-4-910x420.jpg 910w\" data-sizes=\"(max-width: 960px) 100vw, 960px\" src=\"data:image\/svg+xml;base64,PHN2ZyB3aWR0aD0iMSIgaGVpZ2h0PSIxIiB4bWxucz0iaHR0cDovL3d3dy53My5vcmcvMjAwMC9zdmciPjwvc3ZnPg==\" style=\"--smush-placeholder-width: 960px; --smush-placeholder-aspect-ratio: 960\/443;\" \/><\/figure>\n","protected":false},"excerpt":{"rendered":"<p>Kibice Skry doczekali si\u0119 pierwszego zwyci\u0119stwa w Fortuna 1 Lidze. W czwartek Skra wygra\u0142a w Rzeszowie z Resovi\u0105 1:0. Pi\u0142karze Skry maj\u0105 trudny pocz\u0105tek<\/p>\n","protected":false},"author":15,"featured_media":49345,"comment_status":"open","ping_status":"open","sticky":false,"template":"","format":"standard","meta":{"_monsterinsights_skip_tracking":false,"_monsterinsights_sitenote_active":false,"_monsterinsights_sitenote_note":"","_monsterinsights_sitenote_category":0,"_uf_show_specific_survey":0,"_uf_disable_surveys":false,"footnotes":""},"categories":[5,6],"tags":[],"class_list":["post-51201","post","type-post","status-publish","format-standard","has-post-thumbnail","hentry","category-sport","category-pilka-nozna"],"_links":{"self":[{"href":"https:\/\/gazetaregionalna.com\/index.php?rest_route=\/wp\/v2\/posts\/51201","targetHints":{"allow":["GET"]}}],"collection":[{"href":"https:\/\/gazetaregionalna.com\/index.php?rest_route=\/wp\/v2\/posts"}],"about":[{"href":"https:\/\/gazetaregionalna.com\/index.php?rest_route=\/wp\/v2\/types\/post"}],"author":[{"embeddable":true,"href":"https:\/\/gazetaregionalna.com\/index.php?rest_route=\/wp\/v2\/users\/15"}],"replies":[{"embeddable":true,"href":"https:\/\/gazetaregionalna.com\/index.php?rest_route=%2Fwp%2Fv2%2Fcomments&post=51201"}],"version-history":[{"count":1,"href":"https:\/\/gazetaregionalna.com\/index.php?rest_route=\/wp\/v2\/posts\/51201\/revisions"}],"predecessor-version":[{"id":51202,"href":"https:\/\/gazetaregionalna.com\/index.php?rest_route=\/wp\/v2\/posts\/51201\/revisions\/51202"}],"wp:featuredmedia":[{"embeddable":true,"href":"https:\/\/gazetaregionalna.com\/index.php?rest_route=\/wp\/v2\/media\/49345"}],"wp:attachment":[{"href":"https:\/\/gazetaregionalna.com\/index.php?rest_route=%2Fwp%2Fv2%2Fmedia&parent=51201"}],"wp:term":[{"taxonomy":"category","embeddable":true,"href":"https:\/\/gazetaregionalna.com\/index.php?rest_route=%2Fwp%2Fv2%2Fcategories&post=51201"},{"taxonomy":"post_tag","embeddable":true,"href":"https:\/\/gazetaregionalna.com\/index.php?rest_route=%2Fwp%2Fv2%2Ftags&post=51201"}],"curies":[{"name":"wp","href":"https:\/\/api.w.org\/{rel}","templated":true}]}}