{"id":51186,"date":"2021-08-12T19:29:03","date_gmt":"2021-08-12T19:29:03","guid":{"rendered":"https:\/\/gazetaregionalna.com\/?p=51186"},"modified":"2021-08-12T19:42:33","modified_gmt":"2021-08-12T19:42:33","slug":"pilkarze-rakowa-czestochowa-zadziwiaja-pilkarska-europe-i-swiat-w-debiucie-nie-przegrali-jeszcze-w-europie","status":"publish","type":"post","link":"https:\/\/gazetaregionalna.com\/?p=51186","title":{"rendered":"Pi\u0142karze Rakowa Cz\u0119stochowa zadziwiaj\u0105 pi\u0142karsk\u0105 Europ\u0119 i \u015bwiat! W debiucie nie przegrali jeszcze w Europie!!!"},"content":{"rendered":"\n<p>Pi\u0142karze Rakowa Cz\u0119stochowa debiutuj\u0105 w europejskich pucharach i zadziwiaj\u0105 pi\u0142karski \u015bwiat! W czterech rozegranych spotkaniach nie przegrali meczu i nie stracili bramki! S\u0105 ju\u017c w IV rundzie eliminacji i bliscy awansu do fazy grupowej Ligi Konferencji UEFA!!! Teraz na ostatniej przeszkodzie maj\u0105 Belg\u00f3w z Gent&#8230;<\/p>\n\n\n\n<p>Trwa wspania\u0142y rok dla Rakowa. Na 100-lecie Klubu pi\u0142karze osi\u0105gaj\u0105 prawie wszystko. 2 maja 2021 Rak\u00f3w wywalczy\u0142 Puchar Polski, p\u00f3\u017aniej wicemistrzostwo Polski i prawo gry w europejskich pucharach.<\/p>\n\n\n\n<p>Obecny sezon te\u017c rozpocz\u0105\u0142 si\u0119 wy\u015bmienicie, bo Rak\u00f3w wygra\u0142 w Warszawie z Legi\u0105 w Superpucharze Polski i zdoby\u0142 kolejne trofeum!<\/p>\n\n\n\n<p>Rak\u00f3w gra wy\u015bmienicie w PKO BP Ekstraklasie, ale te\u017c zadziwia pi\u0142karsk\u0105 Europ\u0119 i \u015bwiat! Cz\u0119stochowianie w debiucie w II rundzie eliminacji przeszli litewski FK Suduva Marijampole nie trac\u0105c bramki&#8230; Teraz wyeliminowali lidera rosyjskiej Ekstraklasy Rubin Kaza\u0144 remisuj\u0105c u siebie i wygrywaj\u0105c w Rosji po dogrywce 1:0! Ostatni\u0105 przeszkod\u0105 dla Rakowa b\u0119dzie belgijski KAA Gent. Faworytem b\u0119d\u0105 Belgowie. Pierwszy mecz odb\u0119dzie si\u0119 ju\u017c w 19 sierpnia w Bielsku-Bia\u0142ej, a rewan\u017c tydzie\u0144 p\u00f3\u017aniej w Gent. Rak\u00f3w jednak nie ma nic do stracenia&#8230;<\/p>\n\n\n\n<p>Czy dru\u017cyna z Cz\u0119stochowy, kt\u00f3ra chcia\u0142aby mie\u0107 lepszy stadion, podbije Europ\u0119 i zaprezentuje si\u0119 w rozgrywkach grupowych Pucharu Konferencji UEFA? Odpowied\u017a na to pytanie poznamy 26 sierpnia&#8230;<\/p>\n\n\n\n<p>Oby 2021 rok na 100-lecie Rakowa przynosi\u0142 kolejne emocje i sukcesy&#8230;<\/p>\n\n\n\n<p>Tekst: Marta Rembielak-Kucharska, AK<\/p>\n\n\n\n<p>Foto: Jakub Ziemianin (rakow.com)<\/p>\n\n\n\n<figure class=\"wp-block-image size-large\"><img decoding=\"async\" width=\"940\" height=\"611\" data-src=\"https:\/\/gazetaregionalna.com\/wp-content\/uploads\/2021\/08\/Kazan-7.jpg\" alt=\"\" class=\"wp-image-51187 lazyload\" data-srcset=\"https:\/\/gazetaregionalna.com\/wp-content\/uploads\/2021\/08\/Kazan-7.jpg 940w, https:\/\/gazetaregionalna.com\/wp-content\/uploads\/2021\/08\/Kazan-7-300x195.jpg 300w, https:\/\/gazetaregionalna.com\/wp-content\/uploads\/2021\/08\/Kazan-7-768x499.jpg 768w, https:\/\/gazetaregionalna.com\/wp-content\/uploads\/2021\/08\/Kazan-7-696x452.jpg 696w, https:\/\/gazetaregionalna.com\/wp-content\/uploads\/2021\/08\/Kazan-7-646x420.jpg 646w\" data-sizes=\"(max-width: 940px) 100vw, 940px\" src=\"data:image\/svg+xml;base64,PHN2ZyB3aWR0aD0iMSIgaGVpZ2h0PSIxIiB4bWxucz0iaHR0cDovL3d3dy53My5vcmcvMjAwMC9zdmciPjwvc3ZnPg==\" style=\"--smush-placeholder-width: 940px; --smush-placeholder-aspect-ratio: 940\/611;\" \/><\/figure>\n\n\n\n<figure class=\"wp-block-image size-large\"><img decoding=\"async\" width=\"1024\" height=\"683\" data-src=\"https:\/\/gazetaregionalna.com\/wp-content\/uploads\/2021\/08\/Rubin-11-1024x683.jpg\" alt=\"\" class=\"wp-image-51193 lazyload\" data-srcset=\"https:\/\/gazetaregionalna.com\/wp-content\/uploads\/2021\/08\/Rubin-11-1024x683.jpg 1024w, https:\/\/gazetaregionalna.com\/wp-content\/uploads\/2021\/08\/Rubin-11-300x200.jpg 300w, https:\/\/gazetaregionalna.com\/wp-content\/uploads\/2021\/08\/Rubin-11-768x512.jpg 768w, https:\/\/gazetaregionalna.com\/wp-content\/uploads\/2021\/08\/Rubin-11-1536x1024.jpg 1536w, https:\/\/gazetaregionalna.com\/wp-content\/uploads\/2021\/08\/Rubin-11-696x464.jpg 696w, https:\/\/gazetaregionalna.com\/wp-content\/uploads\/2021\/08\/Rubin-11-1068x712.jpg 1068w, https:\/\/gazetaregionalna.com\/wp-content\/uploads\/2021\/08\/Rubin-11-1920x1280.jpg 1920w, https:\/\/gazetaregionalna.com\/wp-content\/uploads\/2021\/08\/Rubin-11-630x420.jpg 630w, https:\/\/gazetaregionalna.com\/wp-content\/uploads\/2021\/08\/Rubin-11.jpg 1200w\" data-sizes=\"(max-width: 1024px) 100vw, 1024px\" src=\"data:image\/svg+xml;base64,PHN2ZyB3aWR0aD0iMSIgaGVpZ2h0PSIxIiB4bWxucz0iaHR0cDovL3d3dy53My5vcmcvMjAwMC9zdmciPjwvc3ZnPg==\" style=\"--smush-placeholder-width: 1024px; --smush-placeholder-aspect-ratio: 1024\/683;\" \/><\/figure>\n\n\n\n<figure class=\"wp-block-image size-large\"><img decoding=\"async\" width=\"1024\" height=\"683\" data-src=\"https:\/\/gazetaregionalna.com\/wp-content\/uploads\/2021\/08\/Rubin-10-1024x683.jpg\" alt=\"\" class=\"wp-image-51190 lazyload\" data-srcset=\"https:\/\/gazetaregionalna.com\/wp-content\/uploads\/2021\/08\/Rubin-10-1024x683.jpg 1024w, https:\/\/gazetaregionalna.com\/wp-content\/uploads\/2021\/08\/Rubin-10-300x200.jpg 300w, https:\/\/gazetaregionalna.com\/wp-content\/uploads\/2021\/08\/Rubin-10-768x512.jpg 768w, https:\/\/gazetaregionalna.com\/wp-content\/uploads\/2021\/08\/Rubin-10-1536x1024.jpg 1536w, https:\/\/gazetaregionalna.com\/wp-content\/uploads\/2021\/08\/Rubin-10-696x464.jpg 696w, https:\/\/gazetaregionalna.com\/wp-content\/uploads\/2021\/08\/Rubin-10-1068x712.jpg 1068w, https:\/\/gazetaregionalna.com\/wp-content\/uploads\/2021\/08\/Rubin-10-1920x1280.jpg 1920w, https:\/\/gazetaregionalna.com\/wp-content\/uploads\/2021\/08\/Rubin-10-630x420.jpg 630w, https:\/\/gazetaregionalna.com\/wp-content\/uploads\/2021\/08\/Rubin-10.jpg 1200w\" data-sizes=\"(max-width: 1024px) 100vw, 1024px\" src=\"data:image\/svg+xml;base64,PHN2ZyB3aWR0aD0iMSIgaGVpZ2h0PSIxIiB4bWxucz0iaHR0cDovL3d3dy53My5vcmcvMjAwMC9zdmciPjwvc3ZnPg==\" style=\"--smush-placeholder-width: 1024px; --smush-placeholder-aspect-ratio: 1024\/683;\" \/><\/figure>\n\n\n\n<figure class=\"wp-block-image size-large\"><img decoding=\"async\" width=\"1024\" height=\"683\" data-src=\"https:\/\/gazetaregionalna.com\/wp-content\/uploads\/2021\/08\/Runin-12-1024x683.jpg\" alt=\"\" class=\"wp-image-51191 lazyload\" data-srcset=\"https:\/\/gazetaregionalna.com\/wp-content\/uploads\/2021\/08\/Runin-12-1024x683.jpg 1024w, https:\/\/gazetaregionalna.com\/wp-content\/uploads\/2021\/08\/Runin-12-300x200.jpg 300w, https:\/\/gazetaregionalna.com\/wp-content\/uploads\/2021\/08\/Runin-12-768x512.jpg 768w, https:\/\/gazetaregionalna.com\/wp-content\/uploads\/2021\/08\/Runin-12-1536x1024.jpg 1536w, https:\/\/gazetaregionalna.com\/wp-content\/uploads\/2021\/08\/Runin-12-696x464.jpg 696w, https:\/\/gazetaregionalna.com\/wp-content\/uploads\/2021\/08\/Runin-12-1068x712.jpg 1068w, https:\/\/gazetaregionalna.com\/wp-content\/uploads\/2021\/08\/Runin-12-1920x1280.jpg 1920w, https:\/\/gazetaregionalna.com\/wp-content\/uploads\/2021\/08\/Runin-12-630x420.jpg 630w, https:\/\/gazetaregionalna.com\/wp-content\/uploads\/2021\/08\/Runin-12.jpg 1200w\" data-sizes=\"(max-width: 1024px) 100vw, 1024px\" src=\"data:image\/svg+xml;base64,PHN2ZyB3aWR0aD0iMSIgaGVpZ2h0PSIxIiB4bWxucz0iaHR0cDovL3d3dy53My5vcmcvMjAwMC9zdmciPjwvc3ZnPg==\" style=\"--smush-placeholder-width: 1024px; --smush-placeholder-aspect-ratio: 1024\/683;\" \/><\/figure>\n","protected":false},"excerpt":{"rendered":"<p>Pi\u0142karze Rakowa Cz\u0119stochowa debiutuj\u0105 w europejskich pucharach i zadziwiaj\u0105 pi\u0142karski \u015bwiat! W czterech rozegranych spotkaniach nie przegrali meczu i nie stracili bramki! S\u0105 ju\u017c<\/p>\n","protected":false},"author":15,"featured_media":51193,"comment_status":"open","ping_status":"open","sticky":false,"template":"","format":"standard","meta":{"_monsterinsights_skip_tracking":false,"_monsterinsights_sitenote_active":false,"_monsterinsights_sitenote_note":"","_monsterinsights_sitenote_category":0,"_uf_show_specific_survey":0,"_uf_disable_surveys":false,"footnotes":""},"categories":[94,6,5],"tags":[],"class_list":["post-51186","post","type-post","status-publish","format-standard","has-post-thumbnail","hentry","category-polecane","category-pilka-nozna","category-sport"],"_links":{"self":[{"href":"https:\/\/gazetaregionalna.com\/index.php?rest_route=\/wp\/v2\/posts\/51186","targetHints":{"allow":["GET"]}}],"collection":[{"href":"https:\/\/gazetaregionalna.com\/index.php?rest_route=\/wp\/v2\/posts"}],"about":[{"href":"https:\/\/gazetaregionalna.com\/index.php?rest_route=\/wp\/v2\/types\/post"}],"author":[{"embeddable":true,"href":"https:\/\/gazetaregionalna.com\/index.php?rest_route=\/wp\/v2\/users\/15"}],"replies":[{"embeddable":true,"href":"https:\/\/gazetaregionalna.com\/index.php?rest_route=%2Fwp%2Fv2%2Fcomments&post=51186"}],"version-history":[{"count":3,"href":"https:\/\/gazetaregionalna.com\/index.php?rest_route=\/wp\/v2\/posts\/51186\/revisions"}],"predecessor-version":[{"id":51195,"href":"https:\/\/gazetaregionalna.com\/index.php?rest_route=\/wp\/v2\/posts\/51186\/revisions\/51195"}],"wp:featuredmedia":[{"embeddable":true,"href":"https:\/\/gazetaregionalna.com\/index.php?rest_route=\/wp\/v2\/media\/51193"}],"wp:attachment":[{"href":"https:\/\/gazetaregionalna.com\/index.php?rest_route=%2Fwp%2Fv2%2Fmedia&parent=51186"}],"wp:term":[{"taxonomy":"category","embeddable":true,"href":"https:\/\/gazetaregionalna.com\/index.php?rest_route=%2Fwp%2Fv2%2Fcategories&post=51186"},{"taxonomy":"post_tag","embeddable":true,"href":"https:\/\/gazetaregionalna.com\/index.php?rest_route=%2Fwp%2Fv2%2Ftags&post=51186"}],"curies":[{"name":"wp","href":"https:\/\/api.w.org\/{rel}","templated":true}]}}