{"id":51131,"date":"2021-08-12T18:32:45","date_gmt":"2021-08-12T18:32:45","guid":{"rendered":"https:\/\/gazetaregionalna.com\/?p=51131"},"modified":"2021-08-13T06:13:15","modified_gmt":"2021-08-13T06:13:15","slug":"w-kazaniu-tez-bylo-00-ale-w-dogrywce-lepszy-byl-rakow-i-awansowal-do-iv-rundy-pucharu-konferencji-uefa-bohaterem-vladan-kovacevic","status":"publish","type":"post","link":"https:\/\/gazetaregionalna.com\/?p=51131","title":{"rendered":"W Kazaniu te\u017c by\u0142o 0:0&#8230; Ale w dogrywce lepszy by\u0142 Rak\u00f3w i awansowa\u0142 do IV rundy Pucharu Konferencji UEFA!!! Bohaterem Vladan Kovacevi\u0107!"},"content":{"rendered":"\n<p>Pi\u0142karze Rakowa Cz\u0119stochowa zremisowali w czwartek w Kazaniu rewan\u017cowe spotkanie z Rubinem, ale po golu Vladislavsa Gutkovskisa okazali si\u0119 lepsi w dogrywce i wygrali 1:0. Dzi\u0119ki temu awansowali do IV rundy Pucharu Konferencji UEFA, gdzie zmierz\u0105 si\u0119 z belgijskim KAA Gent!!!<\/p>\n\n\n\n<p>Pi\u0142karze Rakowa do Kazania wylecieli w \u015brod\u0119 ok. godz. 12. P\u00f3\u017aniej lec\u0105c w przestrzeni powietrznej Litwy i \u0141otwy (omijaj\u0105c Bia\u0142oru\u015b) wlecieli do Rosji i po prawie 4 godzinach lotu wyl\u0105dowali w Kazaniu. Wieczorem pi\u0142karze Rakowa trenowali na Arenie Kaza\u0144, kt\u00f3ra mo\u017ce pomie\u015bci\u0107 45000 kibic\u00f3w. Oczywi\u015bcie z uwagi na obostrzenia fan\u00f3w by\u0142o zdecydowanie mniej.<\/p>\n\n\n\n<p>Pi\u0142karze Rakowa chc\u0105 w 2021 roku spe\u0142nia\u0107 kolejne marzenia i nie przestraszyli si\u0119 rywali, kt\u00f3rzy zdaniem fachowc\u00f3w byli faworytami rewan\u017cu. W Bielsku-Bia\u0142ej by\u0142 remis 0:0, cho\u0107 Rak\u00f3w przewa\u017ca\u0142 i mia\u0142 okazje na gole.<\/p>\n\n\n\n<p>W rewan\u017cu w Kazaniu walka toczy\u0142a si\u0119 o awans do IV i ostatniej rundy eliminacji Pucharu Konferencji UEFA. Cz\u0119stochowscy pi\u0142karze zagrali odwa\u017cnie i pr\u00f3bowali swoich szans w atakach. Nie przestraszyli si\u0119 lidera rosyjskiej Ekstraklasy. Rubin po 3 meczach ma komplet 3 zwyci\u0119stw i 9 punkt\u00f3w.<\/p>\n\n\n\n<p>Ju\u017c w 5. minucie gro\u017any strza\u0142 na bramk\u0119 gospodarzy odda\u0142 Hiszpan Ivi Lopez, ale bramkarz Rubina by\u0142 na posterunku. Wraz z up\u0142ywem czasu kibice byli \u015bwiadkami meczu rozgrywanego w szybkim tempie. Pi\u0142karze Rubina i Rakowa pr\u00f3bowali konstruowa\u0107 akcje, ale zawsze brakowa\u0142o precyzji i gole nie pad\u0142y. W ko\u0144c\u00f3wce pierwszej po\u0142owy na strza\u0142 zza pola karnego zdecydowa\u0142 si\u0119 Marko Poletanovi\u0107, ale golkiper gospodarzy z \u0142atwo\u015bci\u0105 obroni\u0142 uderzenie.<\/p>\n\n\n\n<p>W przerwie szkoleniowcy zespo\u0142\u00f3w nie zdecydowali si\u0119 na roszady i zespo\u0142y zacz\u0119\u0142y drug\u0105 po\u0142ow\u0119 w wyj\u015bciowych sk\u0142adach. Rak\u00f3w zacz\u0105\u0142 bardzo gro\u017anie i najwidoczniej chcia\u0142 szybko zaskoczy\u0107 rywali. Czerwono-niebiescy przeprowadzili 2-3 gro\u017ane akcje. Najlepsz\u0105 zmarnowa\u0142 w 52. minucie Ivi Lipez, kt\u00f3ry z 6 metr\u00f3w przestrzeli\u0142 nad bramk\u0119&#8230;Ale Rubin te\u017c by\u0142 gro\u017any. W 55. minucie by\u0142o zagro\u017cenie pod bramk\u0105 Rakowa.<\/p>\n\n\n\n<p>Druga po\u0142owa by\u0142a zdecydowanie lepsza i ciekawsza od pierwszych 45 minut. Obydwie dru\u017cyny postawi\u0142y na szybkie ataki. W 67. ponownie strzela\u0142 Ivi Lopez, ale pi\u0142ka wysz\u0142a na rzut ro\u017cny. Kolejne minuty nale\u017ca\u0142y do gospodarzy, kt\u00f3rzy przeprowadzili kilka rajd\u00f3w w pole karne Rakowa, ale na szcz\u0119\u015bcie umiej\u0119tnie zneutralizowanych przez cz\u0119stochowian.<\/p>\n\n\n\n<p>W 75. minucie trener Rakowa zdecydowa\u0142 si\u0119 na pierwsz\u0105 zmian\u0119. Za Mateusza Wdowiaka wszed\u0142 Wiktor D\u0142ugosz. Chwil\u0119 p\u00f3\u017aniej gro\u017anie strzela\u0142 Gruzin Khvicha Kvarataskhelia, kt\u00f3ry by\u0142 najja\u015bniejsz\u0105 postaci\u0105 w dru\u017cynie gospodarzy.<\/p>\n\n\n\n<p>Ostatnie 10 minut meczu to ostro\u017cna gra z obu stron. Pi\u0142karze my\u015blami byli ju\u017c najwyra\u017aniej przy dogrywce. Ale w 83. minucie po do\u015brodkowaniu z rzutu wolnego i g\u0142\u00f3wce, pi\u0142karzy Rakowa uratowa\u0142 s\u0142upek! Minut\u0119 p\u00f3\u017aniej na boisku pojawi\u0142 si\u0119 Vladislavs Gutkovskis, aby wzmocni\u0107 si\u0142\u0119 ataku. Gole jednak nie pad\u0142y i mecz zako\u0144czy\u0142 si\u0119 ponownie remisem 0:0. Dlatego w\u0119gierscy s\u0119dziowie oznajmili dogrywk\u0119. <\/p>\n\n\n\n<p>Dla Rakowa by\u0142 to czwarty mecz w europejskich pucharach i czwarty zako\u0144czony remisem 0:0! Dlatego kibice Rakowa liczyli na bramki czerwono-niebieskich w dogrywce&#8230;<\/p>\n\n\n\n<p>W 99. minucie z woleja strzela\u0142 D\u0142ugosz, ale strza\u0142 zosta\u0142 zablokowany. W 101. minucie w polu karnym Rubina upad\u0142 Gutkovskis, kt\u00f3ry m\u00f3g\u0142 by\u0107 podci\u0119ty przez jednego z rywali. Protestowali cz\u0119stochowianie, protestowali cz\u0119stochowscy trenerzy, ale s\u0119dzia z W\u0119gier by\u0142 nieugi\u0119ty. Szkoda, \u017ce na meczu nie by\u0142o VAR&#8230;<\/p>\n\n\n\n<p>Pierwsza cz\u0119\u015b\u0107 dogrywki te\u017c nie przynios\u0142a bramek, cho\u0107 Rak\u00f3w m\u00f3g\u0142 mie\u0107 rzut karny i obj\u0105\u0107 prowadzenie. O awansie mia\u0142y wi\u0119c przesadzi\u0107 ostatnie 15 minut dogrywki lub rzuty karne. <\/p>\n\n\n\n<p>Od 107. minuty Rak\u00f3w gra\u0142 w przewadze jednego zawodnika, bo z boiska za drug\u0105 \u017c\u00f3\u0142t\u0105 kartk\u0119 musia\u0142 zej\u015b\u0107 Samashnikov! <\/p>\n\n\n\n<p>W 111. minucie Rak\u00f3w zdoby\u0142 pierwsz\u0105 bramk\u0119 w europejskich pucharach. Jej autorem by\u0142 Gutkovskis, kt\u00f3ry popisa\u0142 si\u0119 pi\u0119kn\u0105 g\u0142\u00f3wk\u0105 z 5 metr\u00f3w. <\/p>\n\n\n\n<p>Gospodarze w 120. minucie mieli rzut karny, ale Vladan Kovacevi\u0107 obroni\u0142 karnego, a za chwil\u0119 s\u0119dzia zako\u0144czy\u0142 mecz&#8230;<\/p>\n\n\n\n<p>Pi\u0142karze Rakowa wygrali pierwszy raz w europejskich pucharach i mogli si\u0119 cieszy\u0107 z awansu do IV rundy Pucharu Konferencji UEFA, gdzie zmierz\u0105 si\u0119 belgijskim KAA Gent&#8230;<\/p>\n\n\n\n<p>Co za sezon Rakowa! Czwarty mecz w historii w europejskich pucharach i czwarty bez pora\u017cki&#8230;<\/p>\n\n\n\n<p><strong>Tekst:<\/strong> Marta-Rembielak-Kucharska, AK<\/p>\n\n\n\n<p><strong>Foto:<\/strong> Jakub Ziemianin(rakow.com)<\/p>\n\n\n\n<p><strong>Rubin Kaza\u0144 \u2013 Rak\u00f3w Cz\u0119stochowa 0:0 (0:0), 0:1<\/strong> po dogrywce <\/p>\n\n\n\n<p><strong>Rubin: <\/strong>Dyupin &#8211; Ignatyev (95. Zotov), Uremovi\u0107, Begi\u0107, Samashnikov, Jevti\u0107 (56. Musaev), Abildgaard, Hwang (106. Saito), Haksabanovi\u0107, Kostyukov (106. Ignatiev), Kvaratskhelia.<\/p>\n\n\n\n<p><strong>Rak\u00f3w:<\/strong> Kovacevi\u0107 &#8211; Arseni\u0107, Niewulis, Tudor, Papanikolau, Poletanovi\u0107 (97. Wydra), Kun (116. Rundi\u0107), Wdowiak (75. D\u0142ugosz), Ivi Lopez, Musiolik (84. Gutkovskis), Cebula (97. Szel\u0105gowski).<\/p>\n\n\n\n<figure class=\"wp-block-image size-large\"><img decoding=\"async\" width=\"1024\" height=\"683\" data-src=\"https:\/\/gazetaregionalna.com\/wp-content\/uploads\/2021\/08\/Rubin-Rakow-Jakuyb-Ziemianin-0-1024x683.jpg\" alt=\"\" class=\"wp-image-51114 lazyload\" data-srcset=\"https:\/\/gazetaregionalna.com\/wp-content\/uploads\/2021\/08\/Rubin-Rakow-Jakuyb-Ziemianin-0-1024x683.jpg 1024w, https:\/\/gazetaregionalna.com\/wp-content\/uploads\/2021\/08\/Rubin-Rakow-Jakuyb-Ziemianin-0-300x200.jpg 300w, https:\/\/gazetaregionalna.com\/wp-content\/uploads\/2021\/08\/Rubin-Rakow-Jakuyb-Ziemianin-0-768x512.jpg 768w, https:\/\/gazetaregionalna.com\/wp-content\/uploads\/2021\/08\/Rubin-Rakow-Jakuyb-Ziemianin-0-1536x1024.jpg 1536w, https:\/\/gazetaregionalna.com\/wp-content\/uploads\/2021\/08\/Rubin-Rakow-Jakuyb-Ziemianin-0-696x464.jpg 696w, https:\/\/gazetaregionalna.com\/wp-content\/uploads\/2021\/08\/Rubin-Rakow-Jakuyb-Ziemianin-0-1068x712.jpg 1068w, https:\/\/gazetaregionalna.com\/wp-content\/uploads\/2021\/08\/Rubin-Rakow-Jakuyb-Ziemianin-0-1920x1280.jpg 1920w, https:\/\/gazetaregionalna.com\/wp-content\/uploads\/2021\/08\/Rubin-Rakow-Jakuyb-Ziemianin-0-630x420.jpg 630w, https:\/\/gazetaregionalna.com\/wp-content\/uploads\/2021\/08\/Rubin-Rakow-Jakuyb-Ziemianin-0.jpg 1200w\" data-sizes=\"(max-width: 1024px) 100vw, 1024px\" src=\"data:image\/svg+xml;base64,PHN2ZyB3aWR0aD0iMSIgaGVpZ2h0PSIxIiB4bWxucz0iaHR0cDovL3d3dy53My5vcmcvMjAwMC9zdmciPjwvc3ZnPg==\" style=\"--smush-placeholder-width: 1024px; --smush-placeholder-aspect-ratio: 1024\/683;\" \/><figcaption>KAZAN 12.08.2021\nMECZ III RUNDA ELIMINACYJNA LIGA KONFERENCJI EUROPY SEZON 2021\/22: RUBIN KAZAN &#8211; RAKOW CZESTOCHOWA &#8212; UEFA EUROPA CONFERENCE LEAGUE QUALIFYING THIRD ROUND SECOND MATCH: RUBIN KAZAN &#8211; RAKOW CZESTOCHOWA\nANDRZEJ NIEWULIS \nFOT. JAKUB ZIEMIANIN\/ 400mm.pl<\/figcaption><\/figure>\n\n\n\n<figure class=\"wp-block-image size-large\"><img decoding=\"async\" width=\"683\" height=\"1024\" data-src=\"https:\/\/gazetaregionalna.com\/wp-content\/uploads\/2021\/08\/Rubin-Rakow-Jakuyb-Ziemianin-1-683x1024.jpg\" alt=\"\" class=\"wp-image-51115 lazyload\" data-srcset=\"https:\/\/gazetaregionalna.com\/wp-content\/uploads\/2021\/08\/Rubin-Rakow-Jakuyb-Ziemianin-1-683x1024.jpg 683w, https:\/\/gazetaregionalna.com\/wp-content\/uploads\/2021\/08\/Rubin-Rakow-Jakuyb-Ziemianin-1-200x300.jpg 200w, https:\/\/gazetaregionalna.com\/wp-content\/uploads\/2021\/08\/Rubin-Rakow-Jakuyb-Ziemianin-1-768x1152.jpg 768w, https:\/\/gazetaregionalna.com\/wp-content\/uploads\/2021\/08\/Rubin-Rakow-Jakuyb-Ziemianin-1-1024x1536.jpg 1024w, https:\/\/gazetaregionalna.com\/wp-content\/uploads\/2021\/08\/Rubin-Rakow-Jakuyb-Ziemianin-1-696x1044.jpg 696w, https:\/\/gazetaregionalna.com\/wp-content\/uploads\/2021\/08\/Rubin-Rakow-Jakuyb-Ziemianin-1-1068x1602.jpg 1068w, https:\/\/gazetaregionalna.com\/wp-content\/uploads\/2021\/08\/Rubin-Rakow-Jakuyb-Ziemianin-1-280x420.jpg 280w, https:\/\/gazetaregionalna.com\/wp-content\/uploads\/2021\/08\/Rubin-Rakow-Jakuyb-Ziemianin-1.jpg 1066w\" data-sizes=\"(max-width: 683px) 100vw, 683px\" src=\"data:image\/svg+xml;base64,PHN2ZyB3aWR0aD0iMSIgaGVpZ2h0PSIxIiB4bWxucz0iaHR0cDovL3d3dy53My5vcmcvMjAwMC9zdmciPjwvc3ZnPg==\" style=\"--smush-placeholder-width: 683px; --smush-placeholder-aspect-ratio: 683\/1024;\" \/><figcaption>KAZAN 12.08.2021\nMECZ III RUNDA ELIMINACYJNA LIGA KONFERENCJI EUROPY SEZON 2021\/22: RUBIN KAZAN &#8211; RAKOW CZESTOCHOWA &#8212; UEFA EUROPA CONFERENCE LEAGUE QUALIFYING THIRD ROUND SECOND MATCH: RUBIN KAZAN &#8211; RAKOW CZESTOCHOWA\nANDRZEJ NIEWULIS \nFOT. JAKUB ZIEMIANIN\/ 400mm.pl<\/figcaption><\/figure>\n\n\n\n<figure class=\"wp-block-image size-large\"><img decoding=\"async\" width=\"1024\" height=\"683\" data-src=\"https:\/\/gazetaregionalna.com\/wp-content\/uploads\/2021\/08\/Rubin-Rakow-Jakuyb-Ziemianin-2-1024x683.jpg\" alt=\"\" class=\"wp-image-51116 lazyload\" data-srcset=\"https:\/\/gazetaregionalna.com\/wp-content\/uploads\/2021\/08\/Rubin-Rakow-Jakuyb-Ziemianin-2-1024x683.jpg 1024w, https:\/\/gazetaregionalna.com\/wp-content\/uploads\/2021\/08\/Rubin-Rakow-Jakuyb-Ziemianin-2-300x200.jpg 300w, https:\/\/gazetaregionalna.com\/wp-content\/uploads\/2021\/08\/Rubin-Rakow-Jakuyb-Ziemianin-2-768x512.jpg 768w, https:\/\/gazetaregionalna.com\/wp-content\/uploads\/2021\/08\/Rubin-Rakow-Jakuyb-Ziemianin-2-1536x1024.jpg 1536w, https:\/\/gazetaregionalna.com\/wp-content\/uploads\/2021\/08\/Rubin-Rakow-Jakuyb-Ziemianin-2-696x464.jpg 696w, https:\/\/gazetaregionalna.com\/wp-content\/uploads\/2021\/08\/Rubin-Rakow-Jakuyb-Ziemianin-2-1068x712.jpg 1068w, https:\/\/gazetaregionalna.com\/wp-content\/uploads\/2021\/08\/Rubin-Rakow-Jakuyb-Ziemianin-2-1920x1280.jpg 1920w, https:\/\/gazetaregionalna.com\/wp-content\/uploads\/2021\/08\/Rubin-Rakow-Jakuyb-Ziemianin-2-630x420.jpg 630w, https:\/\/gazetaregionalna.com\/wp-content\/uploads\/2021\/08\/Rubin-Rakow-Jakuyb-Ziemianin-2.jpg 1200w\" data-sizes=\"(max-width: 1024px) 100vw, 1024px\" src=\"data:image\/svg+xml;base64,PHN2ZyB3aWR0aD0iMSIgaGVpZ2h0PSIxIiB4bWxucz0iaHR0cDovL3d3dy53My5vcmcvMjAwMC9zdmciPjwvc3ZnPg==\" style=\"--smush-placeholder-width: 1024px; --smush-placeholder-aspect-ratio: 1024\/683;\" \/><figcaption>KAZAN 12.08.2021\nMECZ III RUNDA ELIMINACYJNA LIGA KONFERENCJI EUROPY SEZON 2021\/22: RUBIN KAZAN &#8211; RAKOW CZESTOCHOWA &#8212; UEFA EUROPA CONFERENCE LEAGUE QUALIFYING THIRD ROUND SECOND MATCH: RUBIN KAZAN &#8211; RAKOW CZESTOCHOWA\nMARKO POLETANOVIC \nFOT. JAKUB ZIEMIANIN\/ 400mm.pl<\/figcaption><\/figure>\n\n\n\n<figure class=\"wp-block-image size-large\"><img decoding=\"async\" width=\"1024\" height=\"683\" data-src=\"https:\/\/gazetaregionalna.com\/wp-content\/uploads\/2021\/08\/Rubin-Rakow-Jakuyb-Ziemianin-3-1024x683.jpg\" alt=\"\" class=\"wp-image-51117 lazyload\" data-srcset=\"https:\/\/gazetaregionalna.com\/wp-content\/uploads\/2021\/08\/Rubin-Rakow-Jakuyb-Ziemianin-3-1024x683.jpg 1024w, https:\/\/gazetaregionalna.com\/wp-content\/uploads\/2021\/08\/Rubin-Rakow-Jakuyb-Ziemianin-3-300x200.jpg 300w, https:\/\/gazetaregionalna.com\/wp-content\/uploads\/2021\/08\/Rubin-Rakow-Jakuyb-Ziemianin-3-768x512.jpg 768w, https:\/\/gazetaregionalna.com\/wp-content\/uploads\/2021\/08\/Rubin-Rakow-Jakuyb-Ziemianin-3-1536x1024.jpg 1536w, https:\/\/gazetaregionalna.com\/wp-content\/uploads\/2021\/08\/Rubin-Rakow-Jakuyb-Ziemianin-3-696x464.jpg 696w, https:\/\/gazetaregionalna.com\/wp-content\/uploads\/2021\/08\/Rubin-Rakow-Jakuyb-Ziemianin-3-1068x712.jpg 1068w, https:\/\/gazetaregionalna.com\/wp-content\/uploads\/2021\/08\/Rubin-Rakow-Jakuyb-Ziemianin-3-1920x1280.jpg 1920w, https:\/\/gazetaregionalna.com\/wp-content\/uploads\/2021\/08\/Rubin-Rakow-Jakuyb-Ziemianin-3-630x420.jpg 630w, https:\/\/gazetaregionalna.com\/wp-content\/uploads\/2021\/08\/Rubin-Rakow-Jakuyb-Ziemianin-3.jpg 1200w\" data-sizes=\"(max-width: 1024px) 100vw, 1024px\" src=\"data:image\/svg+xml;base64,PHN2ZyB3aWR0aD0iMSIgaGVpZ2h0PSIxIiB4bWxucz0iaHR0cDovL3d3dy53My5vcmcvMjAwMC9zdmciPjwvc3ZnPg==\" style=\"--smush-placeholder-width: 1024px; --smush-placeholder-aspect-ratio: 1024\/683;\" \/><figcaption>KAZAN 12.08.2021\nMECZ III RUNDA ELIMINACYJNA LIGA KONFERENCJI EUROPY SEZON 2021\/22: RUBIN KAZAN &#8211; RAKOW CZESTOCHOWA &#8212; UEFA EUROPA CONFERENCE LEAGUE QUALIFYING THIRD ROUND SECOND MATCH: RUBIN KAZAN &#8211; RAKOW CZESTOCHOWA\nIVAN LOPEZ IVI \nFOT. JAKUB ZIEMIANIN\/ 400mm.pl<\/figcaption><\/figure>\n\n\n\n<figure class=\"wp-block-image size-large\"><img decoding=\"async\" width=\"1024\" height=\"683\" data-src=\"https:\/\/gazetaregionalna.com\/wp-content\/uploads\/2021\/08\/Rubin-Rakow-Jakuyb-Ziemianin-5-1024x683.jpg\" alt=\"\" class=\"wp-image-51119 lazyload\" data-srcset=\"https:\/\/gazetaregionalna.com\/wp-content\/uploads\/2021\/08\/Rubin-Rakow-Jakuyb-Ziemianin-5-1024x683.jpg 1024w, https:\/\/gazetaregionalna.com\/wp-content\/uploads\/2021\/08\/Rubin-Rakow-Jakuyb-Ziemianin-5-300x200.jpg 300w, https:\/\/gazetaregionalna.com\/wp-content\/uploads\/2021\/08\/Rubin-Rakow-Jakuyb-Ziemianin-5-768x512.jpg 768w, https:\/\/gazetaregionalna.com\/wp-content\/uploads\/2021\/08\/Rubin-Rakow-Jakuyb-Ziemianin-5-1536x1024.jpg 1536w, https:\/\/gazetaregionalna.com\/wp-content\/uploads\/2021\/08\/Rubin-Rakow-Jakuyb-Ziemianin-5-696x464.jpg 696w, https:\/\/gazetaregionalna.com\/wp-content\/uploads\/2021\/08\/Rubin-Rakow-Jakuyb-Ziemianin-5-1068x712.jpg 1068w, https:\/\/gazetaregionalna.com\/wp-content\/uploads\/2021\/08\/Rubin-Rakow-Jakuyb-Ziemianin-5-1920x1280.jpg 1920w, https:\/\/gazetaregionalna.com\/wp-content\/uploads\/2021\/08\/Rubin-Rakow-Jakuyb-Ziemianin-5-630x420.jpg 630w, https:\/\/gazetaregionalna.com\/wp-content\/uploads\/2021\/08\/Rubin-Rakow-Jakuyb-Ziemianin-5.jpg 1200w\" data-sizes=\"(max-width: 1024px) 100vw, 1024px\" src=\"data:image\/svg+xml;base64,PHN2ZyB3aWR0aD0iMSIgaGVpZ2h0PSIxIiB4bWxucz0iaHR0cDovL3d3dy53My5vcmcvMjAwMC9zdmciPjwvc3ZnPg==\" style=\"--smush-placeholder-width: 1024px; --smush-placeholder-aspect-ratio: 1024\/683;\" \/><figcaption>KAZAN 12.08.2021\nMECZ III RUNDA ELIMINACYJNA LIGA KONFERENCJI EUROPY SEZON 2021\/22: RUBIN KAZAN &#8211; RAKOW CZESTOCHOWA &#8212; UEFA EUROPA CONFERENCE LEAGUE QUALIFYING THIRD ROUND SECOND MATCH: RUBIN KAZAN &#8211; RAKOW CZESTOCHOWA\nMARKO POLETANOVIC \nFOT. JAKUB ZIEMIANIN\/ 400mm.pl<\/figcaption><\/figure>\n\n\n\n<figure class=\"wp-block-image size-large\"><img decoding=\"async\" width=\"1024\" height=\"683\" data-src=\"https:\/\/gazetaregionalna.com\/wp-content\/uploads\/2021\/08\/Rubin-Rakow-Jakuyb-Ziemianin-4-1024x683.jpg\" alt=\"\" class=\"wp-image-51118 lazyload\" data-srcset=\"https:\/\/gazetaregionalna.com\/wp-content\/uploads\/2021\/08\/Rubin-Rakow-Jakuyb-Ziemianin-4-1024x683.jpg 1024w, https:\/\/gazetaregionalna.com\/wp-content\/uploads\/2021\/08\/Rubin-Rakow-Jakuyb-Ziemianin-4-300x200.jpg 300w, https:\/\/gazetaregionalna.com\/wp-content\/uploads\/2021\/08\/Rubin-Rakow-Jakuyb-Ziemianin-4-768x512.jpg 768w, https:\/\/gazetaregionalna.com\/wp-content\/uploads\/2021\/08\/Rubin-Rakow-Jakuyb-Ziemianin-4-1536x1024.jpg 1536w, https:\/\/gazetaregionalna.com\/wp-content\/uploads\/2021\/08\/Rubin-Rakow-Jakuyb-Ziemianin-4-696x464.jpg 696w, https:\/\/gazetaregionalna.com\/wp-content\/uploads\/2021\/08\/Rubin-Rakow-Jakuyb-Ziemianin-4-1068x712.jpg 1068w, https:\/\/gazetaregionalna.com\/wp-content\/uploads\/2021\/08\/Rubin-Rakow-Jakuyb-Ziemianin-4-1920x1280.jpg 1920w, https:\/\/gazetaregionalna.com\/wp-content\/uploads\/2021\/08\/Rubin-Rakow-Jakuyb-Ziemianin-4-630x420.jpg 630w, https:\/\/gazetaregionalna.com\/wp-content\/uploads\/2021\/08\/Rubin-Rakow-Jakuyb-Ziemianin-4.jpg 1200w\" data-sizes=\"(max-width: 1024px) 100vw, 1024px\" src=\"data:image\/svg+xml;base64,PHN2ZyB3aWR0aD0iMSIgaGVpZ2h0PSIxIiB4bWxucz0iaHR0cDovL3d3dy53My5vcmcvMjAwMC9zdmciPjwvc3ZnPg==\" style=\"--smush-placeholder-width: 1024px; --smush-placeholder-aspect-ratio: 1024\/683;\" \/><figcaption>KAZAN 12.08.2021\nMECZ III RUNDA ELIMINACYJNA LIGA KONFERENCJI EUROPY SEZON 2021\/22: RUBIN KAZAN &#8211; RAKOW CZESTOCHOWA &#8212; UEFA EUROPA CONFERENCE LEAGUE QUALIFYING THIRD ROUND SECOND MATCH: RUBIN KAZAN &#8211; RAKOW CZESTOCHOWA\nMARCIN CEBULA \nFOT. JAKUB ZIEMIANIN\/ 400mm.pl<\/figcaption><\/figure>\n","protected":false},"excerpt":{"rendered":"<p>Pi\u0142karze Rakowa Cz\u0119stochowa zremisowali w czwartek w Kazaniu rewan\u017cowe spotkanie z Rubinem, ale po golu Vladislavsa Gutkovskisa okazali si\u0119 lepsi w dogrywce i wygrali<\/p>\n","protected":false},"author":15,"featured_media":51117,"comment_status":"open","ping_status":"open","sticky":false,"template":"","format":"standard","meta":{"_monsterinsights_skip_tracking":false,"_monsterinsights_sitenote_active":false,"_monsterinsights_sitenote_note":"","_monsterinsights_sitenote_category":0,"_uf_show_specific_survey":0,"_uf_disable_surveys":false,"footnotes":""},"categories":[94,6,5],"tags":[],"class_list":["post-51131","post","type-post","status-publish","format-standard","has-post-thumbnail","hentry","category-polecane","category-pilka-nozna","category-sport"],"_links":{"self":[{"href":"https:\/\/gazetaregionalna.com\/index.php?rest_route=\/wp\/v2\/posts\/51131","targetHints":{"allow":["GET"]}}],"collection":[{"href":"https:\/\/gazetaregionalna.com\/index.php?rest_route=\/wp\/v2\/posts"}],"about":[{"href":"https:\/\/gazetaregionalna.com\/index.php?rest_route=\/wp\/v2\/types\/post"}],"author":[{"embeddable":true,"href":"https:\/\/gazetaregionalna.com\/index.php?rest_route=\/wp\/v2\/users\/15"}],"replies":[{"embeddable":true,"href":"https:\/\/gazetaregionalna.com\/index.php?rest_route=%2Fwp%2Fv2%2Fcomments&post=51131"}],"version-history":[{"count":5,"href":"https:\/\/gazetaregionalna.com\/index.php?rest_route=\/wp\/v2\/posts\/51131\/revisions"}],"predecessor-version":[{"id":51237,"href":"https:\/\/gazetaregionalna.com\/index.php?rest_route=\/wp\/v2\/posts\/51131\/revisions\/51237"}],"wp:featuredmedia":[{"embeddable":true,"href":"https:\/\/gazetaregionalna.com\/index.php?rest_route=\/wp\/v2\/media\/51117"}],"wp:attachment":[{"href":"https:\/\/gazetaregionalna.com\/index.php?rest_route=%2Fwp%2Fv2%2Fmedia&parent=51131"}],"wp:term":[{"taxonomy":"category","embeddable":true,"href":"https:\/\/gazetaregionalna.com\/index.php?rest_route=%2Fwp%2Fv2%2Fcategories&post=51131"},{"taxonomy":"post_tag","embeddable":true,"href":"https:\/\/gazetaregionalna.com\/index.php?rest_route=%2Fwp%2Fv2%2Ftags&post=51131"}],"curies":[{"name":"wp","href":"https:\/\/api.w.org\/{rel}","templated":true}]}}