{"id":51112,"date":"2021-08-12T16:47:25","date_gmt":"2021-08-12T16:47:25","guid":{"rendered":"https:\/\/gazetaregionalna.com\/?p=51112"},"modified":"2021-08-12T16:47:25","modified_gmt":"2021-08-12T16:47:25","slug":"w-kazaniu-po-45-minutach-rubin-remisuje-z-rakowem-00","status":"publish","type":"post","link":"https:\/\/gazetaregionalna.com\/?p=51112","title":{"rendered":"W Kazaniu po 45 minutach Rubin remisuje z Rakowem 0:0"},"content":{"rendered":"\n<p>O godz. 18 w Kazaniu pi\u0142karze Rakowa rozpocz\u0119li rewan\u017cowe spotkanie III rundy Pucharu Konferencji UEFA z Rubinem. Do przerwy kibice nie zobaczyli bramek i pi\u0142karze zeszli na przerw\u0119 przy remisie 0:0.<\/p>\n\n\n\n<p>W pierwszym meczu w Polsce by\u0142 remis 0:0. Po 45 minutach gry w Kazaniu te\u017c jest remis 0:0. Je\u015bli bramki nie padn\u0105 w 90 minutach to b\u0119dziemy \u015bwiadkami dogrywki. Kibice Rakowa licz\u0105 jednak, \u017ce cz\u0119stochowianie wywioz\u0105 z Roski zwyci\u0119stwo i awans do IV rundy&#8230;<\/p>\n\n\n\n<p>Na relacj\u0119 z meczu zapraszamy po zako\u0144czeniu spotkania na serwisy \u201eGazety Regionalnej\u201d.<\/p>\n\n\n\n<p><strong>Rubin Kaza\u0144 \u2013 Rak\u00f3w Cz\u0119stochowa<\/strong> <strong>0:0<\/strong><\/p>\n\n\n\n<p><strong>Rak\u00f3w:<\/strong> Kovacevi\u0107 \u2013 Arseni\u0107, Niewulis, Tudor, Papanikolau, Poletanovi\u0107, Kun, Wdowiak, Ivi Lopez, Musiolik, Cebula.<\/p>\n\n\n\n<p>MR-K<\/p>\n\n\n\n<p>Foto: Karol Pi\u0105tek<\/p>\n\n\n\n<figure class=\"wp-block-image size-large\"><img decoding=\"async\" width=\"960\" height=\"455\" data-src=\"https:\/\/gazetaregionalna.com\/wp-content\/uploads\/2021\/08\/Rubin-4.jpg\" alt=\"\" class=\"wp-image-51110 lazyload\" data-srcset=\"https:\/\/gazetaregionalna.com\/wp-content\/uploads\/2021\/08\/Rubin-4.jpg 960w, https:\/\/gazetaregionalna.com\/wp-content\/uploads\/2021\/08\/Rubin-4-300x142.jpg 300w, https:\/\/gazetaregionalna.com\/wp-content\/uploads\/2021\/08\/Rubin-4-768x364.jpg 768w, https:\/\/gazetaregionalna.com\/wp-content\/uploads\/2021\/08\/Rubin-4-696x330.jpg 696w, https:\/\/gazetaregionalna.com\/wp-content\/uploads\/2021\/08\/Rubin-4-886x420.jpg 886w\" data-sizes=\"(max-width: 960px) 100vw, 960px\" src=\"data:image\/svg+xml;base64,PHN2ZyB3aWR0aD0iMSIgaGVpZ2h0PSIxIiB4bWxucz0iaHR0cDovL3d3dy53My5vcmcvMjAwMC9zdmciPjwvc3ZnPg==\" style=\"--smush-placeholder-width: 960px; --smush-placeholder-aspect-ratio: 960\/455;\" \/><\/figure>\n\n\n\n<figure class=\"wp-block-image size-large\"><img decoding=\"async\" width=\"960\" height=\"454\" data-src=\"https:\/\/gazetaregionalna.com\/wp-content\/uploads\/2021\/08\/Rubin-5.jpg\" alt=\"\" class=\"wp-image-51111 lazyload\" data-srcset=\"https:\/\/gazetaregionalna.com\/wp-content\/uploads\/2021\/08\/Rubin-5.jpg 960w, https:\/\/gazetaregionalna.com\/wp-content\/uploads\/2021\/08\/Rubin-5-300x142.jpg 300w, https:\/\/gazetaregionalna.com\/wp-content\/uploads\/2021\/08\/Rubin-5-768x363.jpg 768w, https:\/\/gazetaregionalna.com\/wp-content\/uploads\/2021\/08\/Rubin-5-696x329.jpg 696w, https:\/\/gazetaregionalna.com\/wp-content\/uploads\/2021\/08\/Rubin-5-888x420.jpg 888w\" data-sizes=\"(max-width: 960px) 100vw, 960px\" src=\"data:image\/svg+xml;base64,PHN2ZyB3aWR0aD0iMSIgaGVpZ2h0PSIxIiB4bWxucz0iaHR0cDovL3d3dy53My5vcmcvMjAwMC9zdmciPjwvc3ZnPg==\" style=\"--smush-placeholder-width: 960px; --smush-placeholder-aspect-ratio: 960\/454;\" \/><\/figure>\n\n\n\n<figure class=\"wp-block-image size-large\"><img decoding=\"async\" width=\"960\" height=\"455\" data-src=\"https:\/\/gazetaregionalna.com\/wp-content\/uploads\/2021\/08\/Rubin-3.jpg\" alt=\"\" class=\"wp-image-51109 lazyload\" data-srcset=\"https:\/\/gazetaregionalna.com\/wp-content\/uploads\/2021\/08\/Rubin-3.jpg 960w, https:\/\/gazetaregionalna.com\/wp-content\/uploads\/2021\/08\/Rubin-3-300x142.jpg 300w, https:\/\/gazetaregionalna.com\/wp-content\/uploads\/2021\/08\/Rubin-3-768x364.jpg 768w, https:\/\/gazetaregionalna.com\/wp-content\/uploads\/2021\/08\/Rubin-3-696x330.jpg 696w, https:\/\/gazetaregionalna.com\/wp-content\/uploads\/2021\/08\/Rubin-3-886x420.jpg 886w\" data-sizes=\"(max-width: 960px) 100vw, 960px\" src=\"data:image\/svg+xml;base64,PHN2ZyB3aWR0aD0iMSIgaGVpZ2h0PSIxIiB4bWxucz0iaHR0cDovL3d3dy53My5vcmcvMjAwMC9zdmciPjwvc3ZnPg==\" style=\"--smush-placeholder-width: 960px; --smush-placeholder-aspect-ratio: 960\/455;\" \/><\/figure>\n\n\n\n<figure class=\"wp-block-image size-large\"><img decoding=\"async\" width=\"960\" height=\"454\" data-src=\"https:\/\/gazetaregionalna.com\/wp-content\/uploads\/2021\/08\/Rubin-2.jpg\" alt=\"\" class=\"wp-image-51108 lazyload\" data-srcset=\"https:\/\/gazetaregionalna.com\/wp-content\/uploads\/2021\/08\/Rubin-2.jpg 960w, https:\/\/gazetaregionalna.com\/wp-content\/uploads\/2021\/08\/Rubin-2-300x142.jpg 300w, https:\/\/gazetaregionalna.com\/wp-content\/uploads\/2021\/08\/Rubin-2-768x363.jpg 768w, https:\/\/gazetaregionalna.com\/wp-content\/uploads\/2021\/08\/Rubin-2-696x329.jpg 696w, https:\/\/gazetaregionalna.com\/wp-content\/uploads\/2021\/08\/Rubin-2-888x420.jpg 888w\" data-sizes=\"(max-width: 960px) 100vw, 960px\" src=\"data:image\/svg+xml;base64,PHN2ZyB3aWR0aD0iMSIgaGVpZ2h0PSIxIiB4bWxucz0iaHR0cDovL3d3dy53My5vcmcvMjAwMC9zdmciPjwvc3ZnPg==\" style=\"--smush-placeholder-width: 960px; --smush-placeholder-aspect-ratio: 960\/454;\" \/><\/figure>\n\n\n\n<figure class=\"wp-block-image size-large\"><img decoding=\"async\" width=\"960\" height=\"454\" data-src=\"https:\/\/gazetaregionalna.com\/wp-content\/uploads\/2021\/08\/Rubin-1.jpg\" alt=\"\" class=\"wp-image-51107 lazyload\" data-srcset=\"https:\/\/gazetaregionalna.com\/wp-content\/uploads\/2021\/08\/Rubin-1.jpg 960w, https:\/\/gazetaregionalna.com\/wp-content\/uploads\/2021\/08\/Rubin-1-300x142.jpg 300w, https:\/\/gazetaregionalna.com\/wp-content\/uploads\/2021\/08\/Rubin-1-768x363.jpg 768w, https:\/\/gazetaregionalna.com\/wp-content\/uploads\/2021\/08\/Rubin-1-696x329.jpg 696w, https:\/\/gazetaregionalna.com\/wp-content\/uploads\/2021\/08\/Rubin-1-888x420.jpg 888w\" data-sizes=\"(max-width: 960px) 100vw, 960px\" src=\"data:image\/svg+xml;base64,PHN2ZyB3aWR0aD0iMSIgaGVpZ2h0PSIxIiB4bWxucz0iaHR0cDovL3d3dy53My5vcmcvMjAwMC9zdmciPjwvc3ZnPg==\" style=\"--smush-placeholder-width: 960px; --smush-placeholder-aspect-ratio: 960\/454;\" \/><\/figure>\n\n\n\n<figure class=\"wp-block-image size-large\"><img decoding=\"async\" width=\"960\" height=\"454\" data-src=\"https:\/\/gazetaregionalna.com\/wp-content\/uploads\/2021\/08\/Rubin-0.jpg\" alt=\"\" class=\"wp-image-51106 lazyload\" data-srcset=\"https:\/\/gazetaregionalna.com\/wp-content\/uploads\/2021\/08\/Rubin-0.jpg 960w, https:\/\/gazetaregionalna.com\/wp-content\/uploads\/2021\/08\/Rubin-0-300x142.jpg 300w, https:\/\/gazetaregionalna.com\/wp-content\/uploads\/2021\/08\/Rubin-0-768x363.jpg 768w, https:\/\/gazetaregionalna.com\/wp-content\/uploads\/2021\/08\/Rubin-0-696x329.jpg 696w, https:\/\/gazetaregionalna.com\/wp-content\/uploads\/2021\/08\/Rubin-0-888x420.jpg 888w\" data-sizes=\"(max-width: 960px) 100vw, 960px\" src=\"data:image\/svg+xml;base64,PHN2ZyB3aWR0aD0iMSIgaGVpZ2h0PSIxIiB4bWxucz0iaHR0cDovL3d3dy53My5vcmcvMjAwMC9zdmciPjwvc3ZnPg==\" style=\"--smush-placeholder-width: 960px; --smush-placeholder-aspect-ratio: 960\/454;\" \/><\/figure>\n","protected":false},"excerpt":{"rendered":"<p>O godz. 18 w Kazaniu pi\u0142karze Rakowa rozpocz\u0119li rewan\u017cowe spotkanie III rundy Pucharu Konferencji UEFA z Rubinem. Do przerwy kibice nie zobaczyli bramek i<\/p>\n","protected":false},"author":15,"featured_media":51106,"comment_status":"open","ping_status":"open","sticky":false,"template":"","format":"standard","meta":{"_monsterinsights_skip_tracking":false,"_monsterinsights_sitenote_active":false,"_monsterinsights_sitenote_note":"","_monsterinsights_sitenote_category":0,"_uf_show_specific_survey":0,"_uf_disable_surveys":false,"footnotes":""},"categories":[5,6],"tags":[],"class_list":["post-51112","post","type-post","status-publish","format-standard","has-post-thumbnail","hentry","category-sport","category-pilka-nozna"],"_links":{"self":[{"href":"https:\/\/gazetaregionalna.com\/index.php?rest_route=\/wp\/v2\/posts\/51112","targetHints":{"allow":["GET"]}}],"collection":[{"href":"https:\/\/gazetaregionalna.com\/index.php?rest_route=\/wp\/v2\/posts"}],"about":[{"href":"https:\/\/gazetaregionalna.com\/index.php?rest_route=\/wp\/v2\/types\/post"}],"author":[{"embeddable":true,"href":"https:\/\/gazetaregionalna.com\/index.php?rest_route=\/wp\/v2\/users\/15"}],"replies":[{"embeddable":true,"href":"https:\/\/gazetaregionalna.com\/index.php?rest_route=%2Fwp%2Fv2%2Fcomments&post=51112"}],"version-history":[{"count":1,"href":"https:\/\/gazetaregionalna.com\/index.php?rest_route=\/wp\/v2\/posts\/51112\/revisions"}],"predecessor-version":[{"id":51113,"href":"https:\/\/gazetaregionalna.com\/index.php?rest_route=\/wp\/v2\/posts\/51112\/revisions\/51113"}],"wp:featuredmedia":[{"embeddable":true,"href":"https:\/\/gazetaregionalna.com\/index.php?rest_route=\/wp\/v2\/media\/51106"}],"wp:attachment":[{"href":"https:\/\/gazetaregionalna.com\/index.php?rest_route=%2Fwp%2Fv2%2Fmedia&parent=51112"}],"wp:term":[{"taxonomy":"category","embeddable":true,"href":"https:\/\/gazetaregionalna.com\/index.php?rest_route=%2Fwp%2Fv2%2Fcategories&post=51112"},{"taxonomy":"post_tag","embeddable":true,"href":"https:\/\/gazetaregionalna.com\/index.php?rest_route=%2Fwp%2Fv2%2Ftags&post=51112"}],"curies":[{"name":"wp","href":"https:\/\/api.w.org\/{rel}","templated":true}]}}