{"id":50957,"date":"2021-08-11T19:38:14","date_gmt":"2021-08-11T19:38:14","guid":{"rendered":"https:\/\/gazetaregionalna.com\/?p=50957"},"modified":"2021-08-11T19:38:15","modified_gmt":"2021-08-11T19:38:15","slug":"rakow-w-srode-trenowal-w-kazaniu-czy-w-czwartek-awansuje-do-iv-rundy-eliminacji-pucharu-konferencji-uefa","status":"publish","type":"post","link":"https:\/\/gazetaregionalna.com\/?p=50957","title":{"rendered":"Rak\u00f3w w \u015brod\u0119 trenowa\u0142 w Kazaniu. Czy w czwartek awansuje do IV rundy eliminacji Pucharu Konferencji UEFA?"},"content":{"rendered":"\n<p>Pi\u0142karze Rakowa Cz\u0119stochowa w \u015brod\u0119 wylecieli do Kazania, gdzie w czwartek rozegraj\u0105 rewan\u017cowe spotkanie z Rubinem. Cz\u0119stochowianie wyl\u0105dowali o godz. 16 i s\u0105 ju\u017c po treningu. Pierwszy mecz III rundy eliminacji Pucharu Konferencji UEFA zako\u0144czy\u0142 si\u0119 remisem 0:0, a jak b\u0119dzie w czwartek?<\/p>\n\n\n\n<p>Pi\u0142karze Rakowa w europejskich pucharach zadebiutowali w II rundzie eliminacji Pucharu Konferencji. Cz\u0119stochowianie zremisowali na Litwie z FK Suduva Marijampole 0:0. W rewan\u017cu z Bielsku Bia\u0142ej te\u017c by\u0142 bezbramkowy remis, ale Rak\u00f3w awansowa\u0142 po serii rzut\u00f3w karnych.<\/p>\n\n\n\n<p>W pierwszym meczu III rundy eliminacji Pucharu Konferencji UEFA czerwono-niebiescy po dobrym spotkaniu zremisowali \u201eu siebie\u201d z Rubinem Kaza\u0144 0:0. Podopieczni trenera Marka Papszuna w czwartek rozegraj\u0105 w Kazaniu rewan\u017c. Kibice Rakowa nie maj\u0105 nic przeciwko, aby mecz zako\u0144czy\u0142 si\u0119 ponownym remisem 0:0, a cz\u0119stochowianie awansowaliby do IV rundy po dogrywce lub rzutach karnych&#8230;<\/p>\n\n\n\n<p>Rak\u00f3w w niedziel\u0119 po rewelacyjnym spotkaniu wygra\u0142 w Krakowie z Wis\u0142\u0105 2:1. Czerwono-niebiescy pokazali charakter. W drugiej po\u0142owie grali w os\u0142abieniu i przegrywali 0:1. Rak\u00f3w potrafi\u0142 w dziesi\u0119ciu strzeli\u0107 Wi\u015ble dwie bramki i wygra\u0107 cenne spotkanie.<\/p>\n\n\n\n<p>Je\u015bli cz\u0119stochowscy pi\u0142karze z takim samy charakterem i determinacj\u0105 zagraj\u0105 w Kazaniu to awans do IV i ostatniej rundy eliminacji jest bardzo realny.<\/p>\n\n\n\n<p>Rak\u00f3w do Cz\u0119stochowy wr\u00f3ci w pi\u0105tek, a ju\u017c w niedziel\u0119 o godz. 15 zagra przy Limanowskiego 83 mecz IV kolejki PKO BP Ekstraklasy z Radomiakiem Radom. Spotkanie odb\u0119dzie si\u0119 z udzia\u0142em kibic\u00f3w, a klub zach\u0119ca do zakupu wej\u015bci\u00f3wek.<\/p>\n\n\n\n<p>AK<\/p>\n\n\n\n<p>Foto: Karol Pi\u0105tek<\/p>\n\n\n\n<figure class=\"wp-block-image size-large\"><img decoding=\"async\" width=\"960\" height=\"454\" data-src=\"https:\/\/gazetaregionalna.com\/wp-content\/uploads\/2021\/08\/Kazan-6.jpg\" alt=\"\" class=\"wp-image-50963 lazyload\" data-srcset=\"https:\/\/gazetaregionalna.com\/wp-content\/uploads\/2021\/08\/Kazan-6.jpg 960w, https:\/\/gazetaregionalna.com\/wp-content\/uploads\/2021\/08\/Kazan-6-300x142.jpg 300w, https:\/\/gazetaregionalna.com\/wp-content\/uploads\/2021\/08\/Kazan-6-768x363.jpg 768w, https:\/\/gazetaregionalna.com\/wp-content\/uploads\/2021\/08\/Kazan-6-696x329.jpg 696w, https:\/\/gazetaregionalna.com\/wp-content\/uploads\/2021\/08\/Kazan-6-888x420.jpg 888w\" data-sizes=\"(max-width: 960px) 100vw, 960px\" src=\"data:image\/svg+xml;base64,PHN2ZyB3aWR0aD0iMSIgaGVpZ2h0PSIxIiB4bWxucz0iaHR0cDovL3d3dy53My5vcmcvMjAwMC9zdmciPjwvc3ZnPg==\" style=\"--smush-placeholder-width: 960px; --smush-placeholder-aspect-ratio: 960\/454;\" \/><\/figure>\n\n\n\n<figure class=\"wp-block-image size-large\"><img decoding=\"async\" width=\"960\" height=\"454\" data-src=\"https:\/\/gazetaregionalna.com\/wp-content\/uploads\/2021\/08\/Kazan-5.jpg\" alt=\"\" class=\"wp-image-50962 lazyload\" data-srcset=\"https:\/\/gazetaregionalna.com\/wp-content\/uploads\/2021\/08\/Kazan-5.jpg 960w, https:\/\/gazetaregionalna.com\/wp-content\/uploads\/2021\/08\/Kazan-5-300x142.jpg 300w, https:\/\/gazetaregionalna.com\/wp-content\/uploads\/2021\/08\/Kazan-5-768x363.jpg 768w, https:\/\/gazetaregionalna.com\/wp-content\/uploads\/2021\/08\/Kazan-5-696x329.jpg 696w, https:\/\/gazetaregionalna.com\/wp-content\/uploads\/2021\/08\/Kazan-5-888x420.jpg 888w\" data-sizes=\"(max-width: 960px) 100vw, 960px\" src=\"data:image\/svg+xml;base64,PHN2ZyB3aWR0aD0iMSIgaGVpZ2h0PSIxIiB4bWxucz0iaHR0cDovL3d3dy53My5vcmcvMjAwMC9zdmciPjwvc3ZnPg==\" style=\"--smush-placeholder-width: 960px; --smush-placeholder-aspect-ratio: 960\/454;\" \/><\/figure>\n\n\n\n<figure class=\"wp-block-image size-large\"><img decoding=\"async\" width=\"960\" height=\"454\" data-src=\"https:\/\/gazetaregionalna.com\/wp-content\/uploads\/2021\/08\/Kazan-4.jpg\" alt=\"\" class=\"wp-image-50961 lazyload\" data-srcset=\"https:\/\/gazetaregionalna.com\/wp-content\/uploads\/2021\/08\/Kazan-4.jpg 960w, https:\/\/gazetaregionalna.com\/wp-content\/uploads\/2021\/08\/Kazan-4-300x142.jpg 300w, https:\/\/gazetaregionalna.com\/wp-content\/uploads\/2021\/08\/Kazan-4-768x363.jpg 768w, https:\/\/gazetaregionalna.com\/wp-content\/uploads\/2021\/08\/Kazan-4-696x329.jpg 696w, https:\/\/gazetaregionalna.com\/wp-content\/uploads\/2021\/08\/Kazan-4-888x420.jpg 888w\" data-sizes=\"(max-width: 960px) 100vw, 960px\" src=\"data:image\/svg+xml;base64,PHN2ZyB3aWR0aD0iMSIgaGVpZ2h0PSIxIiB4bWxucz0iaHR0cDovL3d3dy53My5vcmcvMjAwMC9zdmciPjwvc3ZnPg==\" style=\"--smush-placeholder-width: 960px; --smush-placeholder-aspect-ratio: 960\/454;\" \/><\/figure>\n\n\n\n<figure class=\"wp-block-image size-large\"><img decoding=\"async\" width=\"960\" height=\"540\" data-src=\"https:\/\/gazetaregionalna.com\/wp-content\/uploads\/2021\/08\/Kazan-3.jpg\" alt=\"\" class=\"wp-image-50960 lazyload\" data-srcset=\"https:\/\/gazetaregionalna.com\/wp-content\/uploads\/2021\/08\/Kazan-3.jpg 960w, https:\/\/gazetaregionalna.com\/wp-content\/uploads\/2021\/08\/Kazan-3-300x169.jpg 300w, https:\/\/gazetaregionalna.com\/wp-content\/uploads\/2021\/08\/Kazan-3-768x432.jpg 768w, https:\/\/gazetaregionalna.com\/wp-content\/uploads\/2021\/08\/Kazan-3-696x392.jpg 696w, https:\/\/gazetaregionalna.com\/wp-content\/uploads\/2021\/08\/Kazan-3-747x420.jpg 747w\" data-sizes=\"(max-width: 960px) 100vw, 960px\" src=\"data:image\/svg+xml;base64,PHN2ZyB3aWR0aD0iMSIgaGVpZ2h0PSIxIiB4bWxucz0iaHR0cDovL3d3dy53My5vcmcvMjAwMC9zdmciPjwvc3ZnPg==\" style=\"--smush-placeholder-width: 960px; --smush-placeholder-aspect-ratio: 960\/540;\" \/><\/figure>\n\n\n\n<figure class=\"wp-block-image size-large\"><img decoding=\"async\" width=\"960\" height=\"540\" data-src=\"https:\/\/gazetaregionalna.com\/wp-content\/uploads\/2021\/08\/Kazan-2.jpg\" alt=\"\" class=\"wp-image-50959 lazyload\" data-srcset=\"https:\/\/gazetaregionalna.com\/wp-content\/uploads\/2021\/08\/Kazan-2.jpg 960w, https:\/\/gazetaregionalna.com\/wp-content\/uploads\/2021\/08\/Kazan-2-300x169.jpg 300w, https:\/\/gazetaregionalna.com\/wp-content\/uploads\/2021\/08\/Kazan-2-768x432.jpg 768w, https:\/\/gazetaregionalna.com\/wp-content\/uploads\/2021\/08\/Kazan-2-696x392.jpg 696w, https:\/\/gazetaregionalna.com\/wp-content\/uploads\/2021\/08\/Kazan-2-747x420.jpg 747w\" data-sizes=\"(max-width: 960px) 100vw, 960px\" src=\"data:image\/svg+xml;base64,PHN2ZyB3aWR0aD0iMSIgaGVpZ2h0PSIxIiB4bWxucz0iaHR0cDovL3d3dy53My5vcmcvMjAwMC9zdmciPjwvc3ZnPg==\" style=\"--smush-placeholder-width: 960px; --smush-placeholder-aspect-ratio: 960\/540;\" \/><\/figure>\n\n\n\n<figure class=\"wp-block-image size-large\"><img decoding=\"async\" width=\"960\" height=\"455\" data-src=\"https:\/\/gazetaregionalna.com\/wp-content\/uploads\/2021\/08\/Kazan-1.jpg\" alt=\"\" class=\"wp-image-50958 lazyload\" data-srcset=\"https:\/\/gazetaregionalna.com\/wp-content\/uploads\/2021\/08\/Kazan-1.jpg 960w, https:\/\/gazetaregionalna.com\/wp-content\/uploads\/2021\/08\/Kazan-1-300x142.jpg 300w, https:\/\/gazetaregionalna.com\/wp-content\/uploads\/2021\/08\/Kazan-1-768x364.jpg 768w, https:\/\/gazetaregionalna.com\/wp-content\/uploads\/2021\/08\/Kazan-1-696x330.jpg 696w, https:\/\/gazetaregionalna.com\/wp-content\/uploads\/2021\/08\/Kazan-1-886x420.jpg 886w\" data-sizes=\"(max-width: 960px) 100vw, 960px\" src=\"data:image\/svg+xml;base64,PHN2ZyB3aWR0aD0iMSIgaGVpZ2h0PSIxIiB4bWxucz0iaHR0cDovL3d3dy53My5vcmcvMjAwMC9zdmciPjwvc3ZnPg==\" style=\"--smush-placeholder-width: 960px; --smush-placeholder-aspect-ratio: 960\/455;\" \/><\/figure>\n\n\n\n<p><\/p>\n","protected":false},"excerpt":{"rendered":"<p>Pi\u0142karze Rakowa Cz\u0119stochowa w \u015brod\u0119 wylecieli do Kazania, gdzie w czwartek rozegraj\u0105 rewan\u017cowe spotkanie z Rubinem. Cz\u0119stochowianie wyl\u0105dowali o godz. 16 i s\u0105 ju\u017c<\/p>\n","protected":false},"author":15,"featured_media":50963,"comment_status":"open","ping_status":"open","sticky":false,"template":"","format":"standard","meta":{"_monsterinsights_skip_tracking":false,"_monsterinsights_sitenote_active":false,"_monsterinsights_sitenote_note":"","_monsterinsights_sitenote_category":0,"_uf_show_specific_survey":0,"_uf_disable_surveys":false,"footnotes":""},"categories":[5,6,94],"tags":[],"class_list":["post-50957","post","type-post","status-publish","format-standard","has-post-thumbnail","hentry","category-sport","category-pilka-nozna","category-polecane"],"_links":{"self":[{"href":"https:\/\/gazetaregionalna.com\/index.php?rest_route=\/wp\/v2\/posts\/50957","targetHints":{"allow":["GET"]}}],"collection":[{"href":"https:\/\/gazetaregionalna.com\/index.php?rest_route=\/wp\/v2\/posts"}],"about":[{"href":"https:\/\/gazetaregionalna.com\/index.php?rest_route=\/wp\/v2\/types\/post"}],"author":[{"embeddable":true,"href":"https:\/\/gazetaregionalna.com\/index.php?rest_route=\/wp\/v2\/users\/15"}],"replies":[{"embeddable":true,"href":"https:\/\/gazetaregionalna.com\/index.php?rest_route=%2Fwp%2Fv2%2Fcomments&post=50957"}],"version-history":[{"count":1,"href":"https:\/\/gazetaregionalna.com\/index.php?rest_route=\/wp\/v2\/posts\/50957\/revisions"}],"predecessor-version":[{"id":50964,"href":"https:\/\/gazetaregionalna.com\/index.php?rest_route=\/wp\/v2\/posts\/50957\/revisions\/50964"}],"wp:featuredmedia":[{"embeddable":true,"href":"https:\/\/gazetaregionalna.com\/index.php?rest_route=\/wp\/v2\/media\/50963"}],"wp:attachment":[{"href":"https:\/\/gazetaregionalna.com\/index.php?rest_route=%2Fwp%2Fv2%2Fmedia&parent=50957"}],"wp:term":[{"taxonomy":"category","embeddable":true,"href":"https:\/\/gazetaregionalna.com\/index.php?rest_route=%2Fwp%2Fv2%2Fcategories&post=50957"},{"taxonomy":"post_tag","embeddable":true,"href":"https:\/\/gazetaregionalna.com\/index.php?rest_route=%2Fwp%2Fv2%2Ftags&post=50957"}],"curies":[{"name":"wp","href":"https:\/\/api.w.org\/{rel}","templated":true}]}}