{"id":50925,"date":"2021-08-12T06:48:13","date_gmt":"2021-08-12T06:48:13","guid":{"rendered":"https:\/\/gazetaregionalna.com\/?p=50925"},"modified":"2021-08-12T06:48:13","modified_gmt":"2021-08-12T06:48:13","slug":"przy-urzedzie-miejskim-powstala-zielona-sciana-samorzad-czestochowski-uhonorowal-takze-jerzyki","status":"publish","type":"post","link":"https:\/\/gazetaregionalna.com\/?p=50925","title":{"rendered":"Przy urz\u0119dzie miejskim powsta\u0142a zielona \u015bciana. Samorz\u0105d cz\u0119stochowski \u201euhonorowa\u0142\u201d tak\u017ce jerzyki"},"content":{"rendered":"\n<h2 class=\"wp-block-heading\">Przy urz\u0119dzie miejskim powsta\u0142a zielona \u015bciana. Samorz\u0105d cz\u0119stochowski \u201euhonorowa\u0142\u201d tak\u017ce jerzyki. Miasto pokazuje, jak dba o przyrod\u0119 i kocha natur\u0119.<\/h2>\n\n\n\n<p>Na bocznej elewacji g\u0142\u00f3wnego budynku Urz\u0119du Miasta Cz\u0119stochowy, od strony Pasa\u017cu Opolczyka powsta\u0142a zielona \u015bciana. Przy murze ustawiono konstrukcj\u0119, po kt\u00f3rej b\u0119d\u0105 si\u0119 pi\u0119\u0142y ro\u015bliny. To kolejny pomys\u0142 pokazuj\u0105cy, jak miasto dba o przyrod\u0119 i kocha natur\u0119.<\/p>\n\n\n\n<p>Zielona \u015bciana powsta\u0142a w ramach miejskiej akcji \u201eCz\u0119stozielona\u201d . Projekt polega na tworzeniu ciekawych miejsc w mie\u015bcie z udzia\u0142em prywatnych sponsor\u00f3w. W akcj\u0119 w\u0142\u0105czy\u0142y si\u0119 tak\u017ce cz\u0119stochowskie firmy: Jawo, Stoelzle, Wkr\u0119t-Met, Brembo czy Dawid. W ramach tej akcji siana by\u0142a w Cz\u0119stochowie \u0142\u0105ka, a przy Skwerze Solidarno\u015bci wyros\u0142y s\u0142oneczniki. Teraz po \u015bcianie magistratu pi\u0105\u0107 si\u0119 b\u0119d\u0105 ro\u015bliny.<\/p>\n\n\n\n<p>Na zielon\u0105 \u015bcian\u0119 urz\u0119du sk\u0142adaj\u0105 si\u0119: bluszcz pospolity oraz winobluszcz pi\u0119cioklapkowy, kt\u00f3re powinny da\u0107 efekt w postaci ciekawej kompozycji kolorystycznej. \u015aciana b\u0119dzie mie\u0107 ok. 15 m szeroko\u015bci oraz ponad 3 m wysoko\u015bci (na razie), z perspektyw\u0105 zwi\u0119kszenia wysoko\u015bci i do\u0142o\u017cenia kolejnych paneli, kiedy ro\u015bliny podrosn\u0105.<br>Miasto ma nadziej\u0119, \u017ce za jego przyk\u0142adem p\u00f3jd\u0105 inne instytucje i podobnie upi\u0119ksz\u0105 swoje gmachy.<\/p>\n\n\n\n<p>Nieopodal urz\u0119du, na Skwerze Solidarno\u015bci ustawiono natomiast tablic\u0119 informacyjna po\u015bwi\u0119cona jerzykom. W Cz\u0119stochowieod kilku lat wpierane s\u0105 te po\u017cyteczne ptaki, kt\u00f3re pomagaj\u0105 skutecznie walczy\u0107 mi\u0119dzy innymi z komarami. Aby w mie\u015bcie czu\u0142y si\u0119 dobrze, a ich populacja ros\u0142a, na budynkach u\u017cyteczno\u015bci publicznej oraz wielu prywatnych domach montowane s\u0105 dla tych ptak\u00f3w specjalne budki. W akcje miejskie na rzecz ptak\u00f3w w\u0142\u0105cza si\u0119 aktywnie grupa spo\u0142ecznik\u00f3w dzia\u0142aj\u0105ca pod szyldem \u201eAkcja Jerzyk w Dzielnicy Stradom.<\/p>\n\n\n\n<figure class=\"wp-block-gallery columns-3 is-cropped wp-block-gallery-1 is-layout-flex wp-block-gallery-is-layout-flex\"><ul class=\"blocks-gallery-grid\"><li class=\"blocks-gallery-item\"><figure><a href=\"https:\/\/gazetaregionalna.com\/wp-content\/uploads\/2021\/08\/sc1-scaled.jpg\"><img decoding=\"async\" width=\"1024\" height=\"768\" data-src=\"https:\/\/gazetaregionalna.com\/wp-content\/uploads\/2021\/08\/sc1-1024x768.jpg\" alt=\"\" data-id=\"50926\" data-full-url=\"https:\/\/gazetaregionalna.com\/wp-content\/uploads\/2021\/08\/sc1-scaled.jpg\" data-link=\"https:\/\/gazetaregionalna.com\/?attachment_id=50926\" class=\"wp-image-50926 lazyload\" data-srcset=\"https:\/\/gazetaregionalna.com\/wp-content\/uploads\/2021\/08\/sc1-1024x768.jpg 1024w, https:\/\/gazetaregionalna.com\/wp-content\/uploads\/2021\/08\/sc1-300x225.jpg 300w, https:\/\/gazetaregionalna.com\/wp-content\/uploads\/2021\/08\/sc1-768x576.jpg 768w, https:\/\/gazetaregionalna.com\/wp-content\/uploads\/2021\/08\/sc1-1536x1152.jpg 1536w, https:\/\/gazetaregionalna.com\/wp-content\/uploads\/2021\/08\/sc1-2048x1536.jpg 2048w, https:\/\/gazetaregionalna.com\/wp-content\/uploads\/2021\/08\/sc1-696x522.jpg 696w, https:\/\/gazetaregionalna.com\/wp-content\/uploads\/2021\/08\/sc1-1068x801.jpg 1068w, https:\/\/gazetaregionalna.com\/wp-content\/uploads\/2021\/08\/sc1-1920x1440.jpg 1920w, https:\/\/gazetaregionalna.com\/wp-content\/uploads\/2021\/08\/sc1-560x420.jpg 560w, https:\/\/gazetaregionalna.com\/wp-content\/uploads\/2021\/08\/sc1-80x60.jpg 80w, https:\/\/gazetaregionalna.com\/wp-content\/uploads\/2021\/08\/sc1-265x198.jpg 265w, https:\/\/gazetaregionalna.com\/wp-content\/uploads\/2021\/08\/sc1-scaled.jpg 1200w\" data-sizes=\"(max-width: 1024px) 100vw, 1024px\" src=\"data:image\/svg+xml;base64,PHN2ZyB3aWR0aD0iMSIgaGVpZ2h0PSIxIiB4bWxucz0iaHR0cDovL3d3dy53My5vcmcvMjAwMC9zdmciPjwvc3ZnPg==\" style=\"--smush-placeholder-width: 1024px; --smush-placeholder-aspect-ratio: 1024\/768;\" \/><\/a><\/figure><\/li><li class=\"blocks-gallery-item\"><figure><a href=\"https:\/\/gazetaregionalna.com\/wp-content\/uploads\/2021\/08\/sc2-scaled.jpg\"><img decoding=\"async\" width=\"768\" height=\"1024\" data-src=\"https:\/\/gazetaregionalna.com\/wp-content\/uploads\/2021\/08\/sc2-768x1024.jpg\" alt=\"\" data-id=\"50927\" data-full-url=\"https:\/\/gazetaregionalna.com\/wp-content\/uploads\/2021\/08\/sc2-scaled.jpg\" data-link=\"https:\/\/gazetaregionalna.com\/?attachment_id=50927\" class=\"wp-image-50927 lazyload\" data-srcset=\"https:\/\/gazetaregionalna.com\/wp-content\/uploads\/2021\/08\/sc2-768x1024.jpg 768w, https:\/\/gazetaregionalna.com\/wp-content\/uploads\/2021\/08\/sc2-225x300.jpg 225w, https:\/\/gazetaregionalna.com\/wp-content\/uploads\/2021\/08\/sc2-1152x1536.jpg 1152w, https:\/\/gazetaregionalna.com\/wp-content\/uploads\/2021\/08\/sc2-1536x2048.jpg 1536w, https:\/\/gazetaregionalna.com\/wp-content\/uploads\/2021\/08\/sc2-696x928.jpg 696w, https:\/\/gazetaregionalna.com\/wp-content\/uploads\/2021\/08\/sc2-1068x1424.jpg 1068w, https:\/\/gazetaregionalna.com\/wp-content\/uploads\/2021\/08\/sc2-1920x2560.jpg 1920w, https:\/\/gazetaregionalna.com\/wp-content\/uploads\/2021\/08\/sc2-315x420.jpg 315w, https:\/\/gazetaregionalna.com\/wp-content\/uploads\/2021\/08\/sc2-scaled.jpg 1200w\" data-sizes=\"(max-width: 768px) 100vw, 768px\" src=\"data:image\/svg+xml;base64,PHN2ZyB3aWR0aD0iMSIgaGVpZ2h0PSIxIiB4bWxucz0iaHR0cDovL3d3dy53My5vcmcvMjAwMC9zdmciPjwvc3ZnPg==\" style=\"--smush-placeholder-width: 768px; --smush-placeholder-aspect-ratio: 768\/1024;\" \/><\/a><\/figure><\/li><li class=\"blocks-gallery-item\"><figure><a href=\"https:\/\/gazetaregionalna.com\/wp-content\/uploads\/2021\/08\/sc4-scaled.jpg\"><img decoding=\"async\" width=\"1024\" height=\"768\" data-src=\"https:\/\/gazetaregionalna.com\/wp-content\/uploads\/2021\/08\/sc4-1024x768.jpg\" alt=\"\" data-id=\"50928\" data-full-url=\"https:\/\/gazetaregionalna.com\/wp-content\/uploads\/2021\/08\/sc4-scaled.jpg\" data-link=\"https:\/\/gazetaregionalna.com\/?attachment_id=50928\" class=\"wp-image-50928 lazyload\" data-srcset=\"https:\/\/gazetaregionalna.com\/wp-content\/uploads\/2021\/08\/sc4-1024x768.jpg 1024w, https:\/\/gazetaregionalna.com\/wp-content\/uploads\/2021\/08\/sc4-300x225.jpg 300w, https:\/\/gazetaregionalna.com\/wp-content\/uploads\/2021\/08\/sc4-768x576.jpg 768w, https:\/\/gazetaregionalna.com\/wp-content\/uploads\/2021\/08\/sc4-1536x1152.jpg 1536w, https:\/\/gazetaregionalna.com\/wp-content\/uploads\/2021\/08\/sc4-2048x1536.jpg 2048w, https:\/\/gazetaregionalna.com\/wp-content\/uploads\/2021\/08\/sc4-696x522.jpg 696w, https:\/\/gazetaregionalna.com\/wp-content\/uploads\/2021\/08\/sc4-1068x801.jpg 1068w, https:\/\/gazetaregionalna.com\/wp-content\/uploads\/2021\/08\/sc4-1920x1440.jpg 1920w, https:\/\/gazetaregionalna.com\/wp-content\/uploads\/2021\/08\/sc4-560x420.jpg 560w, https:\/\/gazetaregionalna.com\/wp-content\/uploads\/2021\/08\/sc4-80x60.jpg 80w, https:\/\/gazetaregionalna.com\/wp-content\/uploads\/2021\/08\/sc4-265x198.jpg 265w, https:\/\/gazetaregionalna.com\/wp-content\/uploads\/2021\/08\/sc4-scaled.jpg 1200w\" data-sizes=\"(max-width: 1024px) 100vw, 1024px\" src=\"data:image\/svg+xml;base64,PHN2ZyB3aWR0aD0iMSIgaGVpZ2h0PSIxIiB4bWxucz0iaHR0cDovL3d3dy53My5vcmcvMjAwMC9zdmciPjwvc3ZnPg==\" style=\"--smush-placeholder-width: 1024px; --smush-placeholder-aspect-ratio: 1024\/768;\" \/><\/a><\/figure><\/li><li class=\"blocks-gallery-item\"><figure><a href=\"https:\/\/gazetaregionalna.com\/wp-content\/uploads\/2021\/08\/sc5-scaled.jpg\"><img decoding=\"async\" width=\"768\" height=\"1024\" data-src=\"https:\/\/gazetaregionalna.com\/wp-content\/uploads\/2021\/08\/sc5-768x1024.jpg\" alt=\"\" data-id=\"50929\" data-full-url=\"https:\/\/gazetaregionalna.com\/wp-content\/uploads\/2021\/08\/sc5-scaled.jpg\" data-link=\"https:\/\/gazetaregionalna.com\/?attachment_id=50929\" class=\"wp-image-50929 lazyload\" data-srcset=\"https:\/\/gazetaregionalna.com\/wp-content\/uploads\/2021\/08\/sc5-768x1024.jpg 768w, https:\/\/gazetaregionalna.com\/wp-content\/uploads\/2021\/08\/sc5-225x300.jpg 225w, https:\/\/gazetaregionalna.com\/wp-content\/uploads\/2021\/08\/sc5-1152x1536.jpg 1152w, https:\/\/gazetaregionalna.com\/wp-content\/uploads\/2021\/08\/sc5-1536x2048.jpg 1536w, https:\/\/gazetaregionalna.com\/wp-content\/uploads\/2021\/08\/sc5-696x928.jpg 696w, https:\/\/gazetaregionalna.com\/wp-content\/uploads\/2021\/08\/sc5-1068x1424.jpg 1068w, https:\/\/gazetaregionalna.com\/wp-content\/uploads\/2021\/08\/sc5-1920x2560.jpg 1920w, https:\/\/gazetaregionalna.com\/wp-content\/uploads\/2021\/08\/sc5-315x420.jpg 315w, https:\/\/gazetaregionalna.com\/wp-content\/uploads\/2021\/08\/sc5-scaled.jpg 1200w\" data-sizes=\"(max-width: 768px) 100vw, 768px\" src=\"data:image\/svg+xml;base64,PHN2ZyB3aWR0aD0iMSIgaGVpZ2h0PSIxIiB4bWxucz0iaHR0cDovL3d3dy53My5vcmcvMjAwMC9zdmciPjwvc3ZnPg==\" style=\"--smush-placeholder-width: 768px; --smush-placeholder-aspect-ratio: 768\/1024;\" \/><\/a><\/figure><\/li><li class=\"blocks-gallery-item\"><figure><a href=\"https:\/\/gazetaregionalna.com\/wp-content\/uploads\/2021\/08\/sc6-scaled.jpg\"><img decoding=\"async\" width=\"1024\" height=\"768\" data-src=\"https:\/\/gazetaregionalna.com\/wp-content\/uploads\/2021\/08\/sc6-1024x768.jpg\" alt=\"\" data-id=\"50930\" data-full-url=\"https:\/\/gazetaregionalna.com\/wp-content\/uploads\/2021\/08\/sc6-scaled.jpg\" data-link=\"https:\/\/gazetaregionalna.com\/?attachment_id=50930\" class=\"wp-image-50930 lazyload\" data-srcset=\"https:\/\/gazetaregionalna.com\/wp-content\/uploads\/2021\/08\/sc6-1024x768.jpg 1024w, https:\/\/gazetaregionalna.com\/wp-content\/uploads\/2021\/08\/sc6-300x225.jpg 300w, https:\/\/gazetaregionalna.com\/wp-content\/uploads\/2021\/08\/sc6-768x576.jpg 768w, https:\/\/gazetaregionalna.com\/wp-content\/uploads\/2021\/08\/sc6-1536x1152.jpg 1536w, https:\/\/gazetaregionalna.com\/wp-content\/uploads\/2021\/08\/sc6-2048x1536.jpg 2048w, https:\/\/gazetaregionalna.com\/wp-content\/uploads\/2021\/08\/sc6-696x522.jpg 696w, https:\/\/gazetaregionalna.com\/wp-content\/uploads\/2021\/08\/sc6-1068x801.jpg 1068w, https:\/\/gazetaregionalna.com\/wp-content\/uploads\/2021\/08\/sc6-1920x1440.jpg 1920w, https:\/\/gazetaregionalna.com\/wp-content\/uploads\/2021\/08\/sc6-560x420.jpg 560w, https:\/\/gazetaregionalna.com\/wp-content\/uploads\/2021\/08\/sc6-80x60.jpg 80w, https:\/\/gazetaregionalna.com\/wp-content\/uploads\/2021\/08\/sc6-265x198.jpg 265w, https:\/\/gazetaregionalna.com\/wp-content\/uploads\/2021\/08\/sc6-scaled.jpg 1200w\" data-sizes=\"(max-width: 1024px) 100vw, 1024px\" src=\"data:image\/svg+xml;base64,PHN2ZyB3aWR0aD0iMSIgaGVpZ2h0PSIxIiB4bWxucz0iaHR0cDovL3d3dy53My5vcmcvMjAwMC9zdmciPjwvc3ZnPg==\" style=\"--smush-placeholder-width: 1024px; --smush-placeholder-aspect-ratio: 1024\/768;\" \/><\/a><\/figure><\/li><li class=\"blocks-gallery-item\"><figure><a href=\"https:\/\/gazetaregionalna.com\/wp-content\/uploads\/2021\/08\/sc7-scaled.jpg\"><img decoding=\"async\" width=\"1024\" height=\"768\" data-src=\"https:\/\/gazetaregionalna.com\/wp-content\/uploads\/2021\/08\/sc7-1024x768.jpg\" alt=\"\" data-id=\"50931\" data-full-url=\"https:\/\/gazetaregionalna.com\/wp-content\/uploads\/2021\/08\/sc7-scaled.jpg\" data-link=\"https:\/\/gazetaregionalna.com\/?attachment_id=50931\" class=\"wp-image-50931 lazyload\" data-srcset=\"https:\/\/gazetaregionalna.com\/wp-content\/uploads\/2021\/08\/sc7-1024x768.jpg 1024w, https:\/\/gazetaregionalna.com\/wp-content\/uploads\/2021\/08\/sc7-300x225.jpg 300w, https:\/\/gazetaregionalna.com\/wp-content\/uploads\/2021\/08\/sc7-768x576.jpg 768w, https:\/\/gazetaregionalna.com\/wp-content\/uploads\/2021\/08\/sc7-1536x1152.jpg 1536w, https:\/\/gazetaregionalna.com\/wp-content\/uploads\/2021\/08\/sc7-2048x1536.jpg 2048w, https:\/\/gazetaregionalna.com\/wp-content\/uploads\/2021\/08\/sc7-696x522.jpg 696w, https:\/\/gazetaregionalna.com\/wp-content\/uploads\/2021\/08\/sc7-1068x801.jpg 1068w, https:\/\/gazetaregionalna.com\/wp-content\/uploads\/2021\/08\/sc7-1920x1440.jpg 1920w, https:\/\/gazetaregionalna.com\/wp-content\/uploads\/2021\/08\/sc7-560x420.jpg 560w, https:\/\/gazetaregionalna.com\/wp-content\/uploads\/2021\/08\/sc7-80x60.jpg 80w, https:\/\/gazetaregionalna.com\/wp-content\/uploads\/2021\/08\/sc7-265x198.jpg 265w, https:\/\/gazetaregionalna.com\/wp-content\/uploads\/2021\/08\/sc7-scaled.jpg 1200w\" data-sizes=\"(max-width: 1024px) 100vw, 1024px\" src=\"data:image\/svg+xml;base64,PHN2ZyB3aWR0aD0iMSIgaGVpZ2h0PSIxIiB4bWxucz0iaHR0cDovL3d3dy53My5vcmcvMjAwMC9zdmciPjwvc3ZnPg==\" style=\"--smush-placeholder-width: 1024px; --smush-placeholder-aspect-ratio: 1024\/768;\" \/><\/a><\/figure><\/li><\/ul><figcaption class=\"blocks-gallery-caption\">fot. IBS<\/figcaption><\/figure>\n","protected":false},"excerpt":{"rendered":"<p>Przy urz\u0119dzie miejskim powsta\u0142a zielona \u015bciana. Samorz\u0105d cz\u0119stochowski \u201euhonorowa\u0142\u201d tak\u017ce jerzyki. Miasto pokazuje, jak dba o przyrod\u0119 i kocha natur\u0119. Na bocznej elewacji g\u0142\u00f3wnego<\/p>\n","protected":false},"author":7,"featured_media":50930,"comment_status":"open","ping_status":"open","sticky":false,"template":"","format":"standard","meta":{"_monsterinsights_skip_tracking":false,"_monsterinsights_sitenote_active":false,"_monsterinsights_sitenote_note":"","_monsterinsights_sitenote_category":0,"_uf_show_specific_survey":0,"_uf_disable_surveys":false,"footnotes":""},"categories":[94,3,2],"tags":[],"class_list":["post-50925","post","type-post","status-publish","format-standard","has-post-thumbnail","hentry","category-polecane","category-czestochowa-informacje","category-wiadomosci"],"_links":{"self":[{"href":"https:\/\/gazetaregionalna.com\/index.php?rest_route=\/wp\/v2\/posts\/50925","targetHints":{"allow":["GET"]}}],"collection":[{"href":"https:\/\/gazetaregionalna.com\/index.php?rest_route=\/wp\/v2\/posts"}],"about":[{"href":"https:\/\/gazetaregionalna.com\/index.php?rest_route=\/wp\/v2\/types\/post"}],"author":[{"embeddable":true,"href":"https:\/\/gazetaregionalna.com\/index.php?rest_route=\/wp\/v2\/users\/7"}],"replies":[{"embeddable":true,"href":"https:\/\/gazetaregionalna.com\/index.php?rest_route=%2Fwp%2Fv2%2Fcomments&post=50925"}],"version-history":[{"count":2,"href":"https:\/\/gazetaregionalna.com\/index.php?rest_route=\/wp\/v2\/posts\/50925\/revisions"}],"predecessor-version":[{"id":50969,"href":"https:\/\/gazetaregionalna.com\/index.php?rest_route=\/wp\/v2\/posts\/50925\/revisions\/50969"}],"wp:featuredmedia":[{"embeddable":true,"href":"https:\/\/gazetaregionalna.com\/index.php?rest_route=\/wp\/v2\/media\/50930"}],"wp:attachment":[{"href":"https:\/\/gazetaregionalna.com\/index.php?rest_route=%2Fwp%2Fv2%2Fmedia&parent=50925"}],"wp:term":[{"taxonomy":"category","embeddable":true,"href":"https:\/\/gazetaregionalna.com\/index.php?rest_route=%2Fwp%2Fv2%2Fcategories&post=50925"},{"taxonomy":"post_tag","embeddable":true,"href":"https:\/\/gazetaregionalna.com\/index.php?rest_route=%2Fwp%2Fv2%2Ftags&post=50925"}],"curies":[{"name":"wp","href":"https:\/\/api.w.org\/{rel}","templated":true}]}}