{"id":50794,"date":"2021-08-10T12:31:05","date_gmt":"2021-08-10T12:31:05","guid":{"rendered":"https:\/\/gazetaregionalna.com\/?p=50794"},"modified":"2021-08-10T12:31:06","modified_gmt":"2021-08-10T12:31:06","slug":"zs-ogolnoksztalcaco-technicznych-w-lublincu","status":"publish","type":"post","link":"https:\/\/gazetaregionalna.com\/?p=50794","title":{"rendered":"ZS Og\u00f3lnokszta\u0142c\u0105co-Technicznych w Lubli\u0144cu zyska\u0142 nowy wygl\u0105d po termomodernizacji"},"content":{"rendered":"\n<h2 class=\"wp-block-heading\">Budynek Zespo\u0142u Szk\u00f3\u0142 Og\u00f3lnokszta\u0142c\u0105co-Technicznych w Lubli\u0144cu zosta\u0142 nowy wygl\u0105d dzi\u0119ki przeprowadzonej termomodernizacji.<\/h2>\n\n\n\n<figure class=\"wp-block-image size-large\"><img decoding=\"async\" width=\"800\" height=\"600\" data-src=\"https:\/\/gazetaregionalna.com\/wp-content\/uploads\/2021\/08\/termomodernizacja-1.jpg\" alt=\"termomodernizacja 1\" class=\"wp-image-50795 lazyload\" data-srcset=\"https:\/\/gazetaregionalna.com\/wp-content\/uploads\/2021\/08\/termomodernizacja-1.jpg 800w, https:\/\/gazetaregionalna.com\/wp-content\/uploads\/2021\/08\/termomodernizacja-1-300x225.jpg 300w, https:\/\/gazetaregionalna.com\/wp-content\/uploads\/2021\/08\/termomodernizacja-1-768x576.jpg 768w, https:\/\/gazetaregionalna.com\/wp-content\/uploads\/2021\/08\/termomodernizacja-1-696x522.jpg 696w, https:\/\/gazetaregionalna.com\/wp-content\/uploads\/2021\/08\/termomodernizacja-1-560x420.jpg 560w, https:\/\/gazetaregionalna.com\/wp-content\/uploads\/2021\/08\/termomodernizacja-1-80x60.jpg 80w, https:\/\/gazetaregionalna.com\/wp-content\/uploads\/2021\/08\/termomodernizacja-1-265x198.jpg 265w\" data-sizes=\"(max-width: 800px) 100vw, 800px\" src=\"data:image\/svg+xml;base64,PHN2ZyB3aWR0aD0iMSIgaGVpZ2h0PSIxIiB4bWxucz0iaHR0cDovL3d3dy53My5vcmcvMjAwMC9zdmciPjwvc3ZnPg==\" style=\"--smush-placeholder-width: 800px; --smush-placeholder-aspect-ratio: 800\/600;\" \/><figcaption>fot. Starostwo Powiatowe w Lubli\u0144cu<\/figcaption><\/figure>\n\n\n\n<p>Termomodernizacja budynku ZS Og\u00f3lnokszta\u0142c\u0105co-Technicznych w Lubli\u0144cu dobieg\u0142a ko\u0144ca. W jej ramach obiekt zosta\u0142 przede wszystkim ocieplony (\u015bciany i stropy budynku), dzi\u0119ki czemu zwi\u0119kszy si\u0119 efektywno\u015b\u0107 energetyczna szko\u0142y, a emisja zanieczyszcze\u0144 powietrza b\u0119dzie znacznie mniejsza.<\/p>\n\n\n\n<p>Koszt zadania realizowanego od listopada 2020 roku wyni\u00f3s\u0142 910.944,52 z\u0142.<\/p>\n\n\n\n<figure class=\"wp-block-image size-large\"><img decoding=\"async\" width=\"800\" height=\"600\" data-src=\"https:\/\/gazetaregionalna.com\/wp-content\/uploads\/2021\/08\/termomodernizacja-2.jpg\" alt=\"termomodernizacja 2\" class=\"wp-image-50796 lazyload\" data-srcset=\"https:\/\/gazetaregionalna.com\/wp-content\/uploads\/2021\/08\/termomodernizacja-2.jpg 800w, https:\/\/gazetaregionalna.com\/wp-content\/uploads\/2021\/08\/termomodernizacja-2-300x225.jpg 300w, https:\/\/gazetaregionalna.com\/wp-content\/uploads\/2021\/08\/termomodernizacja-2-768x576.jpg 768w, https:\/\/gazetaregionalna.com\/wp-content\/uploads\/2021\/08\/termomodernizacja-2-696x522.jpg 696w, https:\/\/gazetaregionalna.com\/wp-content\/uploads\/2021\/08\/termomodernizacja-2-560x420.jpg 560w, https:\/\/gazetaregionalna.com\/wp-content\/uploads\/2021\/08\/termomodernizacja-2-80x60.jpg 80w, https:\/\/gazetaregionalna.com\/wp-content\/uploads\/2021\/08\/termomodernizacja-2-265x198.jpg 265w\" data-sizes=\"(max-width: 800px) 100vw, 800px\" src=\"data:image\/svg+xml;base64,PHN2ZyB3aWR0aD0iMSIgaGVpZ2h0PSIxIiB4bWxucz0iaHR0cDovL3d3dy53My5vcmcvMjAwMC9zdmciPjwvc3ZnPg==\" style=\"--smush-placeholder-width: 800px; --smush-placeholder-aspect-ratio: 800\/600;\" \/><figcaption>fot. Starostwo Powiatowe w Lubli\u0144cu<\/figcaption><\/figure>\n","protected":false},"excerpt":{"rendered":"<p>Budynek Zespo\u0142u Szk\u00f3\u0142 Og\u00f3lnokszta\u0142c\u0105co-Technicznych w Lubli\u0144cu zosta\u0142 nowy wygl\u0105d dzi\u0119ki przeprowadzonej termomodernizacji. Termomodernizacja budynku ZS Og\u00f3lnokszta\u0142c\u0105co-Technicznych w Lubli\u0144cu dobieg\u0142a ko\u0144ca. W jej ramach obiekt<\/p>\n","protected":false},"author":12,"featured_media":50797,"comment_status":"open","ping_status":"open","sticky":false,"template":"","format":"standard","meta":{"_monsterinsights_skip_tracking":false,"_monsterinsights_sitenote_active":false,"_monsterinsights_sitenote_note":"","_monsterinsights_sitenote_category":0,"_uf_show_specific_survey":0,"_uf_disable_surveys":false,"footnotes":""},"categories":[20,33,25,94],"tags":[],"class_list":["post-50794","post","type-post","status-publish","format-standard","has-post-thumbnail","hentry","category-budownictwo","category-inwestycje","category-lubliniec","category-polecane"],"_links":{"self":[{"href":"https:\/\/gazetaregionalna.com\/index.php?rest_route=\/wp\/v2\/posts\/50794","targetHints":{"allow":["GET"]}}],"collection":[{"href":"https:\/\/gazetaregionalna.com\/index.php?rest_route=\/wp\/v2\/posts"}],"about":[{"href":"https:\/\/gazetaregionalna.com\/index.php?rest_route=\/wp\/v2\/types\/post"}],"author":[{"embeddable":true,"href":"https:\/\/gazetaregionalna.com\/index.php?rest_route=\/wp\/v2\/users\/12"}],"replies":[{"embeddable":true,"href":"https:\/\/gazetaregionalna.com\/index.php?rest_route=%2Fwp%2Fv2%2Fcomments&post=50794"}],"version-history":[{"count":1,"href":"https:\/\/gazetaregionalna.com\/index.php?rest_route=\/wp\/v2\/posts\/50794\/revisions"}],"predecessor-version":[{"id":50798,"href":"https:\/\/gazetaregionalna.com\/index.php?rest_route=\/wp\/v2\/posts\/50794\/revisions\/50798"}],"wp:featuredmedia":[{"embeddable":true,"href":"https:\/\/gazetaregionalna.com\/index.php?rest_route=\/wp\/v2\/media\/50797"}],"wp:attachment":[{"href":"https:\/\/gazetaregionalna.com\/index.php?rest_route=%2Fwp%2Fv2%2Fmedia&parent=50794"}],"wp:term":[{"taxonomy":"category","embeddable":true,"href":"https:\/\/gazetaregionalna.com\/index.php?rest_route=%2Fwp%2Fv2%2Fcategories&post=50794"},{"taxonomy":"post_tag","embeddable":true,"href":"https:\/\/gazetaregionalna.com\/index.php?rest_route=%2Fwp%2Fv2%2Ftags&post=50794"}],"curies":[{"name":"wp","href":"https:\/\/api.w.org\/{rel}","templated":true}]}}