{"id":50454,"date":"2021-08-07T17:08:06","date_gmt":"2021-08-07T17:08:06","guid":{"rendered":"https:\/\/gazetaregionalna.com\/?p=50454"},"modified":"2021-08-07T17:08:07","modified_gmt":"2021-08-07T17:08:07","slug":"skra-jedzie-na-mecz-z-lks-em-lodz","status":"publish","type":"post","link":"https:\/\/gazetaregionalna.com\/?p=50454","title":{"rendered":"Skra jedzie na mecz z \u0141KS-em \u0141\u00f3d\u017a"},"content":{"rendered":"\n<p>Pi\u0142karze Skry Cz\u0119stochowa w drugiej kolejce Fortuna 1 Liga zagraj\u0105 w \u0141odzi z \u0141KS-em.<\/p>\n\n\n\n<p>Pi\u0142karze Skry nowy sezon w Fortuna 1 Lidze rozpocz\u0119li od pora\u017cki w Kielcach z Koron\u0105 0:2. W niedziel\u0119 zagraj\u0105 w \u0141odzi z \u0141KS-em i maj\u0105 szans\u0119 na pierwsze punkty. Skra jest beniaminkiem i na pewno nie b\u0119dzie \u0142atwo. Trenerzy Skry m\u00f3wi\u0105, \u017ce cz\u0119stochowscy pi\u0142karze z meczu na mecz b\u0119d\u0105 uczy\u0107 si\u0119 \u201epierwszej ligi\u201d i zbiera\u0107 do\u015bwiadczenie.<\/p>\n\n\n\n<p>Skra na pocz\u0105tku sezonu nie ma \u0142atwego zdania. Pierwsze sze\u015b\u0107 kolejek rozegra na wyje\u017adzie. Dopiero w 7 kolejce, na pocz\u0105tku wrze\u015bnia ma zagra\u0107 jako gospodarz.<\/p>\n\n\n\n<p>Niedzielny rywal Skry \u2013 \u0141KS \u0141\u00f3d\u017a sezon rozpocz\u0105\u0142 od remisu w Tychach. \u0141odzianie prowadzili nawet 1:0, ale gospodarze potrafili zremisowa\u0107 i spotkanie zako\u0144czy\u0142o si\u0119 podzia\u0142em punkt\u00f3w.<\/p>\n\n\n\n<p>Ze Skr\u0105 \u0141KS b\u0119dzie chcia\u0142 wygra\u0107. Kibice cz\u0119stochowskich pi\u0142karzy licz\u0105, \u017ce ju\u017c w najbli\u017cszej kolejce pi\u0142karze Skry zdob\u0119d\u0105 pierwsze punkty.<\/p>\n\n\n\n<p>AK<\/p>\n\n\n\n<p>Foto: Gazeta Regionalna\/AK<\/p>\n","protected":false},"excerpt":{"rendered":"<p>Pi\u0142karze Skry Cz\u0119stochowa w drugiej kolejce Fortuna 1 Liga zagraj\u0105 w \u0141odzi z \u0141KS-em. Pi\u0142karze Skry nowy sezon w Fortuna 1 Lidze rozpocz\u0119li od<\/p>\n","protected":false},"author":15,"featured_media":49347,"comment_status":"open","ping_status":"open","sticky":false,"template":"","format":"standard","meta":{"_monsterinsights_skip_tracking":false,"_monsterinsights_sitenote_active":false,"_monsterinsights_sitenote_note":"","_monsterinsights_sitenote_category":0,"_uf_show_specific_survey":0,"_uf_disable_surveys":false,"footnotes":""},"categories":[5,6],"tags":[],"class_list":["post-50454","post","type-post","status-publish","format-standard","has-post-thumbnail","hentry","category-sport","category-pilka-nozna"],"_links":{"self":[{"href":"https:\/\/gazetaregionalna.com\/index.php?rest_route=\/wp\/v2\/posts\/50454","targetHints":{"allow":["GET"]}}],"collection":[{"href":"https:\/\/gazetaregionalna.com\/index.php?rest_route=\/wp\/v2\/posts"}],"about":[{"href":"https:\/\/gazetaregionalna.com\/index.php?rest_route=\/wp\/v2\/types\/post"}],"author":[{"embeddable":true,"href":"https:\/\/gazetaregionalna.com\/index.php?rest_route=\/wp\/v2\/users\/15"}],"replies":[{"embeddable":true,"href":"https:\/\/gazetaregionalna.com\/index.php?rest_route=%2Fwp%2Fv2%2Fcomments&post=50454"}],"version-history":[{"count":1,"href":"https:\/\/gazetaregionalna.com\/index.php?rest_route=\/wp\/v2\/posts\/50454\/revisions"}],"predecessor-version":[{"id":50455,"href":"https:\/\/gazetaregionalna.com\/index.php?rest_route=\/wp\/v2\/posts\/50454\/revisions\/50455"}],"wp:featuredmedia":[{"embeddable":true,"href":"https:\/\/gazetaregionalna.com\/index.php?rest_route=\/wp\/v2\/media\/49347"}],"wp:attachment":[{"href":"https:\/\/gazetaregionalna.com\/index.php?rest_route=%2Fwp%2Fv2%2Fmedia&parent=50454"}],"wp:term":[{"taxonomy":"category","embeddable":true,"href":"https:\/\/gazetaregionalna.com\/index.php?rest_route=%2Fwp%2Fv2%2Fcategories&post=50454"},{"taxonomy":"post_tag","embeddable":true,"href":"https:\/\/gazetaregionalna.com\/index.php?rest_route=%2Fwp%2Fv2%2Ftags&post=50454"}],"curies":[{"name":"wp","href":"https:\/\/api.w.org\/{rel}","templated":true}]}}