{"id":50449,"date":"2021-08-07T15:58:36","date_gmt":"2021-08-07T15:58:36","guid":{"rendered":"https:\/\/gazetaregionalna.com\/?p=50449"},"modified":"2021-08-07T15:58:37","modified_gmt":"2021-08-07T15:58:37","slug":"dozynki","status":"publish","type":"post","link":"https:\/\/gazetaregionalna.com\/?p=50449","title":{"rendered":"Do\u017cynki w Mazurach"},"content":{"rendered":"\n<h2 class=\"wp-block-heading\">W miejscowo\u015bci Mazury (Gmina Poczesna) odb\u0119d\u0105 si\u0119 Do\u017cynki Gminne.<\/h2>\n\n\n\n<p><strong>21 sierpnia 2021 roku<\/strong> w miejscowo\u015bci <strong>Mazury przy ulicy Kasprowicza 8<\/strong> odb\u0119d\u0105 si\u0119 Do\u017cynki Gminne, na kt\u00f3re ju\u017c teraz serdecznie zaprasza w\u00f3jt Gminy Poczesna &#8211; Krzysztof Ujma.<\/p>\n\n\n\n<p>\u015awi\u0119to Plon\u00f3w rozpocznie si\u0119 korowodem do\u017cynkowym, nast\u0119pnie odb\u0119dzie si\u0119 Msza Polowa, na kt\u00f3rej zostan\u0105 po\u015bwi\u0119cone dary rolne, a dopiero po niej nast\u0105pi dalsza cz\u0119\u015b\u0107 uroczysto\u015bci do\u017cynkowych.<\/p>\n\n\n\n<p>W repertuarze wyst\u0119py artystyczne, w tym wyst\u0119p gwiazdy wieczoru \u201eCl\u00f6die\u201d, stoiska z r\u0119kodzie\u0142em, kiermasz produkt\u00f3w regionalnych, stoiska gastronomiczne oraz atrakcje dla najm\u0142odszych. Na zako\u0144czenie do\u017cynek odb\u0119dzie si\u0119 koncert oraz zabawa taneczna.<\/p>\n\n\n\n<p>Dodatkowo na do\u017cynkach znajdzie si\u0119 mobilny punk szczepie\u0144 przeciw covid-19, gdzie b\u0119dzie mo\u017cna si\u0119 zaszczepi\u0107 jednodawkow\u0105 szczepionk\u0105 Jonson&amp;Jonson.<\/p>\n\n\n\n<figure class=\"wp-block-image size-large\"><img decoding=\"async\" width=\"725\" height=\"1024\" data-src=\"https:\/\/gazetaregionalna.com\/wp-content\/uploads\/2021\/08\/Dozynki-plakat-725x1024.png\" alt=\"Do\u017cynki - plakat\" class=\"wp-image-50450 lazyload\" data-srcset=\"https:\/\/gazetaregionalna.com\/wp-content\/uploads\/2021\/08\/Dozynki-plakat-725x1024.png 725w, https:\/\/gazetaregionalna.com\/wp-content\/uploads\/2021\/08\/Dozynki-plakat-212x300.png 212w, https:\/\/gazetaregionalna.com\/wp-content\/uploads\/2021\/08\/Dozynki-plakat-768x1084.png 768w, https:\/\/gazetaregionalna.com\/wp-content\/uploads\/2021\/08\/Dozynki-plakat-696x983.png 696w, https:\/\/gazetaregionalna.com\/wp-content\/uploads\/2021\/08\/Dozynki-plakat-297x420.png 297w, https:\/\/gazetaregionalna.com\/wp-content\/uploads\/2021\/08\/Dozynki-plakat.png 993w\" data-sizes=\"(max-width: 725px) 100vw, 725px\" src=\"data:image\/svg+xml;base64,PHN2ZyB3aWR0aD0iMSIgaGVpZ2h0PSIxIiB4bWxucz0iaHR0cDovL3d3dy53My5vcmcvMjAwMC9zdmciPjwvc3ZnPg==\" style=\"--smush-placeholder-width: 725px; --smush-placeholder-aspect-ratio: 725\/1024;\" \/><figcaption>fot. UG w Poczesnej<\/figcaption><\/figure>\n","protected":false},"excerpt":{"rendered":"<p>W miejscowo\u015bci Mazury (Gmina Poczesna) odb\u0119d\u0105 si\u0119 Do\u017cynki Gminne. 21 sierpnia 2021 roku w miejscowo\u015bci Mazury przy ulicy Kasprowicza 8 odb\u0119d\u0105 si\u0119 Do\u017cynki Gminne,<\/p>\n","protected":false},"author":12,"featured_media":50451,"comment_status":"open","ping_status":"open","sticky":false,"template":"","format":"standard","meta":{"_monsterinsights_skip_tracking":false,"_monsterinsights_sitenote_active":false,"_monsterinsights_sitenote_note":"","_monsterinsights_sitenote_category":0,"_uf_show_specific_survey":0,"_uf_disable_surveys":false,"footnotes":""},"categories":[13,94,4,2],"tags":[2539],"class_list":["post-50449","post","type-post","status-publish","format-standard","has-post-thumbnail","hentry","category-wydarzenia","category-polecane","category-region","category-wiadomosci","tag-dozynki-gminne"],"_links":{"self":[{"href":"https:\/\/gazetaregionalna.com\/index.php?rest_route=\/wp\/v2\/posts\/50449","targetHints":{"allow":["GET"]}}],"collection":[{"href":"https:\/\/gazetaregionalna.com\/index.php?rest_route=\/wp\/v2\/posts"}],"about":[{"href":"https:\/\/gazetaregionalna.com\/index.php?rest_route=\/wp\/v2\/types\/post"}],"author":[{"embeddable":true,"href":"https:\/\/gazetaregionalna.com\/index.php?rest_route=\/wp\/v2\/users\/12"}],"replies":[{"embeddable":true,"href":"https:\/\/gazetaregionalna.com\/index.php?rest_route=%2Fwp%2Fv2%2Fcomments&post=50449"}],"version-history":[{"count":1,"href":"https:\/\/gazetaregionalna.com\/index.php?rest_route=\/wp\/v2\/posts\/50449\/revisions"}],"predecessor-version":[{"id":50452,"href":"https:\/\/gazetaregionalna.com\/index.php?rest_route=\/wp\/v2\/posts\/50449\/revisions\/50452"}],"wp:featuredmedia":[{"embeddable":true,"href":"https:\/\/gazetaregionalna.com\/index.php?rest_route=\/wp\/v2\/media\/50451"}],"wp:attachment":[{"href":"https:\/\/gazetaregionalna.com\/index.php?rest_route=%2Fwp%2Fv2%2Fmedia&parent=50449"}],"wp:term":[{"taxonomy":"category","embeddable":true,"href":"https:\/\/gazetaregionalna.com\/index.php?rest_route=%2Fwp%2Fv2%2Fcategories&post=50449"},{"taxonomy":"post_tag","embeddable":true,"href":"https:\/\/gazetaregionalna.com\/index.php?rest_route=%2Fwp%2Fv2%2Ftags&post=50449"}],"curies":[{"name":"wp","href":"https:\/\/api.w.org\/{rel}","templated":true}]}}