{"id":50439,"date":"2021-08-07T14:33:47","date_gmt":"2021-08-07T14:33:47","guid":{"rendered":"https:\/\/gazetaregionalna.com\/?p=50439"},"modified":"2021-08-07T14:33:48","modified_gmt":"2021-08-07T14:33:48","slug":"estakada","status":"publish","type":"post","link":"https:\/\/gazetaregionalna.com\/?p=50439","title":{"rendered":"Post\u0119p prac na \u201eGierk\u00f3wce\u201d. W pierwszej kolejno\u015bci znika cz\u0119stochowska \u201eestakada\u201d"},"content":{"rendered":"\n<h2 class=\"wp-block-heading\">Stara cz\u0119stochowska \u201eestakada\u201d powoli znika z krajobrazu miasta. Wspominamy jej pocz\u0105tki oraz pokazujemy post\u0119p aktualnych prac.<\/h2>\n\n\n\n<p>Od po\u0142owy lipca, zgodnie z planowan\u0105 przebudow\u0105 al. Wojska Polskiego w Cz\u0119stochowie drogowcy rozpocz\u0119li wprowadzanie tymczasowej organizacji ruchu, a 3 sierpnia rozpocz\u0105\u0142 si\u0119 ju\u017c d\u0142ugo wyczekiwany remont.<\/p>\n\n\n\n<p>W pierwszej kolejno\u015bci roboty drogowe rozpocz\u0119\u0142y si\u0119 na estakadzie w dzielnicy Rak\u00f3w, kt\u00f3ra 11 pa\u017adziernika 1976 roku zosta\u0142a otwarta z wielk\u0105 pomp\u0105 przez samego Edwarda Gierka (na przeci\u0119ciu wst\u0119gi byli obecni przedstawiciele najwy\u017cszych w\u0142adz partyjnych i pa\u0144stwowych, przedstawiciele Cz\u0119stochowy, mieszka\u0144cy miasta oraz cywilni i wojskowi budowniczowie trasy). Obecnie obiekt przechodzi do historii.<\/p>\n\n\n\n<figure class=\"wp-block-image size-large\"><img decoding=\"async\" width=\"960\" height=\"730\" data-src=\"https:\/\/gazetaregionalna.com\/wp-content\/uploads\/2021\/08\/Estakada-1.jpg\" alt=\"Estakada 1\" class=\"wp-image-50441 lazyload\" data-srcset=\"https:\/\/gazetaregionalna.com\/wp-content\/uploads\/2021\/08\/Estakada-1.jpg 960w, https:\/\/gazetaregionalna.com\/wp-content\/uploads\/2021\/08\/Estakada-1-300x228.jpg 300w, https:\/\/gazetaregionalna.com\/wp-content\/uploads\/2021\/08\/Estakada-1-768x584.jpg 768w, https:\/\/gazetaregionalna.com\/wp-content\/uploads\/2021\/08\/Estakada-1-696x529.jpg 696w, https:\/\/gazetaregionalna.com\/wp-content\/uploads\/2021\/08\/Estakada-1-552x420.jpg 552w, https:\/\/gazetaregionalna.com\/wp-content\/uploads\/2021\/08\/Estakada-1-80x60.jpg 80w\" data-sizes=\"(max-width: 960px) 100vw, 960px\" src=\"data:image\/svg+xml;base64,PHN2ZyB3aWR0aD0iMSIgaGVpZ2h0PSIxIiB4bWxucz0iaHR0cDovL3d3dy53My5vcmcvMjAwMC9zdmciPjwvc3ZnPg==\" style=\"--smush-placeholder-width: 960px; --smush-placeholder-aspect-ratio: 960\/730;\" \/><figcaption>fot. zas\u00f3b <a href=\"https:\/\/www.facebook.com\/ArchiwumPanstwowewCzestochowie?__cft__[0]=AZXXP7VLfAUQisfbir5i8sj15mAO_WGwz9YEUfigNNkyjOVGodvFQcbPGBveHE-7NB9qWCLhH1oyb3eRfXSpah-tpKrGNl75oJw19_-SdoGNJzfGTHU_BJdle8CT2k-q0xQa7Pj1hYGznnjx5AwAj5Ll&amp;__tn__=-]K-R\" target=\"_blank\" rel=\"noopener\">Archiwum Pa\u0144stwowe w Cz\u0119stochowie<\/a> (zaraz po otwarciu estakady)<\/figcaption><\/figure>\n\n\n\n<figure class=\"wp-block-embed is-type-video is-provider-youtube wp-block-embed-youtube wp-embed-aspect-4-3 wp-has-aspect-ratio\"><div class=\"wp-block-embed__wrapper\">\n<div class=\"fitvids-video\"><iframe title=\"PRL 1976 Cz\u0119stochowa. Gierek otwiera estakad\u0119\" width=\"715\" height=\"536\" data-src=\"https:\/\/www.youtube.com\/embed\/BxDV8c075iU?feature=oembed\" frameborder=\"0\" allow=\"accelerometer; autoplay; clipboard-write; encrypted-media; gyroscope; picture-in-picture; web-share\" allowfullscreen src=\"data:image\/svg+xml;base64,PHN2ZyB3aWR0aD0iMSIgaGVpZ2h0PSIxIiB4bWxucz0iaHR0cDovL3d3dy53My5vcmcvMjAwMC9zdmciPjwvc3ZnPg==\" class=\"lazyload\" data-load-mode=\"1\"><\/iframe><\/div>\n<\/div><figcaption>film: youtube.com<\/figcaption><\/figure>\n\n\n\n<p>W pi\u0105tek 6 sierpnia o godzinie 21:00 przejazd pod wiaduktem zosta\u0142 wy\u0142\u0105czony z ruchu i ma potrwa\u0107 do poniedzia\u0142ku 9 sierpnia do godziny 4:00.<\/p>\n\n\n\n<p>Niestety prace te spowodowa\u0142y jeszcze wi\u0119ksze zakorkowanie w dzielnicy Rak\u00f3w, dlatego trzeba si\u0119 liczy\u0107 z korkami i \u201e\u017c\u00f3\u0142wim tempem\u201d. Poza tym utrudnieniem ustalone objazdy i zw\u0119\u017cenia s\u0105 nadal aktualne.<\/p>\n\n\n\n<figure class=\"wp-block-gallery columns-3 is-cropped wp-block-gallery-1 is-layout-flex wp-block-gallery-is-layout-flex\"><ul class=\"blocks-gallery-grid\"><li class=\"blocks-gallery-item\"><figure><a href=\"https:\/\/gazetaregionalna.com\/wp-content\/uploads\/2021\/08\/Estakada-4.jpg\"><img decoding=\"async\" width=\"960\" height=\"720\" data-src=\"https:\/\/gazetaregionalna.com\/wp-content\/uploads\/2021\/08\/Estakada-4.jpg\" alt=\"Estakada 4\" data-id=\"50444\" data-full-url=\"https:\/\/gazetaregionalna.com\/wp-content\/uploads\/2021\/08\/Estakada-4.jpg\" data-link=\"https:\/\/gazetaregionalna.com\/?attachment_id=50444\" class=\"wp-image-50444 lazyload\" data-srcset=\"https:\/\/gazetaregionalna.com\/wp-content\/uploads\/2021\/08\/Estakada-4.jpg 960w, https:\/\/gazetaregionalna.com\/wp-content\/uploads\/2021\/08\/Estakada-4-300x225.jpg 300w, https:\/\/gazetaregionalna.com\/wp-content\/uploads\/2021\/08\/Estakada-4-768x576.jpg 768w, https:\/\/gazetaregionalna.com\/wp-content\/uploads\/2021\/08\/Estakada-4-696x522.jpg 696w, https:\/\/gazetaregionalna.com\/wp-content\/uploads\/2021\/08\/Estakada-4-560x420.jpg 560w, https:\/\/gazetaregionalna.com\/wp-content\/uploads\/2021\/08\/Estakada-4-80x60.jpg 80w, https:\/\/gazetaregionalna.com\/wp-content\/uploads\/2021\/08\/Estakada-4-265x198.jpg 265w\" data-sizes=\"(max-width: 960px) 100vw, 960px\" src=\"data:image\/svg+xml;base64,PHN2ZyB3aWR0aD0iMSIgaGVpZ2h0PSIxIiB4bWxucz0iaHR0cDovL3d3dy53My5vcmcvMjAwMC9zdmciPjwvc3ZnPg==\" style=\"--smush-placeholder-width: 960px; --smush-placeholder-aspect-ratio: 960\/720;\" \/><\/a><\/figure><\/li><li class=\"blocks-gallery-item\"><figure><a href=\"https:\/\/gazetaregionalna.com\/wp-content\/uploads\/2021\/08\/Estakada-5.jpg\"><img decoding=\"async\" width=\"960\" height=\"720\" data-src=\"https:\/\/gazetaregionalna.com\/wp-content\/uploads\/2021\/08\/Estakada-5.jpg\" alt=\"Estakada 5\" data-id=\"50445\" data-full-url=\"https:\/\/gazetaregionalna.com\/wp-content\/uploads\/2021\/08\/Estakada-5.jpg\" data-link=\"https:\/\/gazetaregionalna.com\/?attachment_id=50445\" class=\"wp-image-50445 lazyload\" data-srcset=\"https:\/\/gazetaregionalna.com\/wp-content\/uploads\/2021\/08\/Estakada-5.jpg 960w, https:\/\/gazetaregionalna.com\/wp-content\/uploads\/2021\/08\/Estakada-5-300x225.jpg 300w, https:\/\/gazetaregionalna.com\/wp-content\/uploads\/2021\/08\/Estakada-5-768x576.jpg 768w, https:\/\/gazetaregionalna.com\/wp-content\/uploads\/2021\/08\/Estakada-5-696x522.jpg 696w, https:\/\/gazetaregionalna.com\/wp-content\/uploads\/2021\/08\/Estakada-5-560x420.jpg 560w, https:\/\/gazetaregionalna.com\/wp-content\/uploads\/2021\/08\/Estakada-5-80x60.jpg 80w, https:\/\/gazetaregionalna.com\/wp-content\/uploads\/2021\/08\/Estakada-5-265x198.jpg 265w\" data-sizes=\"(max-width: 960px) 100vw, 960px\" src=\"data:image\/svg+xml;base64,PHN2ZyB3aWR0aD0iMSIgaGVpZ2h0PSIxIiB4bWxucz0iaHR0cDovL3d3dy53My5vcmcvMjAwMC9zdmciPjwvc3ZnPg==\" style=\"--smush-placeholder-width: 960px; --smush-placeholder-aspect-ratio: 960\/720;\" \/><\/a><\/figure><\/li><li class=\"blocks-gallery-item\"><figure><a href=\"https:\/\/gazetaregionalna.com\/wp-content\/uploads\/2021\/08\/Estakada-7.jpg\"><img decoding=\"async\" width=\"960\" height=\"720\" data-src=\"https:\/\/gazetaregionalna.com\/wp-content\/uploads\/2021\/08\/Estakada-7.jpg\" alt=\"Estakada 7\" data-id=\"50447\" data-full-url=\"https:\/\/gazetaregionalna.com\/wp-content\/uploads\/2021\/08\/Estakada-7.jpg\" data-link=\"https:\/\/gazetaregionalna.com\/?attachment_id=50447\" class=\"wp-image-50447 lazyload\" data-srcset=\"https:\/\/gazetaregionalna.com\/wp-content\/uploads\/2021\/08\/Estakada-7.jpg 960w, https:\/\/gazetaregionalna.com\/wp-content\/uploads\/2021\/08\/Estakada-7-300x225.jpg 300w, https:\/\/gazetaregionalna.com\/wp-content\/uploads\/2021\/08\/Estakada-7-768x576.jpg 768w, https:\/\/gazetaregionalna.com\/wp-content\/uploads\/2021\/08\/Estakada-7-696x522.jpg 696w, https:\/\/gazetaregionalna.com\/wp-content\/uploads\/2021\/08\/Estakada-7-560x420.jpg 560w, https:\/\/gazetaregionalna.com\/wp-content\/uploads\/2021\/08\/Estakada-7-80x60.jpg 80w, https:\/\/gazetaregionalna.com\/wp-content\/uploads\/2021\/08\/Estakada-7-265x198.jpg 265w\" data-sizes=\"(max-width: 960px) 100vw, 960px\" src=\"data:image\/svg+xml;base64,PHN2ZyB3aWR0aD0iMSIgaGVpZ2h0PSIxIiB4bWxucz0iaHR0cDovL3d3dy53My5vcmcvMjAwMC9zdmciPjwvc3ZnPg==\" style=\"--smush-placeholder-width: 960px; --smush-placeholder-aspect-ratio: 960\/720;\" \/><\/a><\/figure><\/li><li class=\"blocks-gallery-item\"><figure><a href=\"https:\/\/gazetaregionalna.com\/wp-content\/uploads\/2021\/08\/Estakada-6.jpg\"><img decoding=\"async\" width=\"960\" height=\"720\" data-src=\"https:\/\/gazetaregionalna.com\/wp-content\/uploads\/2021\/08\/Estakada-6.jpg\" alt=\"Estakada 6\" data-id=\"50446\" data-full-url=\"https:\/\/gazetaregionalna.com\/wp-content\/uploads\/2021\/08\/Estakada-6.jpg\" data-link=\"https:\/\/gazetaregionalna.com\/?attachment_id=50446\" class=\"wp-image-50446 lazyload\" data-srcset=\"https:\/\/gazetaregionalna.com\/wp-content\/uploads\/2021\/08\/Estakada-6.jpg 960w, https:\/\/gazetaregionalna.com\/wp-content\/uploads\/2021\/08\/Estakada-6-300x225.jpg 300w, https:\/\/gazetaregionalna.com\/wp-content\/uploads\/2021\/08\/Estakada-6-768x576.jpg 768w, https:\/\/gazetaregionalna.com\/wp-content\/uploads\/2021\/08\/Estakada-6-696x522.jpg 696w, https:\/\/gazetaregionalna.com\/wp-content\/uploads\/2021\/08\/Estakada-6-560x420.jpg 560w, https:\/\/gazetaregionalna.com\/wp-content\/uploads\/2021\/08\/Estakada-6-80x60.jpg 80w, https:\/\/gazetaregionalna.com\/wp-content\/uploads\/2021\/08\/Estakada-6-265x198.jpg 265w\" data-sizes=\"(max-width: 960px) 100vw, 960px\" src=\"data:image\/svg+xml;base64,PHN2ZyB3aWR0aD0iMSIgaGVpZ2h0PSIxIiB4bWxucz0iaHR0cDovL3d3dy53My5vcmcvMjAwMC9zdmciPjwvc3ZnPg==\" style=\"--smush-placeholder-width: 960px; --smush-placeholder-aspect-ratio: 960\/720;\" \/><\/a><\/figure><\/li><li class=\"blocks-gallery-item\"><figure><a href=\"https:\/\/gazetaregionalna.com\/wp-content\/uploads\/2021\/08\/Estakada-8.jpg\"><img decoding=\"async\" width=\"960\" height=\"720\" data-src=\"https:\/\/gazetaregionalna.com\/wp-content\/uploads\/2021\/08\/Estakada-8.jpg\" alt=\"Estakada 8\" data-id=\"50442\" data-full-url=\"https:\/\/gazetaregionalna.com\/wp-content\/uploads\/2021\/08\/Estakada-8.jpg\" data-link=\"https:\/\/gazetaregionalna.com\/?attachment_id=50442\" class=\"wp-image-50442 lazyload\" data-srcset=\"https:\/\/gazetaregionalna.com\/wp-content\/uploads\/2021\/08\/Estakada-8.jpg 960w, https:\/\/gazetaregionalna.com\/wp-content\/uploads\/2021\/08\/Estakada-8-300x225.jpg 300w, https:\/\/gazetaregionalna.com\/wp-content\/uploads\/2021\/08\/Estakada-8-768x576.jpg 768w, https:\/\/gazetaregionalna.com\/wp-content\/uploads\/2021\/08\/Estakada-8-696x522.jpg 696w, https:\/\/gazetaregionalna.com\/wp-content\/uploads\/2021\/08\/Estakada-8-560x420.jpg 560w, https:\/\/gazetaregionalna.com\/wp-content\/uploads\/2021\/08\/Estakada-8-80x60.jpg 80w, https:\/\/gazetaregionalna.com\/wp-content\/uploads\/2021\/08\/Estakada-8-265x198.jpg 265w\" data-sizes=\"(max-width: 960px) 100vw, 960px\" src=\"data:image\/svg+xml;base64,PHN2ZyB3aWR0aD0iMSIgaGVpZ2h0PSIxIiB4bWxucz0iaHR0cDovL3d3dy53My5vcmcvMjAwMC9zdmciPjwvc3ZnPg==\" style=\"--smush-placeholder-width: 960px; --smush-placeholder-aspect-ratio: 960\/720;\" \/><\/a><\/figure><\/li><\/ul><figcaption class=\"blocks-gallery-caption\">fot. Gazeta Regionalna<\/figcaption><\/figure>\n","protected":false},"excerpt":{"rendered":"<p>Stara cz\u0119stochowska \u201eestakada\u201d powoli znika z krajobrazu miasta. Wspominamy jej pocz\u0105tki oraz pokazujemy post\u0119p aktualnych prac. Od po\u0142owy lipca, zgodnie z planowan\u0105 przebudow\u0105 al.<\/p>\n","protected":false},"author":12,"featured_media":50443,"comment_status":"open","ping_status":"open","sticky":false,"template":"","format":"standard","meta":{"_monsterinsights_skip_tracking":false,"_monsterinsights_sitenote_active":false,"_monsterinsights_sitenote_note":"","_monsterinsights_sitenote_category":0,"_uf_show_specific_survey":0,"_uf_disable_surveys":false,"footnotes":""},"categories":[33,20,3,321,94,2],"tags":[2538],"class_list":["post-50439","post","type-post","status-publish","format-standard","has-post-thumbnail","hentry","category-inwestycje","category-budownictwo","category-czestochowa-informacje","category-historia","category-polecane","category-wiadomosci","tag-czestochowska-estakada"],"_links":{"self":[{"href":"https:\/\/gazetaregionalna.com\/index.php?rest_route=\/wp\/v2\/posts\/50439","targetHints":{"allow":["GET"]}}],"collection":[{"href":"https:\/\/gazetaregionalna.com\/index.php?rest_route=\/wp\/v2\/posts"}],"about":[{"href":"https:\/\/gazetaregionalna.com\/index.php?rest_route=\/wp\/v2\/types\/post"}],"author":[{"embeddable":true,"href":"https:\/\/gazetaregionalna.com\/index.php?rest_route=\/wp\/v2\/users\/12"}],"replies":[{"embeddable":true,"href":"https:\/\/gazetaregionalna.com\/index.php?rest_route=%2Fwp%2Fv2%2Fcomments&post=50439"}],"version-history":[{"count":1,"href":"https:\/\/gazetaregionalna.com\/index.php?rest_route=\/wp\/v2\/posts\/50439\/revisions"}],"predecessor-version":[{"id":50448,"href":"https:\/\/gazetaregionalna.com\/index.php?rest_route=\/wp\/v2\/posts\/50439\/revisions\/50448"}],"wp:featuredmedia":[{"embeddable":true,"href":"https:\/\/gazetaregionalna.com\/index.php?rest_route=\/wp\/v2\/media\/50443"}],"wp:attachment":[{"href":"https:\/\/gazetaregionalna.com\/index.php?rest_route=%2Fwp%2Fv2%2Fmedia&parent=50439"}],"wp:term":[{"taxonomy":"category","embeddable":true,"href":"https:\/\/gazetaregionalna.com\/index.php?rest_route=%2Fwp%2Fv2%2Fcategories&post=50439"},{"taxonomy":"post_tag","embeddable":true,"href":"https:\/\/gazetaregionalna.com\/index.php?rest_route=%2Fwp%2Fv2%2Ftags&post=50439"}],"curies":[{"name":"wp","href":"https:\/\/api.w.org\/{rel}","templated":true}]}}