{"id":50429,"date":"2021-08-07T08:18:09","date_gmt":"2021-08-07T08:18:09","guid":{"rendered":"https:\/\/gazetaregionalna.com\/?p=50429"},"modified":"2021-08-07T08:18:10","modified_gmt":"2021-08-07T08:18:10","slug":"szkolenie","status":"publish","type":"post","link":"https:\/\/gazetaregionalna.com\/?p=50429","title":{"rendered":"Kolejne szkolenie za psiakiem. Prima podnosi\u0142a umiej\u0119tno\u015bci w wykrywaniu narkotyk\u00f3w i materia\u0142\u00f3w wybuchowych"},"content":{"rendered":"\n<h2 class=\"wp-block-heading\">Prima, suczka \u201efunkcjonariusz\u201d z cz\u0119stochowskiej Stra\u017cy Miejskiej \u0107wiczy\u0142a swoje umiej\u0119tno\u015bci w Hubach w wykrywaniu narkotyk\u00f3w i materia\u0142\u00f3w wybuchowych.<\/h2>\n\n\n\n<figure class=\"wp-block-image size-large\"><img decoding=\"async\" width=\"768\" height=\"1024\" data-src=\"https:\/\/gazetaregionalna.com\/wp-content\/uploads\/2021\/08\/Szkolenie-2-768x1024.jpg\" alt=\"Szkolenie 2\" class=\"wp-image-50432 lazyload\" data-srcset=\"https:\/\/gazetaregionalna.com\/wp-content\/uploads\/2021\/08\/Szkolenie-2-768x1024.jpg 768w, https:\/\/gazetaregionalna.com\/wp-content\/uploads\/2021\/08\/Szkolenie-2-225x300.jpg 225w, https:\/\/gazetaregionalna.com\/wp-content\/uploads\/2021\/08\/Szkolenie-2-696x928.jpg 696w, https:\/\/gazetaregionalna.com\/wp-content\/uploads\/2021\/08\/Szkolenie-2-1068x1424.jpg 1068w, https:\/\/gazetaregionalna.com\/wp-content\/uploads\/2021\/08\/Szkolenie-2-315x420.jpg 315w, https:\/\/gazetaregionalna.com\/wp-content\/uploads\/2021\/08\/Szkolenie-2.jpg 1080w\" data-sizes=\"(max-width: 768px) 100vw, 768px\" src=\"data:image\/svg+xml;base64,PHN2ZyB3aWR0aD0iMSIgaGVpZ2h0PSIxIiB4bWxucz0iaHR0cDovL3d3dy53My5vcmcvMjAwMC9zdmciPjwvc3ZnPg==\" style=\"--smush-placeholder-width: 768px; --smush-placeholder-aspect-ratio: 768\/1024;\" \/><figcaption>fot. Cz\u0119stochowska Stra\u017c Miejska<\/figcaption><\/figure>\n\n\n\n<p>To ju\u017c kolejne szkolenie psa s\u0142u\u017cbowego cz\u0119stochowskiej Stra\u017cy Miejskiej. Prima, owczarek belgijski malinois, w s\u0142u\u017cbie od 2015 roku jest nieocenionym pomocnikiem w wykrywaniu narkotyk\u00f3w. Wielokrotnie pomaga\u0142a policjantom i funkcjonariuszom Stra\u017cy Granicznej w ujawnieniu \u015brodk\u00f3w odurzaj\u0105cych na terenie miasta Cz\u0119stochowy.<\/p>\n\n\n\n<p>Dodatkowo przed epidemi\u0105 koronawirusa Prima ucz\u0119szcza\u0142a na prelekcjach w szko\u0142ach i przedszkolach. Dla dzieci kontakt z czworonogiem mia\u0142 bardzo pozytywny wp\u0142yw. Poza tym suczka systematycznie szkoli\u0142a swoje umiej\u0119tno\u015bci, np. kilka razy trenowa\u0142a na lotnisku w Pyrzowicach oraz na poligonie w Hubach.<\/p>\n\n\n\n<p>W ostatnim czasie Prima wraz ze swoim opiekunem przewodnikiem doskonali\u0142a swoje umiej\u0119tno\u015bci na poligonie treningowym Polskiego Zwi\u0105zku Mi\u0142o\u015bnik\u00f3w Psa U\u017cytkowego w Hubach, gdzie pod czujnym okiem niezwykle do\u015bwiadczonego szkoleniowca i trenera Dariusza Makowskiego musia\u0142a pokona\u0107 tor przeszk\u00f3d i odnale\u017a\u0107 \u015brodki odurzaj\u0105ce.<\/p>\n\n\n\n<p>\u2013 <em>\u201eCelem szkolenia jest mi\u0119dzy innymi podniesienie warto\u015bci u\u017cytkowej ps\u00f3w oraz wzajemna wymiana do\u015bwiadcze\u0144 mi\u0119dzy przewodnikami z r\u00f3\u017cnych s\u0142u\u017cb mundurowych, oraz rozw\u00f3j kynologii s\u0142u\u017cbowej w Polsce\u201d<\/em> \u2013 m\u00f3wi organizator szkolenia Dariusz Makowski z PZMPU.<\/p>\n\n\n\n<p>\u2013<em> \u201eChcieliby\u015bmy, aby w przysz\u0142o\u015bci Polska Kynologia S\u0142u\u017cbowa by\u0142a wzorem do na\u015bladowania dla innych, jednak \u017ceby to osi\u0105gn\u0105\u0107, potrzeba wielu lat ci\u0119\u017ckiej i wsp\u00f3lnej pracy wszystkich s\u0142u\u017cb korzystaj\u0105cych z umiej\u0119tno\u015bci ps\u00f3w s\u0142u\u017cbowych. Zdobywanie i poszerzanie wiedzy w ww. zakresie umo\u017cliwi funkcjonariuszom i \u017co\u0142nierzom skuteczn\u0105 realizacj\u0119 czynno\u015bci s\u0142u\u017cbowych<\/em>\u201d \u2013 dodaje Pan Dariusz.<\/p>\n\n\n\n<figure class=\"wp-block-gallery columns-3 is-cropped wp-block-gallery-1 is-layout-flex wp-block-gallery-is-layout-flex\"><ul class=\"blocks-gallery-grid\"><li class=\"blocks-gallery-item\"><figure><a href=\"https:\/\/gazetaregionalna.com\/wp-content\/uploads\/2021\/08\/Szkolenie-3.png\"><img decoding=\"async\" width=\"526\" height=\"707\" data-src=\"https:\/\/gazetaregionalna.com\/wp-content\/uploads\/2021\/08\/Szkolenie-3.png\" alt=\"Szkolenie 3\" data-id=\"50433\" data-full-url=\"https:\/\/gazetaregionalna.com\/wp-content\/uploads\/2021\/08\/Szkolenie-3.png\" data-link=\"https:\/\/gazetaregionalna.com\/?attachment_id=50433\" class=\"wp-image-50433 lazyload\" data-srcset=\"https:\/\/gazetaregionalna.com\/wp-content\/uploads\/2021\/08\/Szkolenie-3.png 526w, https:\/\/gazetaregionalna.com\/wp-content\/uploads\/2021\/08\/Szkolenie-3-223x300.png 223w, https:\/\/gazetaregionalna.com\/wp-content\/uploads\/2021\/08\/Szkolenie-3-312x420.png 312w\" data-sizes=\"(max-width: 526px) 100vw, 526px\" src=\"data:image\/svg+xml;base64,PHN2ZyB3aWR0aD0iMSIgaGVpZ2h0PSIxIiB4bWxucz0iaHR0cDovL3d3dy53My5vcmcvMjAwMC9zdmciPjwvc3ZnPg==\" style=\"--smush-placeholder-width: 526px; --smush-placeholder-aspect-ratio: 526\/707;\" \/><\/a><\/figure><\/li><li class=\"blocks-gallery-item\"><figure><a href=\"https:\/\/gazetaregionalna.com\/wp-content\/uploads\/2021\/08\/Szkolenie-1.jpg\"><img decoding=\"async\" width=\"768\" height=\"1024\" data-src=\"https:\/\/gazetaregionalna.com\/wp-content\/uploads\/2021\/08\/Szkolenie-1-768x1024.jpg\" alt=\"Szkolenie 1\" data-id=\"50431\" data-full-url=\"https:\/\/gazetaregionalna.com\/wp-content\/uploads\/2021\/08\/Szkolenie-1.jpg\" data-link=\"https:\/\/gazetaregionalna.com\/?attachment_id=50431\" class=\"wp-image-50431 lazyload\" data-srcset=\"https:\/\/gazetaregionalna.com\/wp-content\/uploads\/2021\/08\/Szkolenie-1-768x1024.jpg 768w, https:\/\/gazetaregionalna.com\/wp-content\/uploads\/2021\/08\/Szkolenie-1-225x300.jpg 225w, https:\/\/gazetaregionalna.com\/wp-content\/uploads\/2021\/08\/Szkolenie-1-696x928.jpg 696w, https:\/\/gazetaregionalna.com\/wp-content\/uploads\/2021\/08\/Szkolenie-1-1068x1424.jpg 1068w, https:\/\/gazetaregionalna.com\/wp-content\/uploads\/2021\/08\/Szkolenie-1-315x420.jpg 315w, https:\/\/gazetaregionalna.com\/wp-content\/uploads\/2021\/08\/Szkolenie-1.jpg 1080w\" data-sizes=\"(max-width: 768px) 100vw, 768px\" src=\"data:image\/svg+xml;base64,PHN2ZyB3aWR0aD0iMSIgaGVpZ2h0PSIxIiB4bWxucz0iaHR0cDovL3d3dy53My5vcmcvMjAwMC9zdmciPjwvc3ZnPg==\" style=\"--smush-placeholder-width: 768px; --smush-placeholder-aspect-ratio: 768\/1024;\" \/><\/a><\/figure><\/li><li class=\"blocks-gallery-item\"><figure><a href=\"https:\/\/gazetaregionalna.com\/wp-content\/uploads\/2021\/08\/Szkolenie-4.jpg\"><img decoding=\"async\" width=\"800\" height=\"600\" data-src=\"https:\/\/gazetaregionalna.com\/wp-content\/uploads\/2021\/08\/Szkolenie-4.jpg\" alt=\"Szkolenie 4\" data-id=\"50434\" data-full-url=\"https:\/\/gazetaregionalna.com\/wp-content\/uploads\/2021\/08\/Szkolenie-4.jpg\" data-link=\"https:\/\/gazetaregionalna.com\/?attachment_id=50434\" class=\"wp-image-50434 lazyload\" data-srcset=\"https:\/\/gazetaregionalna.com\/wp-content\/uploads\/2021\/08\/Szkolenie-4.jpg 800w, https:\/\/gazetaregionalna.com\/wp-content\/uploads\/2021\/08\/Szkolenie-4-300x225.jpg 300w, https:\/\/gazetaregionalna.com\/wp-content\/uploads\/2021\/08\/Szkolenie-4-768x576.jpg 768w, https:\/\/gazetaregionalna.com\/wp-content\/uploads\/2021\/08\/Szkolenie-4-696x522.jpg 696w, https:\/\/gazetaregionalna.com\/wp-content\/uploads\/2021\/08\/Szkolenie-4-560x420.jpg 560w, https:\/\/gazetaregionalna.com\/wp-content\/uploads\/2021\/08\/Szkolenie-4-80x60.jpg 80w, https:\/\/gazetaregionalna.com\/wp-content\/uploads\/2021\/08\/Szkolenie-4-265x198.jpg 265w\" data-sizes=\"(max-width: 800px) 100vw, 800px\" src=\"data:image\/svg+xml;base64,PHN2ZyB3aWR0aD0iMSIgaGVpZ2h0PSIxIiB4bWxucz0iaHR0cDovL3d3dy53My5vcmcvMjAwMC9zdmciPjwvc3ZnPg==\" style=\"--smush-placeholder-width: 800px; --smush-placeholder-aspect-ratio: 800\/600;\" \/><\/a><\/figure><\/li><\/ul><figcaption class=\"blocks-gallery-caption\">fot. Cz\u0119stochowska Stra\u017c Miejska<\/figcaption><\/figure>\n","protected":false},"excerpt":{"rendered":"<p>Prima, suczka \u201efunkcjonariusz\u201d z cz\u0119stochowskiej Stra\u017cy Miejskiej \u0107wiczy\u0142a swoje umiej\u0119tno\u015bci w Hubach w wykrywaniu narkotyk\u00f3w i materia\u0142\u00f3w wybuchowych. To ju\u017c kolejne szkolenie psa s\u0142u\u017cbowego<\/p>\n","protected":false},"author":12,"featured_media":50430,"comment_status":"open","ping_status":"open","sticky":false,"template":"","format":"standard","meta":{"_monsterinsights_skip_tracking":false,"_monsterinsights_sitenote_active":false,"_monsterinsights_sitenote_note":"","_monsterinsights_sitenote_category":0,"_uf_show_specific_survey":0,"_uf_disable_surveys":false,"footnotes":""},"categories":[44,3,94,2],"tags":[2537,410],"class_list":["post-50429","post","type-post","status-publish","format-standard","has-post-thumbnail","hentry","category-bezpieczenstwo","category-czestochowa-informacje","category-polecane","category-wiadomosci","tag-prima","tag-straz-miejska-w-czestochowie"],"_links":{"self":[{"href":"https:\/\/gazetaregionalna.com\/index.php?rest_route=\/wp\/v2\/posts\/50429","targetHints":{"allow":["GET"]}}],"collection":[{"href":"https:\/\/gazetaregionalna.com\/index.php?rest_route=\/wp\/v2\/posts"}],"about":[{"href":"https:\/\/gazetaregionalna.com\/index.php?rest_route=\/wp\/v2\/types\/post"}],"author":[{"embeddable":true,"href":"https:\/\/gazetaregionalna.com\/index.php?rest_route=\/wp\/v2\/users\/12"}],"replies":[{"embeddable":true,"href":"https:\/\/gazetaregionalna.com\/index.php?rest_route=%2Fwp%2Fv2%2Fcomments&post=50429"}],"version-history":[{"count":1,"href":"https:\/\/gazetaregionalna.com\/index.php?rest_route=\/wp\/v2\/posts\/50429\/revisions"}],"predecessor-version":[{"id":50435,"href":"https:\/\/gazetaregionalna.com\/index.php?rest_route=\/wp\/v2\/posts\/50429\/revisions\/50435"}],"wp:featuredmedia":[{"embeddable":true,"href":"https:\/\/gazetaregionalna.com\/index.php?rest_route=\/wp\/v2\/media\/50430"}],"wp:attachment":[{"href":"https:\/\/gazetaregionalna.com\/index.php?rest_route=%2Fwp%2Fv2%2Fmedia&parent=50429"}],"wp:term":[{"taxonomy":"category","embeddable":true,"href":"https:\/\/gazetaregionalna.com\/index.php?rest_route=%2Fwp%2Fv2%2Fcategories&post=50429"},{"taxonomy":"post_tag","embeddable":true,"href":"https:\/\/gazetaregionalna.com\/index.php?rest_route=%2Fwp%2Fv2%2Ftags&post=50429"}],"curies":[{"name":"wp","href":"https:\/\/api.w.org\/{rel}","templated":true}]}}