{"id":50421,"date":"2021-08-06T20:11:21","date_gmt":"2021-08-06T20:11:21","guid":{"rendered":"https:\/\/gazetaregionalna.com\/?p=50421"},"modified":"2021-08-06T20:11:22","modified_gmt":"2021-08-06T20:11:22","slug":"parne-lato-na-tarasach","status":"publish","type":"post","link":"https:\/\/gazetaregionalna.com\/?p=50421","title":{"rendered":"&#8222;Parne lato&#8221; na tarasach cz\u0119stochowskiej Miejskiej Galerii Sztuki"},"content":{"rendered":"\n<h2 class=\"wp-block-heading\">W niedziel\u0119, 8 sierpnia warto odwiedzi\u0107 tarasy Miejskiej Galerii Sztuki w Cz\u0119stochowie. Tam zaplanowano wydarzenie pod has\u0142em &#8222;Parne lato&#8221;.<\/h2>\n\n\n\n<p>&#8222;Relax Art Space&#8221; to przestrze\u0144 dla sztuki i wymiany my\u015bli zainicjowana przez m\u0142ode, cz\u0119stochowskie artystki Agat\u0119 Lankamer i Emili\u0119 Dudziec. Pod tym szyldem w 2019 r. zorganizowano &#8222;Poprawk\u0119&#8221; (w ramach Nocy Kulturalnej), a w 2020 r. &#8211; &#8222;Regeneracj\u0119 po zranieniu&#8221;. <\/p>\n\n\n\n<p>W tym roku, dzi\u0119ki wsp\u00f3\u0142pracy z Miejsk\u0105 Galeri\u0105 Sztuki w Cz\u0119stochowie, realizacji doczeka si\u0119 &#8222;Parne lato&#8221;. Wydarzenie odb\u0119dzie si\u0119 w niedziel\u0119, 8 sierpnia na tarasach gmachu przy Al. NMP 64. Zaplanowano je od godz. 18 do 20. <\/p>\n\n\n\n<figure class=\"wp-block-image size-large\"><img decoding=\"async\" width=\"724\" height=\"1024\" data-src=\"https:\/\/gazetaregionalna.com\/wp-content\/uploads\/2021\/08\/relax-724x1024.png\" alt=\"\" class=\"wp-image-50424 lazyload\" data-srcset=\"https:\/\/gazetaregionalna.com\/wp-content\/uploads\/2021\/08\/relax-724x1024.png 724w, https:\/\/gazetaregionalna.com\/wp-content\/uploads\/2021\/08\/relax-212x300.png 212w, https:\/\/gazetaregionalna.com\/wp-content\/uploads\/2021\/08\/relax-768x1087.png 768w, https:\/\/gazetaregionalna.com\/wp-content\/uploads\/2021\/08\/relax-1085x1536.png 1085w, https:\/\/gazetaregionalna.com\/wp-content\/uploads\/2021\/08\/relax-696x985.png 696w, https:\/\/gazetaregionalna.com\/wp-content\/uploads\/2021\/08\/relax-1068x1512.png 1068w, https:\/\/gazetaregionalna.com\/wp-content\/uploads\/2021\/08\/relax-297x420.png 297w, https:\/\/gazetaregionalna.com\/wp-content\/uploads\/2021\/08\/relax.png 1130w\" data-sizes=\"(max-width: 724px) 100vw, 724px\" src=\"data:image\/svg+xml;base64,PHN2ZyB3aWR0aD0iMSIgaGVpZ2h0PSIxIiB4bWxucz0iaHR0cDovL3d3dy53My5vcmcvMjAwMC9zdmciPjwvc3ZnPg==\" style=\"--smush-placeholder-width: 724px; --smush-placeholder-aspect-ratio: 724\/1024;\" \/><figcaption>&#8222;Parne Lato&#8221; (mat. prasowe)<\/figcaption><\/figure>\n\n\n\n<p>Co z\u0142o\u017cy si\u0119 na program artystycznej propozycji? &#8222;Metalowa Autofotografia&#8221; Marka Rachwalika, &#8222;Dyskusja metalowc\u00f3w&#8221; (tj. wspomnianego Rachwalika i Ma\u0107ka Cholewy,kt\u00f3rej moderatork\u0105 b\u0119dzie Lankamer) oraz &#8222;Imperatyw r\u0119kodzielniczy&#8221; (Piotr Policht opowie o wykorzystaniu r\u0119kodzielniczych i transparentowych form w dzianiach artystyczno-aktywistycznych, a rozmow\u0119 poprowadzi Dudziec).<\/p>\n\n\n\n<p><strong>ZS<\/strong><\/p>\n\n\n\n<p><strong><a href=\"https:\/\/gazetaregionalna.com\/z-milosci-i-wiatru-galeria-zdjec\/\">Czytaj tak\u017ce: Parada koni zainaugurowa\u0142a w Cz\u0119stochowie wystaw\u0119 \u201cZ mi\u0142o\u015bci i wiatru\u201d [GALERIA ZDJ\u0118\u0106]<\/a><\/strong><\/p>\n","protected":false},"excerpt":{"rendered":"<p>W niedziel\u0119, 8 sierpnia warto odwiedzi\u0107 tarasy Miejskiej Galerii Sztuki w Cz\u0119stochowie. Tam zaplanowano wydarzenie pod has\u0142em &#8222;Parne lato&#8221;. &#8222;Relax Art Space&#8221; to przestrze\u0144<\/p>\n","protected":false},"author":18,"featured_media":50423,"comment_status":"open","ping_status":"open","sticky":false,"template":"","format":"standard","meta":{"_monsterinsights_skip_tracking":false,"_monsterinsights_sitenote_active":false,"_monsterinsights_sitenote_note":"","_monsterinsights_sitenote_category":0,"_uf_show_specific_survey":0,"_uf_disable_surveys":false,"footnotes":""},"categories":[3,12,2],"tags":[643],"class_list":["post-50421","post","type-post","status-publish","format-standard","has-post-thumbnail","hentry","category-czestochowa-informacje","category-kultura-i-rozrywka","category-wiadomosci","tag-miejska-galeria-sztuki"],"_links":{"self":[{"href":"https:\/\/gazetaregionalna.com\/index.php?rest_route=\/wp\/v2\/posts\/50421","targetHints":{"allow":["GET"]}}],"collection":[{"href":"https:\/\/gazetaregionalna.com\/index.php?rest_route=\/wp\/v2\/posts"}],"about":[{"href":"https:\/\/gazetaregionalna.com\/index.php?rest_route=\/wp\/v2\/types\/post"}],"author":[{"embeddable":true,"href":"https:\/\/gazetaregionalna.com\/index.php?rest_route=\/wp\/v2\/users\/18"}],"replies":[{"embeddable":true,"href":"https:\/\/gazetaregionalna.com\/index.php?rest_route=%2Fwp%2Fv2%2Fcomments&post=50421"}],"version-history":[{"count":2,"href":"https:\/\/gazetaregionalna.com\/index.php?rest_route=\/wp\/v2\/posts\/50421\/revisions"}],"predecessor-version":[{"id":50425,"href":"https:\/\/gazetaregionalna.com\/index.php?rest_route=\/wp\/v2\/posts\/50421\/revisions\/50425"}],"wp:featuredmedia":[{"embeddable":true,"href":"https:\/\/gazetaregionalna.com\/index.php?rest_route=\/wp\/v2\/media\/50423"}],"wp:attachment":[{"href":"https:\/\/gazetaregionalna.com\/index.php?rest_route=%2Fwp%2Fv2%2Fmedia&parent=50421"}],"wp:term":[{"taxonomy":"category","embeddable":true,"href":"https:\/\/gazetaregionalna.com\/index.php?rest_route=%2Fwp%2Fv2%2Fcategories&post=50421"},{"taxonomy":"post_tag","embeddable":true,"href":"https:\/\/gazetaregionalna.com\/index.php?rest_route=%2Fwp%2Fv2%2Ftags&post=50421"}],"curies":[{"name":"wp","href":"https:\/\/api.w.org\/{rel}","templated":true}]}}