{"id":504,"date":"2018-09-18T09:23:07","date_gmt":"2018-09-18T09:23:07","guid":{"rendered":"http:\/\/gazetaregionalna.com\/?p=504"},"modified":"2018-09-18T09:23:07","modified_gmt":"2018-09-18T09:23:07","slug":"v-festiwal-peron-czestochowa","status":"publish","type":"post","link":"https:\/\/gazetaregionalna.com\/?p=504","title":{"rendered":"V Festiwal \u201ePeron Cz\u0119stochowa\u201d"},"content":{"rendered":"<p>&nbsp;<\/p>\n<p>V Festiwal \u201ePeron Cz\u0119stochowa\u201d &#8211; z corocznym konkursem fotograficznym. Prace konkursowe mog\u0105 przesy\u0142a\u0107 zar\u00f3wno amatorzy jak i profesjonali\u015bci.<\/p>\n<p>Nazwa festiwalu nawi\u0105zuje do najd\u0142u\u017cszego peronu w Polsce, kt\u00f3ry jest w\u0142a\u015bnie w Cz\u0119stochowie.<\/p>\n<p>Poza wystaw\u0105 prac konkursowych, organizatorzy zapewniaj\u0105 inne aktrakcje.<\/p>\n<p>Konkurs fotograficzny w ramach Festiwalu \u201ePeron Cz\u0119stochowy\u201d zawsze cieszy si\u0119 du\u017cym zainteresowaniem. W pierwszej i drugiej edycji nades\u0142ano ponad 1670 zdj\u0119\u0107, trzecia edycja zebra\u0142a nieco mniej bo 975 prac, natomiast czwarta zebra\u0142a 1374 zdj\u0119cia i 9 fotoreporta\u017cy.<\/p>\n<p>Cele konkurus jest ten sam \u2013 inne, tw\u00f3rcze spojrzenie przez obiektyw na Cz\u0119stochow\u0119. Prace mog\u0105 przesy\u0142a\u0107 zar\u00f3wno profesjonalni fotografowie jak i amatorzy. Poza uj\u0119ciami panoramicznymi, mo\u017cna wys\u0142a\u0107 zdj\u0119cia z wszelkich wydarze\u0144 sportowych, kulturalnych czy takichy, kt\u00f3re pokazuj\u0105 codzienne \u017cycie w mie\u015bcie. Mog\u0105 to by\u0107 tak\u017ce portrety, obiekty, kt\u00f3re wzbudzaj\u0105 ciekawo\u015b\u0107 lub detale. Zdj\u0119cia powinny by\u0107 wykonane w Cz\u0119stochowie na przestrzeni dw\u00f3ch ostatnich lat. Ka\u017cdy zainteresowany mo\u017ce przes\u0142a\u0107 do 10 fotografii lub fotoreporta\u017cy, wykonanych w technice czarno-bia\u0142ej lub kolorowej. Fotoreporta\u017c to maksymalnie siedem zdj\u0119\u0107. Warto wiedzie\u0107, \u017ce zdj\u0119\u0107 nagrodzonych w innych konkursach nie mo\u017cna wysy\u0142a\u0107.<\/p>\n<p>Termin nadsy\u0142ania zg\u0142osze\u0144 up\u0142ywa 20 wrze\u015bnia. Nale\u017cy je wysy\u0142a\u0107 mailowo na adres galeriateatrufrompoland@vp.pl<\/p>\n<p>Jury konkursu oceni wszystkie nades\u0142ane fotografie, a na najlepszych autor\u00f3w czekaj\u0105 nagrody finansowe. Najlepsze prace trafia na wystaw\u0119.<\/p>\n<p>Ca\u0142y projekt dofinansowany jest przez Urz\u0105d Miasta Cz\u0119stochowy.<\/p>\n<p>Po\u015br\u00f3d atrakcji zaplanowano dla m\u0142odzie\u017cy szkolnej oraz student\u00f3w, trzeci\u0105 edycj\u0119 konkursu \u201eGra z Cz\u0119stochow\u0105 w tle\u201d oraz drug\u0105 edycj\u0119 gry miejskiej. B\u0119dzie te\u017c wystawa zbiorowa \u201ePrzestrze\u0144 intymna\u201d, instalacja \u201eOczekiwanie\u201d oraz muzyczny Legion of Power. Wydarzenie rozpocznie si\u0119 27 wrze\u015bnia plenerow\u0105 gr\u0105 miejsk\u0105 i wystaw\u0105 rysunku spod Dworca PKP, natomiast 5 pa\u017adziernika w lokalu Scena TFP zako\u0144czy si\u0119 impreza.<\/p>\n","protected":false},"excerpt":{"rendered":"<p>&nbsp; V Festiwal \u201ePeron Cz\u0119stochowa\u201d &#8211; z corocznym konkursem fotograficznym. Prace konkursowe mog\u0105 przesy\u0142a\u0107 zar\u00f3wno amatorzy jak i profesjonali\u015bci. Nazwa festiwalu nawi\u0105zuje do najd\u0142u\u017cszego<\/p>\n","protected":false},"author":3,"featured_media":0,"comment_status":"open","ping_status":"closed","sticky":false,"template":"","format":"standard","meta":{"_monsterinsights_skip_tracking":false,"_monsterinsights_sitenote_active":false,"_monsterinsights_sitenote_note":"","_monsterinsights_sitenote_category":0,"_uf_show_specific_survey":0,"_uf_disable_surveys":false,"footnotes":""},"categories":[3,12,13],"tags":[],"class_list":["post-504","post","type-post","status-publish","format-standard","hentry","category-czestochowa-informacje","category-kultura-i-rozrywka","category-wydarzenia"],"_links":{"self":[{"href":"https:\/\/gazetaregionalna.com\/index.php?rest_route=\/wp\/v2\/posts\/504","targetHints":{"allow":["GET"]}}],"collection":[{"href":"https:\/\/gazetaregionalna.com\/index.php?rest_route=\/wp\/v2\/posts"}],"about":[{"href":"https:\/\/gazetaregionalna.com\/index.php?rest_route=\/wp\/v2\/types\/post"}],"author":[{"embeddable":true,"href":"https:\/\/gazetaregionalna.com\/index.php?rest_route=\/wp\/v2\/users\/3"}],"replies":[{"embeddable":true,"href":"https:\/\/gazetaregionalna.com\/index.php?rest_route=%2Fwp%2Fv2%2Fcomments&post=504"}],"version-history":[{"count":1,"href":"https:\/\/gazetaregionalna.com\/index.php?rest_route=\/wp\/v2\/posts\/504\/revisions"}],"predecessor-version":[{"id":506,"href":"https:\/\/gazetaregionalna.com\/index.php?rest_route=\/wp\/v2\/posts\/504\/revisions\/506"}],"wp:attachment":[{"href":"https:\/\/gazetaregionalna.com\/index.php?rest_route=%2Fwp%2Fv2%2Fmedia&parent=504"}],"wp:term":[{"taxonomy":"category","embeddable":true,"href":"https:\/\/gazetaregionalna.com\/index.php?rest_route=%2Fwp%2Fv2%2Fcategories&post=504"},{"taxonomy":"post_tag","embeddable":true,"href":"https:\/\/gazetaregionalna.com\/index.php?rest_route=%2Fwp%2Fv2%2Ftags&post=504"}],"curies":[{"name":"wp","href":"https:\/\/api.w.org\/{rel}","templated":true}]}}