{"id":501,"date":"2018-09-18T07:30:52","date_gmt":"2018-09-18T07:30:52","guid":{"rendered":"http:\/\/gazetaregionalna.com\/?p=501"},"modified":"2018-09-18T07:30:52","modified_gmt":"2018-09-18T07:30:52","slug":"miedzynarodowy-dzien-i-tydzien-mediacji","status":"publish","type":"post","link":"https:\/\/gazetaregionalna.com\/?p=501","title":{"rendered":"Mi\u0119dzynarodowy dzie\u0144 i tydzie\u0144 mediacji"},"content":{"rendered":"<p>&nbsp;<\/p>\n<p>&nbsp;<\/p>\n<p>W tym roku Mi\u0119dzynarodowy Dzie\u0144 Mediacji przypada na dzie\u0144 18 pa\u017adziernika 2018 r., natomiast Tydzie\u0144 Mediacji odb\u0119dzie si\u0119 w dniach od 15 do 19 pa\u017adziernika 2018 r. Og\u00f3lnopolska inicjatywa ma na celu upowszechnienie idei mediacji, jako narz\u0119dzia rozwi\u0105zywania konflikt\u00f3w na gruncie karnym.<\/p>\n<p>Wzorem lat ubieg\u0142ych, obchody b\u0119d\u0105 mia\u0142y na celu w\u0142\u0105czenie lokalnych \u015brodowisk do dzia\u0142a\u0144 prowadzonych przez prezes\u00f3w s\u0105d\u00f3w, koordynator\u00f3w do spraw mediacji oraz s\u0119dzi\u00f3w, jak r\u00f3wnie\u017c wsp\u00f3\u0142pracy pomi\u0119dzy o\u015brodkami mediacyjnymi a wymiarem sprawiedliwo\u015bci. Informacje o dzia\u0142aniach lokalnych b\u0119d\u0105 publikowane na stronach internetowych w\u0142a\u015bciwych s\u0105d\u00f3w okr\u0119gowych, a linki do nich znajd\u0105 si\u0119 na witrynie Ministerstwa Sprawiedliwo\u015bci.<\/p>\n<p>Podobnie jak w latach poprzednich, policjanci w\u0142\u0105cz\u0105 si\u0119 do dzia\u0142a\u0144 propaguj\u0105cych ide\u0119 pozas\u0105dowego rozwi\u0105zywania spor\u00f3w i mediacji, staraj\u0105c si\u0119 dotrze\u0107 do jak najszerszego grona os\u00f3b. Mundurowi b\u0119d\u0105 uczestniczyli w spotkaniach, konferencjach, prelekcjach i warsztatach o tematyce mediacyjnej. Ich celem b\u0119dzie dotarcie z ide\u0105 pozas\u0105dowego rozwi\u0105zywania spor\u00f3w do jak najszerszego grona os\u00f3b.<\/p>\n<p>Przez ca\u0142y tydzie\u0144 w s\u0105dach, jednostkach policji i w organizacjach pozarz\u0105dowych b\u0119d\u0105 udzielane bezp\u0142atne porady mediator\u00f3w.<\/p>\n<p>Mediacja, to pr\u00f3ba doprowadzenia do ugodowego, satysfakcjonuj\u0105cego strony rozwi\u0105zania sporu na drodze dobrowolnych negocjacji, prowadzonych przy udziale neutralnego i bezstronnego mediatora. Wspiera on przebieg negocjacji, \u0142agodzi powstaj\u0105ce napi\u0119cia i pomaga w doj\u015bciu do porozumienia. Ka\u017cdy z obywateli ma do niej prawo. W wi\u0119kszo\u015bci kraj\u00f3w na \u015bwiecie jest ona powszechnie uznawan\u0105 i stosowan\u0105 metod\u0105 rozwi\u0105zywania spor\u00f3w.<\/p>\n<p>Mi\u0119dzynarodowy Tydzie\u0144 i Dzie\u0144 mediacji jest inicjatyw\u0105 cykliczn\u0105, przeprowadzan\u0105 co roku przez \u015brodowiska prawnicze. Organizatorzy chc\u0105 w ten spos\u00f3b u\u015bwiadomi\u0107 stronom uczestnicz\u0105cym w sporze, \u017ce maj\u0105 prawo do mediacji zanim jeszcze spraw\u0119 przejmie s\u0105d i w konsekwencji podejmie arbitraln\u0105 decyzj\u0119. A, jak podkre\u015blaj\u0105 prawnicy, rozstrzygni\u0119cie konfliktu poprzez mediacj\u0119, czyli bezpo\u015brednio przez zwa\u015bnione strony, zawsze jest lepsze od wyroku s\u0105du, poniewa\u017c jest kompromisem, do kt\u00f3rego doszli sami zainteresowani.<\/p>\n","protected":false},"excerpt":{"rendered":"<p>&nbsp; &nbsp; W tym roku Mi\u0119dzynarodowy Dzie\u0144 Mediacji przypada na dzie\u0144 18 pa\u017adziernika 2018 r., natomiast Tydzie\u0144 Mediacji odb\u0119dzie si\u0119 w dniach od 15<\/p>\n","protected":false},"author":3,"featured_media":0,"comment_status":"open","ping_status":"closed","sticky":false,"template":"","format":"standard","meta":{"_monsterinsights_skip_tracking":false,"_monsterinsights_sitenote_active":false,"_monsterinsights_sitenote_note":"","_monsterinsights_sitenote_category":0,"_uf_show_specific_survey":0,"_uf_disable_surveys":false,"footnotes":""},"categories":[4,2],"tags":[],"class_list":["post-501","post","type-post","status-publish","format-standard","hentry","category-region","category-wiadomosci"],"_links":{"self":[{"href":"https:\/\/gazetaregionalna.com\/index.php?rest_route=\/wp\/v2\/posts\/501","targetHints":{"allow":["GET"]}}],"collection":[{"href":"https:\/\/gazetaregionalna.com\/index.php?rest_route=\/wp\/v2\/posts"}],"about":[{"href":"https:\/\/gazetaregionalna.com\/index.php?rest_route=\/wp\/v2\/types\/post"}],"author":[{"embeddable":true,"href":"https:\/\/gazetaregionalna.com\/index.php?rest_route=\/wp\/v2\/users\/3"}],"replies":[{"embeddable":true,"href":"https:\/\/gazetaregionalna.com\/index.php?rest_route=%2Fwp%2Fv2%2Fcomments&post=501"}],"version-history":[{"count":1,"href":"https:\/\/gazetaregionalna.com\/index.php?rest_route=\/wp\/v2\/posts\/501\/revisions"}],"predecessor-version":[{"id":503,"href":"https:\/\/gazetaregionalna.com\/index.php?rest_route=\/wp\/v2\/posts\/501\/revisions\/503"}],"wp:attachment":[{"href":"https:\/\/gazetaregionalna.com\/index.php?rest_route=%2Fwp%2Fv2%2Fmedia&parent=501"}],"wp:term":[{"taxonomy":"category","embeddable":true,"href":"https:\/\/gazetaregionalna.com\/index.php?rest_route=%2Fwp%2Fv2%2Fcategories&post=501"},{"taxonomy":"post_tag","embeddable":true,"href":"https:\/\/gazetaregionalna.com\/index.php?rest_route=%2Fwp%2Fv2%2Ftags&post=501"}],"curies":[{"name":"wp","href":"https:\/\/api.w.org\/{rel}","templated":true}]}}